{"id":583653,"date":"2024-12-17T14:03:26","date_gmt":"2024-12-17T18:03:26","guid":{"rendered":"https:\/\/diariodominicano.com\/?p=583653"},"modified":"2024-12-17T14:03:33","modified_gmt":"2024-12-17T18:03:33","slug":"la-navidad-suena-mejor-con-samsung","status":"publish","type":"post","link":"https:\/\/diariodominicano.com\/?p=583653","title":{"rendered":"La Navidad suena mejor con Samsung\u00a0"},"content":{"rendered":"\n<p><em>Las barras de sonido incorporan tecnolog\u00edas como Dolby Atmos y DTS:X, que proporcionan una experiencia de sonido envolvente tridimensional<\/em><\/p>\n\n\n\n<p><strong>Santo Domingo, RD. Diciembre de 2024 \u2013<\/strong> La Navidad, esa temporada de alegr\u00eda y festividad, nos invita a reunirnos con nuestros seres queridos, compartir momentos memorables y sumergirnos en su atm\u00f3sfera m\u00e1gica. En el coraz\u00f3n de esta magia, la m\u00fasica navide\u00f1a juega un papel fundamental.<\/p>\n\n\n\n<p>Cl\u00e1sicos como \u201cJingle Bells\u201d, \u201cEl tamborilero\u201d, \u201cNoche de Paz\u201d y \u201cAll I Want for Christmas Is You\u201d se han arraigado en nuestras celebraciones, con melod\u00edas que nos llevan a un mundo de ilusi\u00f3n y fantas\u00eda. Estas canciones, con su ritmo contagioso y letras entra\u00f1ables, son m\u00e1s que simples melod\u00edas; son veh\u00edculos que nos transportan a la esencia de la Navidad.<\/p>\n\n\n\n<figure class=\"wp-block-image\"><img decoding=\"async\" src=\"https:\/\/diariodominicano.com\/wp-content\/uploads\/2024\/12\/Music-Frame-1024x455.png\" alt=\"\"\/><\/figure>\n\n\n\n<p>En la evoluci\u00f3n de c\u00f3mo disfrutamos de estas melod\u00edas, hemos pasado de tocadiscos y casetes a avanzadas tecnolog\u00edas que simplifican la forma en que experimentamos la m\u00fasica. Un ejemplo destacado son las <a href=\"https:\/\/www.samsung.com\/latin\/audio-devices\/\">barras de sonido de Samsung<\/a>, que representan una revoluci\u00f3n en la calidad sonora. Con tecnolog\u00edas como Dolby Atmos y DTS:X, ofrecen una experiencia auditiva tridimensional, similar a estar en un concierto en vivo.<\/p>\n\n\n\n<figure class=\"wp-block-image\"><img decoding=\"async\" src=\"https:\/\/diariodominicano.com\/wp-content\/uploads\/2024\/12\/Music-Frame_LSI_01-a_Photo-Frame-1024x768.jpg\" alt=\"\"\/><\/figure>\n\n\n\n<p>Estas soundbars no solo sobresalen por su capacidad envolvente sino tambi\u00e9n por su potencia, permiti\u00e9ndonos disfrutar de nuestras canciones navide\u00f1as favoritas con una claridad asombrosa, sin distorsiones, incluso a alto volumen. As\u00ed, la tecnolog\u00eda Samsung se convierte en el aliado perfecto para <a href=\"https:\/\/news.samsung.com\/latin\/la-navidad-suena-mejor-con-samsung\">llevar la magia navide\u00f1a a un nuevo nivel<\/a>.<\/p>\n\n\n\n<p>Las barras de sonido S, Q y Slim Bar ofrecen una amplia gama de opciones para adaptarse a cualquier espacio y preferencia, desde dise\u00f1os compactos y discretos hasta sistemas de sonido envolvente de alta gama.<\/p>\n\n\n\n<p>Y para complementar esta experiencia, Samsung tambi\u00e9n nos ofrece una el Music Frame, un dispositivo que combina la calidad de sonido de una barra de sonido con la belleza de un marco digital, permiti\u00e9ndonos disfrutar de nuestras canciones favoritas y de nuestras fotos navide\u00f1as favoritas al mismo tiempo.&nbsp;<\/p>\n\n\n\n<p><strong>Melod\u00edas que nos unen<\/strong><\/p>\n\n\n\n<p>La m\u00fasica navide\u00f1a captura la magia de estas fiestas, creando momentos de uni\u00f3n y alegr\u00eda. No solo acerca a las familias, sino que tambi\u00e9n conecta culturas, haciendo que ritmos t\u00edpicos de un pa\u00eds resuenen en rincones lejanos del mundo. En Samsung Newsroom Latinoam\u00e9rica, te invitamos a un viaje musical por nuestra regi\u00f3n, para descubrir esos g\u00e9neros y canciones que dan vida a nuestras navidades. As\u00ed que, no importa d\u00f3nde te encuentres, sube el volumen de tu barra de sonido y d\u00e9jate llevar por la m\u00fasica que llena el alma de felicidad.<\/p>\n\n\n\n<p><strong>Rep\u00fablica Dominicana<\/strong><\/p>\n\n\n\n<p>El pa\u00eds caribe\u00f1o destaca con su m\u00fasica por su ritmo contagioso y ese es el merengue, el g\u00e9nero musical de la naci\u00f3n y por supuesto que en Navidad es parte de la fiesta. Las canciones navide\u00f1as dominicanas son una mezcla de ritmos locales. Por supuesto que el sabor musical en estas festividades tiene que estar acompa\u00f1ado por los temas \u201cLa Nochebuena\u201d, \u201cNavidad que vuelve\u201d, \u201cEl Lech\u00f3n\u201d, entre otras canciones del fallecido F\u00e9lix del Rosario, uno de los m\u00e1s grandes exponentes del merengue.<\/p>\n\n\n\n<p><strong>Costa Rica<\/strong><\/p>\n\n\n\n<p>La m\u00fasica tradicional de Navidad en Costa Rica se caracteriza por su alegr\u00eda y su ambiente festivo. Los villancicos, canciones navide\u00f1as tradicionales, son los protagonistas de las celebraciones en el pa\u00eds, nunca faltan canciones como \u201cNoche de paz\u201d, \u201cLos peces en el r\u00edo\u201d, \u201cLa Marimorena\u201d, \u201cCampana sobre campana\u201d, entre otros. Aunque estos no son de autor\u00eda tica existen otros que s\u00ed, como: <a href=\"https:\/\/www.youtube.com\/watch?v=_4nVznxJImM\">\u00abA Bel\u00e9n\u00bb<\/a> y <a href=\"https:\/\/www.youtube.com\/watch?v=jkbpEHRLQx0\">\u00abA m\u00ed ni\u00f1o\u00bb<\/a>, ambos de la autor\u00eda de Juan Rafael Alfaro. Tambi\u00e9n es muy com\u00fan escuchar en estas fechas \u00abAmaneci\u00f3\u00bb, y \u00abTres reyes\u00bb, de Juan Carlos Ram\u00edrez.<\/p>\n\n\n\n<p><strong>Ecuador<\/strong><\/p>\n\n\n\n<p>\u00abDulce Jes\u00fas m\u00edo\u00bb, una pieza musical creada por Salvador Bustamante Celi, junto con \u00abClaveles y rosas\u00bb, compuesta por Fray Fernando de Jes\u00fas Larrea y D\u00e1valos, son himnos que capturan la esencia y la belleza de la Navidad. Estas canciones se han arraigado profundamente en las tradiciones navide\u00f1as, siendo especialmente populares durante las posadas. Las posadas son celebraciones distintivas de la temporada, donde grupos de personas recorren las calles, de puerta en puerta, entonando villancicos y solicitando hospedaje, recreando el viaje de Mar\u00eda y Jos\u00e9.&nbsp;<\/p>\n\n\n\n<p><strong>El Salvador<\/strong><\/p>\n\n\n\n<p>\u201cEl Ausente\u201d es una canci\u00f3n de la autor\u00eda del venezolano Pastor L\u00f3pez, sin embargo, los hermanos Flores realizaron una adaptaci\u00f3n al tema, el cual es muy escuchado en la cercan\u00eda de la Navidad y el fin de a\u00f1o en El Salvador. El conocido \u00e9xito musical tiene una emotiva letra para quienes viven estas fiestas navide\u00f1as lejos de su pa\u00eds y su familia. Es uno de los grandes \u00e9xitos de la agrupaci\u00f3n salvadore\u00f1a Los Hermanos Flores: \u201cOtro a\u00f1o que pasa y yo tan lejos, otra Navidad sin ver mi gente, madre yo te pido humildemente, que en el a\u00f1o nuevo me recuerdes\u201d, reza su letra. Una canci\u00f3n que no puede faltar en las casas de los salvadore\u00f1os para recordar a \u201clos hermanos lejanos\u201d.<\/p>\n\n\n\n<p><strong>Guatemala<\/strong><\/p>\n\n\n\n<p>La m\u00fasica navide\u00f1a es una parte importante de las celebraciones navide\u00f1as en Guatemala. Es una forma de compartir la alegr\u00eda y el esp\u00edritu navide\u00f1o con familiares y amigos. Adem\u00e1s de los tradicionales villancicos, tambi\u00e9n hay otros g\u00e9neros musicales que se asocian con la Navidad en este pa\u00eds. Por ejemplo, la marimba, un instrumento tradicional de origen africano, se suele tocar en las fiestas navide\u00f1as. Este es un instrumento popular, de percusi\u00f3n que se toca con baquetas y se utiliza en una variedad de g\u00e9neros musicales, incluyendo la m\u00fasica tradicional de Navidad.<\/p>\n\n\n\n<p><strong>Honduras<\/strong><\/p>\n\n\n\n<p>Iglesias, calles y casas de Honduras son invadidas por la m\u00fasica navide\u00f1a, una forma de celebrar la temporada y compartir la alegr\u00eda de las fiestas con los dem\u00e1s. A esto se suma algunos grupos folcl\u00f3ricos hondure\u00f1os, como Los Alegres Diablitos de Cop\u00e1n, quienes interpretan m\u00fasica navide\u00f1a tradicional con instrumentos como el viol\u00edn, la guitarra y el acorde\u00f3n.<\/p>\n\n\n\n<p><strong>Nicaragua<\/strong><\/p>\n\n\n\n<p>En las fiestas decembrina de Nicaragua es com\u00fan escuchar \u00abNavidad en Monimb\u00f3\u00bb, un villancico tradicional que cuenta la historia de la Navidad en el barrio de Monimb\u00f3, en la ciudad de Masaya. La m\u00fasica navide\u00f1a es una parte importante de la cultura nicarag\u00fcense, con al que celebran las fiestas en honor al nacimiento del Ni\u00f1o Dios y el fin de a\u00f1o.&nbsp;<\/p>\n\n\n\n<p><strong>Panam\u00e1<\/strong><\/p>\n\n\n\n<p>\u00abNoche Buena Paname\u00f1a\u00bb es uno de los villancicos m\u00e1s tradicionales de este pa\u00eds, el cual cuenta la historia de una nochebuena tradicional en ese pa\u00eds. La m\u00fasica es alegre y pegadiza. Adem\u00e1s, hay otros g\u00e9neros musicales que se asocian con la Navidad en Panam\u00e1. Por ejemplo, el son montuno, un ritmo caribe\u00f1o, muy popular en las fiestas decembrinas.<\/p>\n\n\n\n<p><strong>Puerto Rico<\/strong><\/p>\n\n\n\n<p>Jos\u00e9 Feliciano y Tito El Bambino adem\u00e1s de ser cantantes puertorrique\u00f1os, tienen otra cosa en com\u00fan y es que ambos artistas tienen una canci\u00f3n llamada \u201cFeliz Navidad\u201d. Una fue estrenada en 1970 y otra en 2009 y aunque son temas de la \u201cIsla del Encanto\u201d, se han apoderado de toda la regi\u00f3n latinoamericana, convirti\u00e9ndose en verdaderos cl\u00e1sicos para escucharlos en las fiestas de Navidad, los cuales no pueden faltar en tu playlist.&nbsp;<\/p>\n\n\n\n<p><strong>Venezuela<\/strong><\/p>\n\n\n\n<p>Con cadencia, maracas, charrasca, furro y tambora, en la celebraci\u00f3n navide\u00f1a de Venezuela no puede faltar una buena gaita, un ritmo tradicional de este pa\u00eds, con el que acostumbran a festejar en diciembre, acompa\u00f1ado tambi\u00e9n de los tradicionales aguinaldos, entre los que destacan: \u201cMi Burrito Sabanero\u201d de Hugo Blanco, \u201cEl Ni\u00f1o Jes\u00fas Llanero\u201d de Sim\u00f3n D\u00edaz y por supuesto \u201cFaltan cinco pa\u00b4 las 12\u201d, interpretado por N\u00e9stor Zavarce.<\/p>\n\n\n\n<p>###<\/p>\n\n\n\n<p>Para conocer las \u00faltimas noticias, por favor visite la Sala de Prensa de Samsung Electronics Central America &amp; Caribbean en <a href=\"http:\/\/news.samsung.com\/latin\">http:\/\/news.samsung.com\/latin<\/a> Por favor comparte tus comentarios en nuestras redes: Facebook <a href=\"https:\/\/m.facebook.com\/SamsungLatin\/\">SamsungLatin<\/a> Instagram&nbsp;<a href=\"https:\/\/www.instagram.com\/samsunglatin\/\">@SamsungLatin<\/a>&nbsp;y Twitter:&nbsp;<a href=\"https:\/\/twitter.com\/search?q=%40samsunglatin&amp;src=typd\">@SamsungLatin<\/a>.&nbsp;<\/p>\n\n\n\n<p>Te invitamos a que descubras los beneficios \u00fanicos y exclusivos que tiene Samsung para sus usuarios en nuestra APP&nbsp;<a href=\"https:\/\/protect2.fireeye.com\/v1\/url?k=006f85b5-5ff4bc3a-006e0efa-0cc47a31307c-4749c0450e269f31&amp;q=1&amp;e=20f5c5f9-a282-4236-87be-f3d2381f5008&amp;u=https%3A%2F%2Fbit.ly%2F358r1cI\">Samsung Members<\/a>&nbsp;<\/p>\n\n\n\n<figure class=\"wp-block-embed is-type-video is-provider-youtube wp-block-embed-youtube wp-embed-aspect-16-9 wp-has-aspect-ratio\"><div class=\"wp-block-embed__wrapper\">\n<iframe loading=\"lazy\" title=\"A Bel\u00e9n - Lyrics\" width=\"616\" height=\"347\" src=\"https:\/\/www.youtube.com\/embed\/_4nVznxJImM?feature=oembed\" frameborder=\"0\" allow=\"accelerometer; autoplay; clipboard-write; encrypted-media; gyroscope; picture-in-picture; web-share\" referrerpolicy=\"strict-origin-when-cross-origin\" allowfullscreen><\/iframe>\n<\/div><\/figure>\n\n\n\n<figure class=\"wp-block-embed is-type-video is-provider-youtube wp-block-embed-youtube wp-embed-aspect-16-9 wp-has-aspect-ratio\"><div class=\"wp-block-embed__wrapper\">\n<iframe loading=\"lazy\" title=\"A m\u00ed ni\u00f1o  - Lyrics\" width=\"616\" height=\"347\" src=\"https:\/\/www.youtube.com\/embed\/jkbpEHRLQx0?feature=oembed\" frameborder=\"0\" allow=\"accelerometer; autoplay; clipboard-write; encrypted-media; gyroscope; picture-in-picture; web-share\" referrerpolicy=\"strict-origin-when-cross-origin\" allowfullscreen><\/iframe>\n<\/div><\/figure>\n","protected":false},"excerpt":{"rendered":"<p>Las barras de sonido incorporan tecnolog\u00edas como Dolby Atmos y DTS:X, que proporcionan una experiencia de sonido envolvente tridimensional Santo Domingo, RD. Diciembre de 2024 \u2013 La Navidad, esa temporada de alegr\u00eda y festividad, nos invita a reunirnos con nuestros seres queridos, compartir momentos memorables y sumergirnos en su atm\u00f3sfera m\u00e1gica. En el coraz\u00f3n de [&hellip;]<\/p>\n","protected":false},"author":7,"featured_media":583667,"comment_status":"closed","ping_status":"closed","sticky":false,"template":"","format":"standard","meta":{"footnotes":""},"categories":[36],"tags":[324],"class_list":["post-583653","post","type-post","status-publish","format-standard","has-post-thumbnail","hentry","category-hombresmujeresycosas","tag-samsung"],"_links":{"self":[{"href":"https:\/\/diariodominicano.com\/index.php?rest_route=\/wp\/v2\/posts\/583653","targetHints":{"allow":["GET"]}}],"collection":[{"href":"https:\/\/diariodominicano.com\/index.php?rest_route=\/wp\/v2\/posts"}],"about":[{"href":"https:\/\/diariodominicano.com\/index.php?rest_route=\/wp\/v2\/types\/post"}],"author":[{"embeddable":true,"href":"https:\/\/diariodominicano.com\/index.php?rest_route=\/wp\/v2\/users\/7"}],"replies":[{"embeddable":true,"href":"https:\/\/diariodominicano.com\/index.php?rest_route=%2Fwp%2Fv2%2Fcomments&post=583653"}],"version-history":[{"count":1,"href":"https:\/\/diariodominicano.com\/index.php?rest_route=\/wp\/v2\/posts\/583653\/revisions"}],"predecessor-version":[{"id":583669,"href":"https:\/\/diariodominicano.com\/index.php?rest_route=\/wp\/v2\/posts\/583653\/revisions\/583669"}],"wp:featuredmedia":[{"embeddable":true,"href":"https:\/\/diariodominicano.com\/index.php?rest_route=\/wp\/v2\/media\/583667"}],"wp:attachment":[{"href":"https:\/\/diariodominicano.com\/index.php?rest_route=%2Fwp%2Fv2%2Fmedia&parent=583653"}],"wp:term":[{"taxonomy":"category","embeddable":true,"href":"https:\/\/diariodominicano.com\/index.php?rest_route=%2Fwp%2Fv2%2Fcategories&post=583653"},{"taxonomy":"post_tag","embeddable":true,"href":"https:\/\/diariodominicano.com\/index.php?rest_route=%2Fwp%2Fv2%2Ftags&post=583653"}],"curies":[{"name":"wp","href":"https:\/\/api.w.org\/{rel}","templated":true}]}}