{"id":583650,"date":"2024-12-17T13:23:43","date_gmt":"2024-12-17T17:23:43","guid":{"rendered":"https:\/\/diariodominicano.com\/?p=583650"},"modified":"2024-12-17T13:31:39","modified_gmt":"2024-12-17T17:31:39","slug":"presidente-abinader-inaugura-capilla-del-cusep","status":"publish","type":"post","link":"https:\/\/diariodominicano.com\/?p=583650","title":{"rendered":"Presidente Abinader inaugura capilla del Cusep"},"content":{"rendered":"\n<p>diariodominicano.com<\/p>\n\n\n\n<p>Santo Domingo, R. D.,\u200217 de diciembre, 2024.-\u00a0<strong>El presidente Luis Abinader<\/strong>\u00a0encabez\u00f3 el lunes la\u00a0<strong>misa de inauguraci\u00f3n\u00a0<\/strong>de la capilla San Benito Abad del Cuerpo de Seguridad Presidencial\u00a0<strong>(Cusep)<\/strong>.<\/p>\n\n\n\n<p>De igual modo, durante ese mismo acto, el mandatario presidi\u00f3 la&nbsp;<strong>bendici\u00f3n del nacimiento navide\u00f1o<\/strong>&nbsp;del Cusep.<\/p>\n\n\n\n<p>Las palabras de bienvenida estuvieron a cargo del mayor general ERD y jefe del CUSEP,&nbsp;<strong>Jimmy Arias Grull\u00f3n<\/strong>, quien resalt\u00f3 la importancia de este santo en la&nbsp;<strong>historia del cristianismo.<\/strong><\/p>\n\n\n\n<p>Monse\u00f1or\u00a0<strong>Francisco Ozoria Acosta<\/strong>\u00a0se\u00f1al\u00f3 que esta capilla es un\u00a0<strong>lugar santo<\/strong>\u00a0y felicit\u00f3 a Arias Grull\u00f3n por la construcci\u00f3n de esta obra.<\/p>\n\n\n\n<p>Luego de finalizada la ceremonia religiosa el monse\u00f1or Ozoria, acompa\u00f1ado del reverendo padre&nbsp;<strong>Ricardo de la Rosa<\/strong>&nbsp;y el reverendo padre&nbsp;<strong>Francisco Mart\u00edn Guti\u00e9rrez P\u00e9rez<\/strong>, condujo a los invitados al&nbsp;<strong>corte de cinta<\/strong>.<\/p>\n\n\n\n<p>Fuente: Direcci\u00f3n de Estrategia y Comunicaci\u00f3n<\/p>\n\n\n\n<p>Ministerio Administrativo de la Presidencia de la Rep\u00fablica Dominicana<\/p>\n","protected":false},"excerpt":{"rendered":"<p>diariodominicano.com Santo Domingo, R. D.,\u200217 de diciembre, 2024.-\u00a0El presidente Luis Abinader\u00a0encabez\u00f3 el lunes la\u00a0misa de inauguraci\u00f3n\u00a0de la capilla San Benito Abad del Cuerpo de Seguridad Presidencial\u00a0(Cusep). De igual modo, durante ese mismo acto, el mandatario presidi\u00f3 la&nbsp;bendici\u00f3n del nacimiento navide\u00f1o&nbsp;del Cusep. Las palabras de bienvenida estuvieron a cargo del mayor general ERD y jefe del [&hellip;]<\/p>\n","protected":false},"author":5,"featured_media":583652,"comment_status":"closed","ping_status":"closed","sticky":true,"template":"","format":"standard","meta":{"footnotes":""},"categories":[20,27],"tags":[],"class_list":["post-583650","post","type-post","status-publish","format-standard","has-post-thumbnail","hentry","category-dominicana-hoy","category-portada"],"_links":{"self":[{"href":"https:\/\/diariodominicano.com\/index.php?rest_route=\/wp\/v2\/posts\/583650","targetHints":{"allow":["GET"]}}],"collection":[{"href":"https:\/\/diariodominicano.com\/index.php?rest_route=\/wp\/v2\/posts"}],"about":[{"href":"https:\/\/diariodominicano.com\/index.php?rest_route=\/wp\/v2\/types\/post"}],"author":[{"embeddable":true,"href":"https:\/\/diariodominicano.com\/index.php?rest_route=\/wp\/v2\/users\/5"}],"replies":[{"embeddable":true,"href":"https:\/\/diariodominicano.com\/index.php?rest_route=%2Fwp%2Fv2%2Fcomments&post=583650"}],"version-history":[{"count":3,"href":"https:\/\/diariodominicano.com\/index.php?rest_route=\/wp\/v2\/posts\/583650\/revisions"}],"predecessor-version":[{"id":583661,"href":"https:\/\/diariodominicano.com\/index.php?rest_route=\/wp\/v2\/posts\/583650\/revisions\/583661"}],"wp:featuredmedia":[{"embeddable":true,"href":"https:\/\/diariodominicano.com\/index.php?rest_route=\/wp\/v2\/media\/583652"}],"wp:attachment":[{"href":"https:\/\/diariodominicano.com\/index.php?rest_route=%2Fwp%2Fv2%2Fmedia&parent=583650"}],"wp:term":[{"taxonomy":"category","embeddable":true,"href":"https:\/\/diariodominicano.com\/index.php?rest_route=%2Fwp%2Fv2%2Fcategories&post=583650"},{"taxonomy":"post_tag","embeddable":true,"href":"https:\/\/diariodominicano.com\/index.php?rest_route=%2Fwp%2Fv2%2Ftags&post=583650"}],"curies":[{"name":"wp","href":"https:\/\/api.w.org\/{rel}","templated":true}]}}