{"id":583647,"date":"2024-12-17T13:08:16","date_gmt":"2024-12-17T17:08:16","guid":{"rendered":"https:\/\/diariodominicano.com\/?p=583647"},"modified":"2024-12-17T13:08:25","modified_gmt":"2024-12-17T17:08:25","slug":"presidente-turco-insta-apoyo-de-ue-para-regreso-de-refugiados-sirios","status":"publish","type":"post","link":"https:\/\/diariodominicano.com\/?p=583647","title":{"rendered":"Presidente turco insta apoyo de UE para regreso de refugiados sirios"},"content":{"rendered":"\n<p>iariodominicano.com<\/p>\n\n\n\n<p>ANKARA, 17 dic (Xinhua) &#8212; El presidente de Turqu\u00eda, Recep Tayyip Erdogan, subray\u00f3 hoy martes la necesidad de establecer una administraci\u00f3n inclusiva en Siria e inst\u00f3 a la Uni\u00f3n Europea (UE) para facilitar el retorno de los refugiados sirios a sus hogares. . No hay lugar para \u00aborganizaciones terroristas\u00bb en la regi\u00f3n, dijo Erdogan en una conferencia de prensa conjunta con la presidenta de la Comisi\u00f3n Europea, Ursula von der Leyen, que se encuentra de visita en el pa\u00eds. Al se\u00f1alar que una parte significativa de los refugiados sirios residen actualmente en Turqu\u00eda, Erdogan dijo que la reconstrucci\u00f3n de Siria requiere de un apoyo r\u00e1pido y firme de sus vecinos, las naciones aliadas, la UE y de organizaciones internacionales. Luego de la conferencia de prensa, von der Leyen escribi\u00f3 en la plataforma X que la UE asignar\u00e1 1.000 millones de euros adicionales en ayuda para apoyar a los refugiados sirios en Turqu\u00eda en 2024. \u00abLas relaciones entre la UE y Turqu\u00eda son importantes\u00bb, expres\u00f3 , y agreg\u00f3: \u00abNuestras relaciones econ\u00f3micas se fortalecen cada a\u00f1o, y Turqu\u00eda se mantiene como un socio clave en materia de migraci\u00f3n\u00bb. La UE ha asignado 6.000 millones de euros a Turqu\u00eda como ayuda para dar refugio a los sirios. De acuerdo con cifras oficiales, cerca de tres millones de refugiados sirios registrados residen en Turqu\u00eda.<\/p>\n","protected":false},"excerpt":{"rendered":"<p>iariodominicano.com ANKARA, 17 dic (Xinhua) &#8212; El presidente de Turqu\u00eda, Recep Tayyip Erdogan, subray\u00f3 hoy martes la necesidad de establecer una administraci\u00f3n inclusiva en Siria e inst\u00f3 a la Uni\u00f3n Europea (UE) para facilitar el retorno de los refugiados sirios a sus hogares. . No hay lugar para \u00aborganizaciones terroristas\u00bb en la regi\u00f3n, dijo Erdogan [&hellip;]<\/p>\n","protected":false},"author":5,"featured_media":583648,"comment_status":"closed","ping_status":"closed","sticky":true,"template":"","format":"standard","meta":{"footnotes":""},"categories":[23,27],"tags":[],"class_list":["post-583647","post","type-post","status-publish","format-standard","has-post-thumbnail","hentry","category-internacional","category-portada"],"_links":{"self":[{"href":"https:\/\/diariodominicano.com\/index.php?rest_route=\/wp\/v2\/posts\/583647","targetHints":{"allow":["GET"]}}],"collection":[{"href":"https:\/\/diariodominicano.com\/index.php?rest_route=\/wp\/v2\/posts"}],"about":[{"href":"https:\/\/diariodominicano.com\/index.php?rest_route=\/wp\/v2\/types\/post"}],"author":[{"embeddable":true,"href":"https:\/\/diariodominicano.com\/index.php?rest_route=\/wp\/v2\/users\/5"}],"replies":[{"embeddable":true,"href":"https:\/\/diariodominicano.com\/index.php?rest_route=%2Fwp%2Fv2%2Fcomments&post=583647"}],"version-history":[{"count":1,"href":"https:\/\/diariodominicano.com\/index.php?rest_route=\/wp\/v2\/posts\/583647\/revisions"}],"predecessor-version":[{"id":583649,"href":"https:\/\/diariodominicano.com\/index.php?rest_route=\/wp\/v2\/posts\/583647\/revisions\/583649"}],"wp:featuredmedia":[{"embeddable":true,"href":"https:\/\/diariodominicano.com\/index.php?rest_route=\/wp\/v2\/media\/583648"}],"wp:attachment":[{"href":"https:\/\/diariodominicano.com\/index.php?rest_route=%2Fwp%2Fv2%2Fmedia&parent=583647"}],"wp:term":[{"taxonomy":"category","embeddable":true,"href":"https:\/\/diariodominicano.com\/index.php?rest_route=%2Fwp%2Fv2%2Fcategories&post=583647"},{"taxonomy":"post_tag","embeddable":true,"href":"https:\/\/diariodominicano.com\/index.php?rest_route=%2Fwp%2Fv2%2Ftags&post=583647"}],"curies":[{"name":"wp","href":"https:\/\/api.w.org\/{rel}","templated":true}]}}