{"id":583636,"date":"2024-12-17T10:49:34","date_gmt":"2024-12-17T14:49:34","guid":{"rendered":"https:\/\/diariodominicano.com\/?p=583636"},"modified":"2024-12-17T13:26:33","modified_gmt":"2024-12-17T17:26:33","slug":"el-papa-revela-que-fue-objetivo-de-un-intento-de-atentado-suicida-durante-su-visita-a-irak-en-2021","status":"publish","type":"post","link":"https:\/\/diariodominicano.com\/?p=583636","title":{"rendered":"El papa revela que fue objetivo de un intento de atentado suicida durante su visita a Irak en 2021"},"content":{"rendered":"\n<p>El papa Francisco saluda a los periodistas en el vuelo de regreso a Roma al final de su visita de un d\u00eda a Ajaccio en la isla francesa de C\u00f3rcega, el 15 de diciembre de 2024.<\/p>\n\n\n\n<p>diciembre 17, 2024<\/p>\n\n\n\n<ul class=\"wp-block-list\">\n<li><a href=\"https:\/\/www.vozdeamerica.com\/author\/reuters\/riv_i\">Reuters<\/a><\/li>\n<\/ul>\n\n\n\n<ul class=\"wp-block-list\">\n<li><a href=\"https:\/\/facebook.com\/sharer.php?u=https%3a%2f%2fwww.vozdeamerica.com%2fa%2fpapa-revela-objetivo-intento-atentado-suicida-durante-visita-irak-2021%2f7904089.html\" target=\"_blank\" rel=\"noreferrer noopener\"><\/a><\/li>\n\n\n\n<li><a href=\"https:\/\/twitter.com\/share?url=https%3a%2f%2fwww.vozdeamerica.com%2fa%2fpapa-revela-objetivo-intento-atentado-suicida-durante-visita-irak-2021%2f7904089.html&amp;text=El+papa+revela+que+fue+objetivo+de+un+intento+de+atentado+suicida+durante+su+visita+a+Irak+en+2021\" target=\"_blank\" rel=\"noreferrer noopener\"><\/a><\/li>\n\n\n\n<li><\/li>\n\n\n\n<li><a href=\"mailto:?body=https%3a%2f%2fwww.vozdeamerica.com%2fa%2fpapa-revela-objetivo-intento-atentado-suicida-durante-visita-irak-2021%2f7904089.html&amp;subject=El%20papa%20revela%20que%20fue%20objetivo%20de%20un%20intento%20de%20atentado%20suicida%20durante%20su%20visita%20a%20Irak%20en%202021\"><\/a><\/li>\n<\/ul>\n\n\n\n<p><a href=\"https:\/\/www.vozdeamerica.com\/a\/papa-revela-objetivo-intento-atentado-suicida-durante-visita-irak-2021\/7904089.html#comments\">&nbsp;Vea comentarios<\/a><\/p>\n\n\n\n<p>El papa Francisco revel\u00f3, en un extracto de una autobiograf\u00eda de pr\u00f3xima publicaci\u00f3n, que hace tres a\u00f1os fue objeto de un intento de atentado suicida durante su visita a Irak.<\/p>\n\n\n\n<p>CIUDAD DEL VATICANO \u2014&nbsp;<\/p>\n\n\n\n<p>El papa Francisco ha revelado que fue objeto de un intento de atentado suicida durante&nbsp;<em><strong><a href=\"https:\/\/www.vozdeamerica.com\/a\/noticias-internacional_el-papa-planea-un-viaje-irak-para-marzo-de-2021\/6069943.html\" target=\"_blank\" rel=\"noreferrer noopener\">su visita a Irak hace tres a\u00f1os,<\/a><\/strong><\/em>&nbsp;la primera de un pont\u00edfice cat\u00f3lico al pa\u00eds y probablemente el viaje al extranjero m\u00e1s arriesgado de sus 11 a\u00f1os de papado.<\/p>\n\n\n\n<p>En un extracto publicado el martes de una autobiograf\u00eda de pr\u00f3xima publicaci\u00f3n, Francisco dijo que fue informado por la polic\u00eda despu\u00e9s de aterrizar en Bagdad en marzo de 2021 de que al menos dos terroristas suicidas conocidos ten\u00edan como objetivo uno de sus actos agendados.<\/p>\n\n\n\n<p>\u00abUna mujer cargada de explosivos, una joven kamikaze, se dirig\u00eda a Mosul para inmolarse durante la visita papal\u00bb, escribi\u00f3 el pont\u00edfice, seg\u00fan un extracto del libro publicado en el diario italiano Corriere della Sera. \u00abY una furgoneta tambi\u00e9n hab\u00eda partido a toda velocidad con la misma intenci\u00f3n\u00bb.<\/p>\n\n\n\n<p>La visita de Francisco a Mosul fue un momento clave durante su viaje a Irak. La segunda ciudad m\u00e1s grande de Irak hab\u00eda estado bajo el control del Estado Isl\u00e1mico entre 2014 y 2017. El papa visit\u00f3 all\u00ed las ruinas de cuatro iglesias destruidas y lanz\u00f3 un llamado a la paz.<\/p>\n\n\n\n<p><a href=\"https:\/\/www.vozdeamerica.com\/a\/el-papa-francisco-hace-primera-visita-papal-corcega-entre-muestras-fervor-popular-\/7902666.html\"><\/a><\/p>\n\n\n\n<p><a href=\"https:\/\/www.vozdeamerica.com\/a\/el-papa-francisco-hace-primera-visita-papal-corcega-entre-muestras-fervor-popular-\/7902666.html\">Tambi\u00e9n lea<\/a><\/p>\n\n\n\n<h4 class=\"wp-block-heading\"><a href=\"https:\/\/www.vozdeamerica.com\/a\/el-papa-francisco-hace-primera-visita-papal-corcega-entre-muestras-fervor-popular-\/7902666.html\">El papa Francisco hace la primera visita papal a C\u00f3rcega entre muestras de fervor popular<\/a><\/h4>\n\n\n\n<p>Durante el viaje, el Vaticano proporcion\u00f3 pocos detalles sobre los preparativos de seguridad para el papa. Muchos de los actos de su visita, que tuvo lugar cuando la pandemia de COVID-19 empezaba a remitir, solo estuvieron abiertos a un n\u00famero limitado de personas.<\/p>\n\n\n\n<p>Se sabe que Irak despleg\u00f3 miles de efectivos de seguridad adicionales para proteger a Francisco.<\/p>\n\n\n\n<p>El Vaticano no respondi\u00f3 de inmediato a una solicitud de m\u00e1s detalles sobre los nuevos comentarios del Papa.<\/p>\n\n\n\n<p>La nueva autobiograf\u00eda de Francisco, titulada \u00abEsperanza\u00bb, se publicar\u00e1 el 14 de enero. El papa tambi\u00e9n public\u00f3 sus memorias en marzo.<\/p>\n","protected":false},"excerpt":{"rendered":"<p>El papa Francisco saluda a los periodistas en el vuelo de regreso a Roma al final de su visita de un d\u00eda a Ajaccio en la isla francesa de C\u00f3rcega, el 15 de diciembre de 2024. diciembre 17, 2024 &nbsp;Vea comentarios El papa Francisco revel\u00f3, en un extracto de una autobiograf\u00eda de pr\u00f3xima publicaci\u00f3n, que [&hellip;]<\/p>\n","protected":false},"author":28,"featured_media":583637,"comment_status":"closed","ping_status":"closed","sticky":true,"template":"","format":"standard","meta":{"footnotes":""},"categories":[26,23,27],"tags":[],"class_list":["post-583636","post","type-post","status-publish","format-standard","has-post-thumbnail","hentry","category-efemerides","category-internacional","category-portada"],"_links":{"self":[{"href":"https:\/\/diariodominicano.com\/index.php?rest_route=\/wp\/v2\/posts\/583636","targetHints":{"allow":["GET"]}}],"collection":[{"href":"https:\/\/diariodominicano.com\/index.php?rest_route=\/wp\/v2\/posts"}],"about":[{"href":"https:\/\/diariodominicano.com\/index.php?rest_route=\/wp\/v2\/types\/post"}],"author":[{"embeddable":true,"href":"https:\/\/diariodominicano.com\/index.php?rest_route=\/wp\/v2\/users\/28"}],"replies":[{"embeddable":true,"href":"https:\/\/diariodominicano.com\/index.php?rest_route=%2Fwp%2Fv2%2Fcomments&post=583636"}],"version-history":[{"count":1,"href":"https:\/\/diariodominicano.com\/index.php?rest_route=\/wp\/v2\/posts\/583636\/revisions"}],"predecessor-version":[{"id":583638,"href":"https:\/\/diariodominicano.com\/index.php?rest_route=\/wp\/v2\/posts\/583636\/revisions\/583638"}],"wp:featuredmedia":[{"embeddable":true,"href":"https:\/\/diariodominicano.com\/index.php?rest_route=\/wp\/v2\/media\/583637"}],"wp:attachment":[{"href":"https:\/\/diariodominicano.com\/index.php?rest_route=%2Fwp%2Fv2%2Fmedia&parent=583636"}],"wp:term":[{"taxonomy":"category","embeddable":true,"href":"https:\/\/diariodominicano.com\/index.php?rest_route=%2Fwp%2Fv2%2Fcategories&post=583636"},{"taxonomy":"post_tag","embeddable":true,"href":"https:\/\/diariodominicano.com\/index.php?rest_route=%2Fwp%2Fv2%2Ftags&post=583636"}],"curies":[{"name":"wp","href":"https:\/\/api.w.org\/{rel}","templated":true}]}}