{"id":583633,"date":"2024-12-17T10:47:00","date_gmt":"2024-12-17T14:47:00","guid":{"rendered":"https:\/\/diariodominicano.com\/?p=583633"},"modified":"2024-12-17T10:47:05","modified_gmt":"2024-12-17T14:47:05","slug":"censo-de-eeuu-incluira-a-refugiados-en-el-recuento-de-inmigrantes","status":"publish","type":"post","link":"https:\/\/diariodominicano.com\/?p=583633","title":{"rendered":"Censo de EEUU incluir\u00e1 a refugiados en el recuento de inmigrantes"},"content":{"rendered":"\n<p>ARCHIVO &#8211; Un par de familias migrantes de Brasil pasan por un hueco en la valla fronteriza de Estados Unidos en Yuma, Arizona, el 10 de junio de 2021 con la intenci\u00f3n de solicitar asilo. (AP Foto\/Eugene Garcia, Archivo).<\/p>\n\n\n\n<p>diciembre 16, 2024<\/p>\n\n\n\n<ul class=\"wp-block-list\">\n<li><a href=\"https:\/\/www.vozdeamerica.com\/author\/associated-press\/v_kyr\">Associated Press<\/a><\/li>\n<\/ul>\n\n\n\n<ul class=\"wp-block-list\">\n<li><a href=\"https:\/\/facebook.com\/sharer.php?u=https%3a%2f%2fwww.vozdeamerica.com%2fa%2fcenso-eeuu-incluira-refugiados-recuento-inmigrantes-%2f7903598.html\" target=\"_blank\" rel=\"noreferrer noopener\"><\/a><\/li>\n\n\n\n<li><a href=\"https:\/\/twitter.com\/share?url=https%3a%2f%2fwww.vozdeamerica.com%2fa%2fcenso-eeuu-incluira-refugiados-recuento-inmigrantes-%2f7903598.html&amp;text=Censo+de+EEUU+incluir%c3%a1+a+refugiados+en+el+recuento+de+inmigrantes\" target=\"_blank\" rel=\"noreferrer noopener\"><\/a><\/li>\n\n\n\n<li><\/li>\n\n\n\n<li><a href=\"mailto:?body=https%3a%2f%2fwww.vozdeamerica.com%2fa%2fcenso-eeuu-incluira-refugiados-recuento-inmigrantes-%2f7903598.html&amp;subject=Censo%20de%20EEUU%20incluir%C3%A1%20a%20refugiados%20en%20el%20recuento%20de%20inmigrantes\"><\/a><\/li>\n<\/ul>\n\n\n\n<p><a href=\"https:\/\/www.vozdeamerica.com\/a\/censo-eeuu-incluira-refugiados-recuento-inmigrantes-\/7903598.html#comments\">&nbsp;Vea comentarios<\/a><\/p>\n\n\n\n<p>El Censo de Estados Unidos incluir\u00e1 a refugiados en el recuento de inmigrantes. El porcentaje de residentes en Estados Unidos que nacieron en el extranjero alcanz\u00f3 en 2023 su nivel m\u00e1s alto en m\u00e1s de un siglo.<\/p>\n\n\n\n<p>La Oficina del Censo de Estados Unidos cambiar\u00e1 la forma como cuenta a los inmigrantes en las estimaciones anuales al incluir a m\u00e1s personas que fueron admitidas por razones humanitarias y, a menudo, de forma temporal.<\/p>\n\n\n\n<p>El cambio se est\u00e1 adelantando con el fin de reflejar mejor los cambios poblacionales de esta d\u00e9cada, dijeron funcionarios el lunes.<\/p>\n\n\n\n<p>Est\u00e1 programado que las estimaciones poblacionales, incluyendo la inmigraci\u00f3n, sean publicadas el jueves, y habr\u00e1n de mostrar c\u00f3mo cambiaron este a\u00f1o las poblaciones de Estados Unidos y los 50 estados. Sin embargo, el nuevo enfoque para contar a los inmigrantes s\u00f3lo se reflejar\u00e1 a nivel nacional.<\/p>\n\n\n\n<p>El porcentaje de residentes en Estados Unidos que nacieron en el extranjero alcanz\u00f3 en 2023 su nivel m\u00e1s alto en m\u00e1s de un siglo. Podr\u00eda ser incluso mayor con la nueva metodolog\u00eda. Los funcionarios del Censo no quisieron decir el lunes cu\u00e1nto esperaban que aumentaran las cifras de inmigraci\u00f3n en el informe del jueves debido al cambio.<\/p>\n\n\n\n<p>Capturar el n\u00famero de nuevos inmigrantes es la parte m\u00e1s dif\u00edcil de las estimaciones anuales de poblaci\u00f3n de Estados Unidos. Aunque el cambio de metodolog\u00eda anunciado recientemente no est\u00e1 relacionado, se presenta un mes antes del regreso a la Casa Blanca del presidente electo Donald Trump, quien ha prometido deportaciones masivas de personas que est\u00e9n en Estados Unidos de manera ilegal.<\/p>\n\n\n\n<p><a href=\"https:\/\/www.vozdeamerica.com\/a\/campesinos-homestead-politicas-migratorias-trump\/7898593.html\"><\/a><\/p>\n\n\n\n<p><a href=\"https:\/\/www.vozdeamerica.com\/a\/campesinos-homestead-politicas-migratorias-trump\/7898593.html\">Tambi\u00e9n lea<\/a><\/p>\n\n\n\n<h4 class=\"wp-block-heading\"><a href=\"https:\/\/www.vozdeamerica.com\/a\/campesinos-homestead-politicas-migratorias-trump\/7898593.html\">Campesinos indocumentados en sur de Florida, \u00abmuy asustados\u00bb ante pol\u00edticas migratorias de Trump<\/a><\/h4>\n\n\n\n<p>\u201cConfiamos en que este fue un buen enfoque para hacer nuestras estimaciones m\u00e1s actualizadas y reflejar las tendencias recientes que hemos visto\u201d, dijo Eric Jensen, un cient\u00edfico investigador s\u00e9nior en la Oficina del Censo.<\/p>\n\n\n\n<p>El c\u00e1lculo anual de la oficina sobre cu\u00e1ntos migrantes ingresaron a Estados Unidos en la d\u00e9cada de 2020 ha sido mucho menor que los n\u00fameros citados por otras agencias federales, como la Oficina de Presupuesto del Congreso.<\/p>\n\n\n\n<p>La Oficina del Censo estim\u00f3 que 1,1 millones de inmigrantes ingresaron a Estados Unidos en 2023, mientras que la estimaci\u00f3n de la Oficina de Presupuesto del Congreso fue de 3,3 millones de personas.<\/p>\n\n\n\n<p>El grupo de personas que se incluir\u00e1n en las estimaciones de migraci\u00f3n internacional son aquellas que ingresan al pa\u00eds con permisos condicionales humanitarios, que han sido otorgados durante siete d\u00e9cadas por gobiernos republicanos y dem\u00f3cratas a personas que no pueden utilizar las rutas de inmigraci\u00f3n est\u00e1ndar debido a la presi\u00f3n del tiempo o las malas relaciones de su gobierno con Estados Unidos.<\/p>\n\n\n\n<p>El Instituto de Pol\u00edtica Migratoria, un centro de estudios con sede en Washington, dijo la semana pasada que m\u00e1s de 5,8 millones de personas fueron admitidas bajo diversas pol\u00edticas humanitarias de 2021 a 2024.<\/p>\n\n\n\n<p>Trump parece decidido a desmantelar el programa de permisos humanitarios, y durante su campa\u00f1a dijo que pondr\u00eda fin al \u201cabuso indignante\u00bb de dichos permisos.<\/p>\n\n\n\n<p>Las estimaciones anuales de poblaci\u00f3n publicadas por la Oficina del Censo se calculan a partir de nacimientos, muertes, migraci\u00f3n a Estados Unidos y migraci\u00f3n entre estados, y proporcionan los conteos oficiales de poblaci\u00f3n para Estados Unidos, los 50 estados, condados y \u00e1reas metropolitanas. Las cifras se utilizan para distribuir billones de d\u00f3lares en fondos federales.<\/p>\n","protected":false},"excerpt":{"rendered":"<p>ARCHIVO &#8211; Un par de familias migrantes de Brasil pasan por un hueco en la valla fronteriza de Estados Unidos en Yuma, Arizona, el 10 de junio de 2021 con la intenci\u00f3n de solicitar asilo. (AP Foto\/Eugene Garcia, Archivo). diciembre 16, 2024 &nbsp;Vea comentarios El Censo de Estados Unidos incluir\u00e1 a refugiados en el recuento [&hellip;]<\/p>\n","protected":false},"author":28,"featured_media":583634,"comment_status":"closed","ping_status":"closed","sticky":true,"template":"","format":"standard","meta":{"footnotes":""},"categories":[23],"tags":[],"class_list":["post-583633","post","type-post","status-publish","format-standard","has-post-thumbnail","hentry","category-internacional"],"_links":{"self":[{"href":"https:\/\/diariodominicano.com\/index.php?rest_route=\/wp\/v2\/posts\/583633","targetHints":{"allow":["GET"]}}],"collection":[{"href":"https:\/\/diariodominicano.com\/index.php?rest_route=\/wp\/v2\/posts"}],"about":[{"href":"https:\/\/diariodominicano.com\/index.php?rest_route=\/wp\/v2\/types\/post"}],"author":[{"embeddable":true,"href":"https:\/\/diariodominicano.com\/index.php?rest_route=\/wp\/v2\/users\/28"}],"replies":[{"embeddable":true,"href":"https:\/\/diariodominicano.com\/index.php?rest_route=%2Fwp%2Fv2%2Fcomments&post=583633"}],"version-history":[{"count":1,"href":"https:\/\/diariodominicano.com\/index.php?rest_route=\/wp\/v2\/posts\/583633\/revisions"}],"predecessor-version":[{"id":583635,"href":"https:\/\/diariodominicano.com\/index.php?rest_route=\/wp\/v2\/posts\/583633\/revisions\/583635"}],"wp:featuredmedia":[{"embeddable":true,"href":"https:\/\/diariodominicano.com\/index.php?rest_route=\/wp\/v2\/media\/583634"}],"wp:attachment":[{"href":"https:\/\/diariodominicano.com\/index.php?rest_route=%2Fwp%2Fv2%2Fmedia&parent=583633"}],"wp:term":[{"taxonomy":"category","embeddable":true,"href":"https:\/\/diariodominicano.com\/index.php?rest_route=%2Fwp%2Fv2%2Fcategories&post=583633"},{"taxonomy":"post_tag","embeddable":true,"href":"https:\/\/diariodominicano.com\/index.php?rest_route=%2Fwp%2Fv2%2Ftags&post=583633"}],"curies":[{"name":"wp","href":"https:\/\/api.w.org\/{rel}","templated":true}]}}