{"id":583630,"date":"2024-12-17T10:43:22","date_gmt":"2024-12-17T14:43:22","guid":{"rendered":"https:\/\/diariodominicano.com\/?p=583630"},"modified":"2024-12-17T10:43:26","modified_gmt":"2024-12-17T14:43:26","slug":"ataques-aereos-israelies-matan-a-14-palestinos-en-gaza-mientras-los-tanques-avanzan-hacia-el-sur","status":"publish","type":"post","link":"https:\/\/diariodominicano.com\/?p=583630","title":{"rendered":"Ataques a\u00e9reos israel\u00edes matan a 14 palestinos en Gaza mientras los tanques avanzan hacia el sur"},"content":{"rendered":"\n<p>Veh\u00edculos blindados israel\u00edes maniobran cerca de la frontera de Gaza, en medio del conflicto en curso en Gaza entre Israel y Ham\u00e1s, en Israel, el 16 de diciembre de 2024.<\/p>\n\n\n\n<p>diciembre 17, 2024<\/p>\n\n\n\n<ul class=\"wp-block-list\">\n<li><a href=\"https:\/\/www.vozdeamerica.com\/author\/reuters\/riv_i\">Reuters<\/a><\/li>\n<\/ul>\n\n\n\n<ul class=\"wp-block-list\">\n<li><a href=\"https:\/\/facebook.com\/sharer.php?u=https%3a%2f%2fwww.vozdeamerica.com%2fa%2fataques-aereos-israelies-matan-a-14-palestinos-en-gaza-mientras-los-tanques-avanzan-hacia-el-sur%2f7904042.html\" target=\"_blank\" rel=\"noreferrer noopener\"><\/a><\/li>\n\n\n\n<li><a href=\"https:\/\/twitter.com\/share?url=https%3a%2f%2fwww.vozdeamerica.com%2fa%2fataques-aereos-israelies-matan-a-14-palestinos-en-gaza-mientras-los-tanques-avanzan-hacia-el-sur%2f7904042.html&amp;text=Ataques+a%c3%a9reos+israel%c3%ades+matan+a+14+palestinos+en+Gaza+mientras+los+tanques+avanzan+hacia+el+sur\" target=\"_blank\" rel=\"noreferrer noopener\"><\/a><\/li>\n\n\n\n<li><\/li>\n\n\n\n<li><a href=\"mailto:?body=https%3a%2f%2fwww.vozdeamerica.com%2fa%2fataques-aereos-israelies-matan-a-14-palestinos-en-gaza-mientras-los-tanques-avanzan-hacia-el-sur%2f7904042.html&amp;subject=Ataques%20a%C3%A9reos%20israel%C3%ADes%20matan%20a%2014%20palestinos%20en%20Gaza%20mientras%20los%20tanques%20avanzan%20hacia%20el%20sur\"><\/a><\/li>\n<\/ul>\n\n\n\n<p><a href=\"https:\/\/www.vozdeamerica.com\/a\/ataques-aereos-israelies-matan-a-14-palestinos-en-gaza-mientras-los-tanques-avanzan-hacia-el-sur\/7904042.html#comments\">&nbsp;Vea comentarios<\/a><\/p>\n\n\n\n<p>Autoridades sanitarias informaron que al menos 14 palestinos murieron tras varios ataques militares israel\u00edes en toda la Franja de Gaza.<\/p>\n\n\n\n<p>EL CAIRO \u2014&nbsp;<\/p>\n\n\n\n<p>Varios ataques militares israel\u00edes en toda la Franja de Gaza causaron el martes la muerte de al menos 14 palestinos, 10 de ellos en una casa de la ciudad de Gaza, seg\u00fan informaron autoridades sanitarias, mientras los tanques avanzaban hacia la zona occidental de Rafah, en el sur.<\/p>\n\n\n\n<p>Los m\u00e9dicos dijeron que el ataque a\u00e9reo israel\u00ed contra la casa, en el barrio de Daraj de la ciudad de Gaza, destruy\u00f3 el edificio y da\u00f1\u00f3 las viviendas cercanas. Otras cuatro personas murieron en otros dos ataques a\u00e9reos en la ciudad y en la localidad de Beit Lahiya, al norte del enclave.<\/p>\n\n\n\n<p>El Ej\u00e9rcito israel\u00ed no hizo comentarios de inmediato.<\/p>\n\n\n\n<p>En Rafah, cerca de la frontera con Egipto, los tanques israel\u00edes se adentraron en la zona occidental de Mawasi, conocida como zona designada humanitaria, dijeron los residentes.<\/p>\n\n\n\n<p><a href=\"https:\/\/www.vozdeamerica.com\/a\/ataques-israelies-gaza-matan-10-personas-incluida-familia-segun-funcionarios-palestinos-\/7902626.html\"><\/a><\/p>\n\n\n\n<p><a href=\"https:\/\/www.vozdeamerica.com\/a\/ataques-israelies-gaza-matan-10-personas-incluida-familia-segun-funcionarios-palestinos-\/7902626.html\">Tambi\u00e9n lea<\/a><\/p>\n\n\n\n<h4 class=\"wp-block-heading\"><a href=\"https:\/\/www.vozdeamerica.com\/a\/ataques-israelies-gaza-matan-10-personas-incluida-familia-segun-funcionarios-palestinos-\/7902626.html\">Ataques israel\u00edes en Gaza matan a 10 personas, incluida una familia, seg\u00fan funcionarios palestinos<\/a><\/h4>\n\n\n\n<p>El intenso fuego de los tanques que penetraban en la zona oblig\u00f3 a decenas de familias refugiadas all\u00ed a huir hacia el norte, en direcci\u00f3n a Jan Yunis.<\/p>\n\n\n\n<p>La guerra comenz\u00f3 cuando&nbsp;<strong><em><a href=\"https:\/\/www.vozdeamerica.com\/a\/hamas-ataca-israel-y-netanyahu-dice-que-su-pais-esta-en-guerra-\/7300864.html\" target=\"_blank\" rel=\"noreferrer noopener\">el grupo miliciano palestino Ham\u00e1s irrumpi\u00f3 en Israel el 7 de octubre<\/a><\/em><\/strong>&nbsp;de 2023 y mat\u00f3 a 1.200 personas, en su mayor\u00eda civiles, y se llev\u00f3 a Gaza a m\u00e1s de 250 rehenes, seg\u00fan las autoridades israel\u00edes.<\/p>\n\n\n\n<p><strong><em><a href=\"https:\/\/projects.voanews.com\/israel\/one-year-at-war\/spanish.html\" target=\"_blank\" rel=\"noreferrer noopener\">Israel lanz\u00f3 entonces una ofensiva a\u00e9rea y terrestre&nbsp;<\/a><\/em><\/strong>que ha matado a m\u00e1s de 45.000 personas, en su mayor\u00eda civiles, seg\u00fan las autoridades de la Franja de Gaza, gobernada por Ham\u00e1s.<\/p>\n\n\n\n<p>La campa\u00f1a militar ha desplazado a casi toda la poblaci\u00f3n y ha dejado gran parte del enclave en ruinas.<\/p>\n","protected":false},"excerpt":{"rendered":"<p>Veh\u00edculos blindados israel\u00edes maniobran cerca de la frontera de Gaza, en medio del conflicto en curso en Gaza entre Israel y Ham\u00e1s, en Israel, el 16 de diciembre de 2024. diciembre 17, 2024 &nbsp;Vea comentarios Autoridades sanitarias informaron que al menos 14 palestinos murieron tras varios ataques militares israel\u00edes en toda la Franja de Gaza. [&hellip;]<\/p>\n","protected":false},"author":28,"featured_media":583631,"comment_status":"closed","ping_status":"closed","sticky":true,"template":"","format":"standard","meta":{"footnotes":""},"categories":[23],"tags":[],"class_list":["post-583630","post","type-post","status-publish","format-standard","has-post-thumbnail","hentry","category-internacional"],"_links":{"self":[{"href":"https:\/\/diariodominicano.com\/index.php?rest_route=\/wp\/v2\/posts\/583630","targetHints":{"allow":["GET"]}}],"collection":[{"href":"https:\/\/diariodominicano.com\/index.php?rest_route=\/wp\/v2\/posts"}],"about":[{"href":"https:\/\/diariodominicano.com\/index.php?rest_route=\/wp\/v2\/types\/post"}],"author":[{"embeddable":true,"href":"https:\/\/diariodominicano.com\/index.php?rest_route=\/wp\/v2\/users\/28"}],"replies":[{"embeddable":true,"href":"https:\/\/diariodominicano.com\/index.php?rest_route=%2Fwp%2Fv2%2Fcomments&post=583630"}],"version-history":[{"count":1,"href":"https:\/\/diariodominicano.com\/index.php?rest_route=\/wp\/v2\/posts\/583630\/revisions"}],"predecessor-version":[{"id":583632,"href":"https:\/\/diariodominicano.com\/index.php?rest_route=\/wp\/v2\/posts\/583630\/revisions\/583632"}],"wp:featuredmedia":[{"embeddable":true,"href":"https:\/\/diariodominicano.com\/index.php?rest_route=\/wp\/v2\/media\/583631"}],"wp:attachment":[{"href":"https:\/\/diariodominicano.com\/index.php?rest_route=%2Fwp%2Fv2%2Fmedia&parent=583630"}],"wp:term":[{"taxonomy":"category","embeddable":true,"href":"https:\/\/diariodominicano.com\/index.php?rest_route=%2Fwp%2Fv2%2Fcategories&post=583630"},{"taxonomy":"post_tag","embeddable":true,"href":"https:\/\/diariodominicano.com\/index.php?rest_route=%2Fwp%2Fv2%2Ftags&post=583630"}],"curies":[{"name":"wp","href":"https:\/\/api.w.org\/{rel}","templated":true}]}}