{"id":583625,"date":"2024-12-17T10:39:46","date_gmt":"2024-12-17T14:39:46","guid":{"rendered":"https:\/\/diariodominicano.com\/?p=583625"},"modified":"2024-12-17T10:40:56","modified_gmt":"2024-12-17T14:40:56","slug":"trump-nomina-embajadores-en-uruguay-y-republica-dominicana","status":"publish","type":"post","link":"https:\/\/diariodominicano.com\/?p=583625","title":{"rendered":"Trump nomina embajadores en Uruguay y Rep\u00fablica Dominicana"},"content":{"rendered":"\n<p>El presidente electo de Estados Unidos, Donald Trump, pronuncia un discurso en Mar-a-Lago en Palm Beach, Florida, Estados Unidos, el 16 de diciembre de 2024. REUTERS\/Brian Snyder<\/p>\n\n\n\n<p>diciembre 17, 2024<\/p>\n\n\n\n<ul class=\"wp-block-list\">\n<li><a href=\"https:\/\/www.vozdeamerica.com\/author\/voz-de-america-redaccion\/p_kym\">Voz de Am\u00e9rica &#8211; Redacci\u00f3n<\/a><\/li>\n<\/ul>\n\n\n\n<ul class=\"wp-block-list\">\n<li><a href=\"https:\/\/facebook.com\/sharer.php?u=https%3a%2f%2fwww.vozdeamerica.com%2fa%2ftrump-nomina-embajadores-en-uruguay-y-republica-dominicana%2f7904095.html\" target=\"_blank\" rel=\"noreferrer noopener\"><\/a><\/li>\n\n\n\n<li><a href=\"https:\/\/twitter.com\/share?url=https%3a%2f%2fwww.vozdeamerica.com%2fa%2ftrump-nomina-embajadores-en-uruguay-y-republica-dominicana%2f7904095.html&amp;text=Trump+nomina+embajadores+en+Uruguay+y+Rep%c3%bablica+Dominicana\" target=\"_blank\" rel=\"noreferrer noopener\"><\/a><\/li>\n\n\n\n<li><\/li>\n\n\n\n<li><a href=\"mailto:?body=https%3a%2f%2fwww.vozdeamerica.com%2fa%2ftrump-nomina-embajadores-en-uruguay-y-republica-dominicana%2f7904095.html&amp;subject=Trump%20nomina%20embajadores%20en%20Uruguay%20y%20Rep%C3%BAblica%20Dominicana\"><\/a><\/li>\n<\/ul>\n\n\n\n<p><a href=\"https:\/\/www.vozdeamerica.com\/a\/trump-nomina-embajadores-en-uruguay-y-republica-dominicana\/7904095.html#comments\">&nbsp;Vea comentarios<\/a><\/p>\n\n\n\n<p>El presidente electo de EEUU, Donald Trump, nomin\u00f3 a nuevos embajadores en Uruguay y Rep\u00fablica Dominicana como parte del gabinete de su segunda administraci\u00f3n.<\/p>\n\n\n\n<p>El presidente electo de Estados Unidos,&nbsp;<em><strong><a href=\"https:\/\/www.vozdeamerica.com\/a\/trump-ofrece-conferencia-de-prensa-habla-de-vacunas-ucrania-y-tiktok\/7903499.html\" target=\"_blank\" rel=\"noreferrer noopener\">Donald Trump<\/a><\/strong><\/em>, anunci\u00f3 el lunes que nomin\u00f3 a Lou Rinaldi como embajador en Uruguay y a Leah Francis Campos como jefa de misi\u00f3n en Rep\u00fablica Dominicana.<\/p>\n\n\n\n<p>\u00abMe complace anunciar la nominaci\u00f3n de Lou Rinaldi para ser el pr\u00f3ximo embajador de Estados Unidos en Uruguay\u00bb, public\u00f3 Trump en su red social Truth Social. \u00abLou, un empresario exitoso y amigo de toda la vida, aporta toda una vida de experiencia y una perspectiva \u00fanica a este importante papel\u00bb.<\/p>\n\n\n\n<p><a href=\"https:\/\/www.vozdeamerica.com\/a\/beijing-trump-hablan-perspectivas-colaboracion-entre-eeuu-china\/7904026.html\"><\/a><\/p>\n\n\n\n<p><a href=\"https:\/\/www.vozdeamerica.com\/a\/beijing-trump-hablan-perspectivas-colaboracion-entre-eeuu-china\/7904026.html\">Tambi\u00e9n lea<\/a><\/p>\n\n\n\n<h4 class=\"wp-block-heading\"><a href=\"https:\/\/www.vozdeamerica.com\/a\/beijing-trump-hablan-perspectivas-colaboracion-entre-eeuu-china\/7904026.html\">Beijing y Trump ofrecen declaraciones sobre perspectivas de colaboraci\u00f3n entre EEUU y China<\/a><\/h4>\n\n\n\n<p>\u00abLou es un gran golfista y estar\u00e1 en un pa\u00eds con algunos campos de golf fant\u00e1sticos. Habiendo crecido en Uruguay, posee un conocimiento profundo de la cultura y la historia del pa\u00eds\u00bb indic\u00f3 Trump.<\/p>\n\n\n\n<p>Agreg\u00f3 que \u00absu experiencia y antecedentes lo hacen excepcionalmente calificado para promover los intereses de Estados Unidos y fortalecer la asociaci\u00f3n de larga data entre Estados Unidos y Uruguay. \u00a1Felicitaciones, Lou!\u00bb.<\/p>\n\n\n\n<p>Trump tiene v\u00ednculos con Uruguay, ya que cuenta con un complejo de apartamentos de lujo en Punta del Este, en la costa del Atl\u00e1ntico Sur. Es la \u00fanica propiedad en Sudam\u00e9rica que lleva su nombre, seg\u00fan la Organizaci\u00f3n Trump.<\/p>\n\n\n\n<p>Leah Francis Campos fue la escogida por Trump como embajadora en Rep\u00fablica Dominicana.<\/p>\n\n\n\n<p><a href=\"https:\/\/www.vozdeamerica.com\/a\/trump-nomina-a-nuevos-embajadores-de-eeuu-en-colombia-y-argentina\/7898598.html\"><\/a><\/p>\n\n\n\n<p><a href=\"https:\/\/www.vozdeamerica.com\/a\/trump-nomina-a-nuevos-embajadores-de-eeuu-en-colombia-y-argentina\/7898598.html\">Tambi\u00e9n lea<\/a><\/p>\n\n\n\n<h4 class=\"wp-block-heading\"><a href=\"https:\/\/www.vozdeamerica.com\/a\/trump-nomina-a-nuevos-embajadores-de-eeuu-en-colombia-y-argentina\/7898598.html\">Trump nomina a nuevos embajadores de EEUU en Colombia y Argentina<\/a><\/h4>\n\n\n\n<p>Campos es la cu\u00f1ada del designado secretario del Departamento de Transporte, Sean Duffy, un exrepresentante republicano. Tambi\u00e9n es hermana de la copresentadora de \u201cFox &amp; Friends Weekend\u201d, Rachel Campos-Duffy.<\/p>\n\n\n\n<p>\u201cLeah sirvi\u00f3 a nuestro pa\u00eds como oficial de casos de la CIA antes de convertirse en asesora principal para el hemisferio occidental en la Comisi\u00f3n de Asuntos Exteriores de la C\u00e1mara de Representantes\u201d, indic\u00f3 Trump en Truth Social.<\/p>\n\n\n\n<p>\u201cLeah llevar\u00e1 su amor por el pa\u00eds y su compromiso con nuestra seguridad nacional y prosperidad a su puesto como embajadora de los EEUU en la Rep\u00fablica Dominicana. \u00a1Felicitaciones, Leah!\u201d.<\/p>\n","protected":false},"excerpt":{"rendered":"<p>El presidente electo de Estados Unidos, Donald Trump, pronuncia un discurso en Mar-a-Lago en Palm Beach, Florida, Estados Unidos, el 16 de diciembre de 2024. REUTERS\/Brian Snyder diciembre 17, 2024 &nbsp;Vea comentarios El presidente electo de EEUU, Donald Trump, nomin\u00f3 a nuevos embajadores en Uruguay y Rep\u00fablica Dominicana como parte del gabinete de su segunda [&hellip;]<\/p>\n","protected":false},"author":28,"featured_media":583626,"comment_status":"closed","ping_status":"closed","sticky":true,"template":"","format":"standard","meta":{"footnotes":""},"categories":[36,23,22,27],"tags":[],"class_list":["post-583625","post","type-post","status-publish","format-standard","has-post-thumbnail","hentry","category-hombresmujeresycosas","category-internacional","category-politica","category-portada"],"_links":{"self":[{"href":"https:\/\/diariodominicano.com\/index.php?rest_route=\/wp\/v2\/posts\/583625","targetHints":{"allow":["GET"]}}],"collection":[{"href":"https:\/\/diariodominicano.com\/index.php?rest_route=\/wp\/v2\/posts"}],"about":[{"href":"https:\/\/diariodominicano.com\/index.php?rest_route=\/wp\/v2\/types\/post"}],"author":[{"embeddable":true,"href":"https:\/\/diariodominicano.com\/index.php?rest_route=\/wp\/v2\/users\/28"}],"replies":[{"embeddable":true,"href":"https:\/\/diariodominicano.com\/index.php?rest_route=%2Fwp%2Fv2%2Fcomments&post=583625"}],"version-history":[{"count":2,"href":"https:\/\/diariodominicano.com\/index.php?rest_route=\/wp\/v2\/posts\/583625\/revisions"}],"predecessor-version":[{"id":583629,"href":"https:\/\/diariodominicano.com\/index.php?rest_route=\/wp\/v2\/posts\/583625\/revisions\/583629"}],"wp:featuredmedia":[{"embeddable":true,"href":"https:\/\/diariodominicano.com\/index.php?rest_route=\/wp\/v2\/media\/583626"}],"wp:attachment":[{"href":"https:\/\/diariodominicano.com\/index.php?rest_route=%2Fwp%2Fv2%2Fmedia&parent=583625"}],"wp:term":[{"taxonomy":"category","embeddable":true,"href":"https:\/\/diariodominicano.com\/index.php?rest_route=%2Fwp%2Fv2%2Fcategories&post=583625"},{"taxonomy":"post_tag","embeddable":true,"href":"https:\/\/diariodominicano.com\/index.php?rest_route=%2Fwp%2Fv2%2Ftags&post=583625"}],"curies":[{"name":"wp","href":"https:\/\/api.w.org\/{rel}","templated":true}]}}