{"id":583622,"date":"2024-12-17T10:36:46","date_gmt":"2024-12-17T14:36:46","guid":{"rendered":"https:\/\/diariodominicano.com\/?p=583622"},"modified":"2024-12-17T10:36:51","modified_gmt":"2024-12-17T14:36:51","slug":"beijing-y-trump-ofrecen-declaraciones-sobre-perspectivas-de-colaboracion-entre-eeuu-y-china","status":"publish","type":"post","link":"https:\/\/diariodominicano.com\/?p=583622","title":{"rendered":"Beijing y Trump ofrecen declaraciones sobre perspectivas de colaboraci\u00f3n entre EEUU y China"},"content":{"rendered":"\n<p>ARCHIVO &#8211; El presidente electo de Estados Unidos, Donald Trump, asiste a la gala del America First Policy Institute en Mar-A-Lago en Palm Beach, Florida, Estados Unidos, el 14 de noviembre de 2024.<\/p>\n\n\n\n<p>diciembre 17, 2024<\/p>\n\n\n\n<ul class=\"wp-block-list\">\n<li><a href=\"https:\/\/www.vozdeamerica.com\/author\/reuters\/riv_i\">Reuters<\/a><\/li>\n<\/ul>\n\n\n\n<ul class=\"wp-block-list\">\n<li><a href=\"https:\/\/facebook.com\/sharer.php?u=https%3a%2f%2fwww.vozdeamerica.com%2fa%2fbeijing-trump-hablan-perspectivas-colaboracion-entre-eeuu-china%2f7904026.html\" target=\"_blank\" rel=\"noreferrer noopener\"><\/a><\/li>\n\n\n\n<li><a href=\"https:\/\/twitter.com\/share?url=https%3a%2f%2fwww.vozdeamerica.com%2fa%2fbeijing-trump-hablan-perspectivas-colaboracion-entre-eeuu-china%2f7904026.html&amp;text=Beijing+y+Trump+ofrecen+declaraciones+sobre+perspectivas+de+colaboraci%c3%b3n+entre+EEUU+y+China\" target=\"_blank\" rel=\"noreferrer noopener\"><\/a><\/li>\n\n\n\n<li><\/li>\n\n\n\n<li><a href=\"mailto:?body=https%3a%2f%2fwww.vozdeamerica.com%2fa%2fbeijing-trump-hablan-perspectivas-colaboracion-entre-eeuu-china%2f7904026.html&amp;subject=Beijing%20y%20Trump%20ofrecen%20declaraciones%20sobre%20perspectivas%20de%20colaboraci%C3%B3n%20entre%20EEUU%20y%20China\"><\/a><\/li>\n<\/ul>\n\n\n\n<p><a href=\"https:\/\/www.vozdeamerica.com\/a\/beijing-trump-hablan-perspectivas-colaboracion-entre-eeuu-china\/7904026.html#comments\">&nbsp;Vea comentarios<\/a><\/p>\n\n\n\n<p>El ministro de Asuntos Exteriores de China, Wang Yi, dijo que espera que la administraci\u00f3n entrante de Donald Trump \u00abtome la decisi\u00f3n correcta\u00bb e incremente la cooperaci\u00f3n con Beijing de manera mutuamente beneficiosa.<\/p>\n\n\n\n<p>BEIJING \u2014&nbsp;<\/p>\n\n\n\n<p>El m\u00e1ximo diplom\u00e1tico chino dijo el martes que espera que la Administraci\u00f3n entrante de Donald Trump \u00abtome la decisi\u00f3n correcta\u00bb y trabaje con Beijing, horas despu\u00e9s de que Trump dijera a los periodistas que la pandemia del COVID-19 hab\u00eda tensado su relaci\u00f3n con su \u00abamigo\u00bb Xi Jinping.<\/p>\n\n\n\n<p>\u00abEsperamos que la nueva Administraci\u00f3n estadounidense tome la decisi\u00f3n correcta y trabaje con China de manera mutuamente beneficiosa para eliminar las interrupciones y superar los obst\u00e1culos\u00bb, dijo el ministro de Asuntos Exteriores, Wang Yi, en un foro en Beijing, seg\u00fan un comunicado de su ministerio.<\/p>\n\n\n\n<p>Las declaraciones se produjeron despu\u00e9s de que el presidente electo Trump dijera en su primera rueda de prensa desde su victoria electoral hace seis semanas que el presidente chino, Xi Jinping, hab\u00eda sido amigo suyo y que \u00abes un tipo incre\u00edble\u00bb, pero que las relaciones hab\u00edan sido tensas.<\/p>\n\n\n\n<p>\u00abTen\u00edamos una relaci\u00f3n muy buena hasta el COVID\u00bb, dijo Trump el lunes a los periodistas reunidos en su complejo tur\u00edstico de Mar-a-Lago, en Florida, cuando se le pregunt\u00f3 si Xi asistir\u00eda a su toma de posesi\u00f3n. \u00abEl COVID no acab\u00f3 con la relaci\u00f3n, pero para m\u00ed fue un obst\u00e1culo demasiado grande\u00bb.<\/p>\n\n\n\n<p><a href=\"https:\/\/www.vozdeamerica.com\/a\/futuro-relaciones-eeuu-china-colaboracion-trump-tecnologia\/7890049.html\"><\/a><\/p>\n\n\n\n<p><a href=\"https:\/\/www.vozdeamerica.com\/a\/futuro-relaciones-eeuu-china-colaboracion-trump-tecnologia\/7890049.html\">Tambi\u00e9n lea<\/a><\/p>\n\n\n\n<h4 class=\"wp-block-heading\"><a href=\"https:\/\/www.vozdeamerica.com\/a\/futuro-relaciones-eeuu-china-colaboracion-trump-tecnologia\/7890049.html\">Relaciones EEUU &#8211; China: \u00bfhay espacio para la colaboraci\u00f3n en la presidencia de Trump?<\/a><\/h4>\n\n\n\n<p>Las dos superpotencias han estado fijando sus posiciones ante el regreso del expresidente a la Casa Blanca. El primer mandato de Trump desemboc\u00f3 en una guerra comercial que desbarat\u00f3 las cadenas de suministro mundiales y perjudic\u00f3 a casi todas las econom\u00edas, al dispararse la inflaci\u00f3n y los costes de los pr\u00e9stamos.<\/p>\n\n\n\n<p>Trump ha indicado que planea continuar donde lo dej\u00f3 con Beijing y&nbsp;<em><strong><a href=\"https:\/\/www.vozdeamerica.com\/a\/trump-promete-imponer-aranceles-a-mexico-canada-y-china-25-por-ciento-comercio-sheinbaum\/7877955.html\" target=\"_blank\" rel=\"noreferrer noopener\">ha prometido imponer un arancel adicional&nbsp;<\/a><\/strong><\/em>del 10 % a los productos chinos para presionar a China a hacer m\u00e1s para detener los flujos de fentanilo hacia Estados Unidos.<\/p>\n\n\n\n<p>Tambi\u00e9n prometi\u00f3 poner fin al estatus de pa\u00eds m\u00e1s favorecido de China \u2014que le permite recibir las mismas ventajas que el pa\u00eds que recibe mejor trato por parte de Estados Unidos\u2014 y aplicar aranceles a las importaciones chinas superiores al 60 %, mucho m\u00e1s altos que los impuestos durante su primer mandato.<\/p>\n\n\n\n<p>En respuesta, China est\u00e1 tratando de acumular elementos de negociaci\u00f3n para iniciar conversaciones con una nueva Administraci\u00f3n estadounidense sobre aspectos pol\u00e9micos de los lazos bilaterales, como el comercio y la inversi\u00f3n, y la ciencia y la tecnolog\u00eda, seg\u00fan los analistas.<\/p>\n\n\n\n<p>\u00abChina y Estados Unidos pueden resolver juntos todos los problemas del mundo, si se piensa en ello\u00bb, dijo Trump. \u00abAs\u00ed que es muy importante y (Xi Jinping) era amigo m\u00edo.\u00bb<\/p>\n\n\n\n<p>Dicho esto, Trump ha nombrado a miembros de la l\u00ednea dura hacia China para puestos diplom\u00e1ticos y econ\u00f3micos clave en su Administraci\u00f3n, lo que indica que su pol\u00edtica hacia el principal rival estrat\u00e9gico de Estados Unidos podr\u00eda ser a\u00fan m\u00e1s de confrontaci\u00f3n que durante su primer mandato.<\/p>\n","protected":false},"excerpt":{"rendered":"<p>ARCHIVO &#8211; El presidente electo de Estados Unidos, Donald Trump, asiste a la gala del America First Policy Institute en Mar-A-Lago en Palm Beach, Florida, Estados Unidos, el 14 de noviembre de 2024. diciembre 17, 2024 &nbsp;Vea comentarios El ministro de Asuntos Exteriores de China, Wang Yi, dijo que espera que la administraci\u00f3n entrante de [&hellip;]<\/p>\n","protected":false},"author":28,"featured_media":583623,"comment_status":"closed","ping_status":"closed","sticky":true,"template":"","format":"standard","meta":{"footnotes":""},"categories":[36,23],"tags":[],"class_list":["post-583622","post","type-post","status-publish","format-standard","has-post-thumbnail","hentry","category-hombresmujeresycosas","category-internacional"],"_links":{"self":[{"href":"https:\/\/diariodominicano.com\/index.php?rest_route=\/wp\/v2\/posts\/583622","targetHints":{"allow":["GET"]}}],"collection":[{"href":"https:\/\/diariodominicano.com\/index.php?rest_route=\/wp\/v2\/posts"}],"about":[{"href":"https:\/\/diariodominicano.com\/index.php?rest_route=\/wp\/v2\/types\/post"}],"author":[{"embeddable":true,"href":"https:\/\/diariodominicano.com\/index.php?rest_route=\/wp\/v2\/users\/28"}],"replies":[{"embeddable":true,"href":"https:\/\/diariodominicano.com\/index.php?rest_route=%2Fwp%2Fv2%2Fcomments&post=583622"}],"version-history":[{"count":1,"href":"https:\/\/diariodominicano.com\/index.php?rest_route=\/wp\/v2\/posts\/583622\/revisions"}],"predecessor-version":[{"id":583624,"href":"https:\/\/diariodominicano.com\/index.php?rest_route=\/wp\/v2\/posts\/583622\/revisions\/583624"}],"wp:featuredmedia":[{"embeddable":true,"href":"https:\/\/diariodominicano.com\/index.php?rest_route=\/wp\/v2\/media\/583623"}],"wp:attachment":[{"href":"https:\/\/diariodominicano.com\/index.php?rest_route=%2Fwp%2Fv2%2Fmedia&parent=583622"}],"wp:term":[{"taxonomy":"category","embeddable":true,"href":"https:\/\/diariodominicano.com\/index.php?rest_route=%2Fwp%2Fv2%2Fcategories&post=583622"},{"taxonomy":"post_tag","embeddable":true,"href":"https:\/\/diariodominicano.com\/index.php?rest_route=%2Fwp%2Fv2%2Ftags&post=583622"}],"curies":[{"name":"wp","href":"https:\/\/api.w.org\/{rel}","templated":true}]}}