{"id":583586,"date":"2024-12-17T03:34:12","date_gmt":"2024-12-17T07:34:12","guid":{"rendered":"https:\/\/diariodominicano.com\/?p=583586"},"modified":"2024-12-17T03:37:30","modified_gmt":"2024-12-17T07:37:30","slug":"presidente-abinader-encabeza-reunion-de-seguimiento-al-plan-de-seguridad-ciudadana-13","status":"publish","type":"post","link":"https:\/\/diariodominicano.com\/?p=583586","title":{"rendered":"Presidente Abinader encabez\u00f3 reuni\u00f3n de seguimiento al Plan de Seguridad Ciudadana"},"content":{"rendered":"\n<p>16 de Diciembre 2024 | 11:25<\/p>\n\n\n\n<figure class=\"wp-block-image\"><img decoding=\"async\" src=\"https:\/\/platform-cdn.sharethis.com\/img\/sharethis.svg\" alt=\"sharethis sharing button\"\/><\/figure>\n\n\n\n<p>Santo Domingo, RD.-\u00a0<strong>El presidente Luis Abinader<\/strong>\u00a0encabez\u00f3 el lunes  la reuni\u00f3n de seguimiento al\u00a0<strong>Plan de Seguridad Ciudadana<\/strong>\u00a0para continuar fortaleciendo la\u00a0<strong>seguridad en el pa\u00eds<\/strong>.<\/p>\n\n\n\n<p>El encuentro inici\u00f3 a las 10:20 de la ma\u00f1ana, en el Sal\u00f3n del Club de Oficiales del&nbsp;<strong>Palacio de la Polic\u00eda Nacional,<\/strong>&nbsp;donde se contin\u00faan evaluando las&nbsp;<strong>tareas asignadas, logros obtenidos y las medidas<\/strong>&nbsp;para seguir garantizando el bienestar&nbsp;<strong>en beneficio de los dominicanos.<\/strong><\/p>\n\n\n\n<p>En compa\u00f1\u00eda del jefe de Estado est\u00e1n los ministros, de Defensa,&nbsp;<strong>teniente general Carlos Antonio Fern\u00e1ndez Onofre;<\/strong>&nbsp;de Interior y Polic\u00eda,&nbsp;<strong>Faride Raful<\/strong>; el director de la Polic\u00eda Nacional,&nbsp;<strong>mayor general Ram\u00f3n Antonio Guzm\u00e1n Peralta<\/strong>; el comandante general del Ej\u00e9rcito,&nbsp;<strong>mayor general Jorge Iv\u00e1n Camino P\u00e9rez<\/strong>, y la presidenta de la Comisi\u00f3n T\u00e9cnica para la Reforma del Sistema Educativo de la Polic\u00eda Nacional,&nbsp;<strong>maestra Mu-Kien Adriana Sang Ben.<\/strong><\/p>\n\n\n\n<figure class=\"wp-block-image\"><img decoding=\"async\" src=\"https:\/\/presidencia.gob.do\/sites\/default\/files\/inline-images\/253db2b1-1f1f-4b95-833f-37d5e49f1fce.jpeg\" alt=\"\"\/><\/figure>\n\n\n\n<p>Tambi\u00e9n, el presidente de la Direcci\u00f3n Nacional de Control de Drogas (DNCD),&nbsp;<strong>vicealmirante Jos\u00e9 Manuel Cabrera Ulloa;<\/strong>&nbsp;los directores, de la Direcci\u00f3n General de Seguridad de Tr\u00e1nsito y Transporte Terrestre (Digesett),&nbsp;<strong>general Francisco Osoria de la Cruz<\/strong>; el director de la Polic\u00eda de Turismo (Politur),&nbsp;<strong>general Minoru Matsunaga<\/strong>; el subdirector de la Polic\u00eda Nacional,&nbsp;<strong>general Juan Hilario Guzm\u00e1n Bad\u00eda<\/strong>; el director de Asuntos Internos de la Polic\u00eda Nacional,&nbsp;<strong>general Ram\u00f3n Ram\u00edrez<\/strong>, y el asesor del Poder Ejecutivo,&nbsp;<strong>John Huvane de Giuliani.<\/strong><\/p>\n\n\n\n<p>Adem\u00e1s, de los directores de la Polic\u00eda Escolar,&nbsp;<strong>coronel Mart\u00edn Miguel Tapia S\u00e1nchez<\/strong>; de Prisiones,&nbsp;<strong>Roberto Hern\u00e1ndez Basilio<\/strong>, y el comisionado ejecutivo para Reforma Policial,&nbsp;<strong>Luis Ernesto Garc\u00eda Hern\u00e1ndez.<\/strong><\/p>\n\n\n\n<p>En la reuni\u00f3n participan tambi\u00e9n, la procuradora adjunta y titular de la Direcci\u00f3n de Persecuci\u00f3n del Ministerio P\u00fablico,&nbsp;<strong>Yeni Berenice Reynoso<\/strong>, y una comisi\u00f3n de fiscales integrada por el de Santiago,&nbsp;<strong>Osvaldo Bonilla<\/strong>; de La Vega,&nbsp;<strong>Aura Luz Garc\u00eda<\/strong>; de Mar\u00eda Trinidad S\u00e1nchez,&nbsp;<strong>Juan Antonio Mateo Cipri\u00e1n<\/strong>; de La Altagracia,&nbsp;<strong>Claudia Garrido<\/strong>; de San Pedro de Macor\u00eds,&nbsp;<strong>Juan N\u00fa\u00f1ez<\/strong>; de Duarte,&nbsp;<strong>Smaily Yamel Rodr\u00edguez.<\/strong><\/p>\n\n\n\n<p>As\u00ed como tambi\u00e9n, los fiscales titulares, de Santo Domingo Este,\u00a0<strong>Milc\u00edades Guzm\u00e1n<\/strong>; de Barahona,\u00a0<strong>Wellington Matos Espinal<\/strong>; de Peravia,\u00a0<strong>\u00c1ngel Dar\u00edo Tejeda Fabal<\/strong>; de Dajab\u00f3n,\u00a0<strong>Yeisin Alc\u00e1ntara;<\/strong>\u00a0de Espaillat,\u00a0<strong>Yorelbin Rivas<\/strong>; de La Romana,\u00a0<strong>Kevin Santana<\/strong>; de Santo Domingo Oeste,\u00a0<strong>Eduard L\u00f3pez<\/strong>; de Valverde,\u00a0<strong>V\u00edctor Mej\u00eda<\/strong>; de Hermanas Mirabal,\u00a0<strong>Zoila Agustina Rodr\u00edguez Ynfante<\/strong>; de Puerto Plata,\u00a0<strong>Kelmi D\u00fancan;<\/strong>\u00a0de Monse\u00f1or Nouel,\u00a0<strong>Joel L\u00f3pez<\/strong>, y de San Juan,\u00a0<strong>Adolfo Augusto Feliz P\u00e9rez.<\/strong><\/p>\n\n\n\n<p>Con informaci\u00f3n de la Presidencia de la Rep\u00fablica Dominicana.<\/p>\n","protected":false},"excerpt":{"rendered":"<p>16 de Diciembre 2024 | 11:25 Santo Domingo, RD.-\u00a0El presidente Luis Abinader\u00a0encabez\u00f3 el lunes la reuni\u00f3n de seguimiento al\u00a0Plan de Seguridad Ciudadana\u00a0para continuar fortaleciendo la\u00a0seguridad en el pa\u00eds. El encuentro inici\u00f3 a las 10:20 de la ma\u00f1ana, en el Sal\u00f3n del Club de Oficiales del&nbsp;Palacio de la Polic\u00eda Nacional,&nbsp;donde se contin\u00faan evaluando las&nbsp;tareas asignadas, logros [&hellip;]<\/p>\n","protected":false},"author":28,"featured_media":583587,"comment_status":"closed","ping_status":"closed","sticky":true,"template":"","format":"standard","meta":{"footnotes":""},"categories":[20,29,27],"tags":[],"class_list":["post-583586","post","type-post","status-publish","format-standard","has-post-thumbnail","hentry","category-dominicana-hoy","category-policiasucesos","category-portada"],"_links":{"self":[{"href":"https:\/\/diariodominicano.com\/index.php?rest_route=\/wp\/v2\/posts\/583586","targetHints":{"allow":["GET"]}}],"collection":[{"href":"https:\/\/diariodominicano.com\/index.php?rest_route=\/wp\/v2\/posts"}],"about":[{"href":"https:\/\/diariodominicano.com\/index.php?rest_route=\/wp\/v2\/types\/post"}],"author":[{"embeddable":true,"href":"https:\/\/diariodominicano.com\/index.php?rest_route=\/wp\/v2\/users\/28"}],"replies":[{"embeddable":true,"href":"https:\/\/diariodominicano.com\/index.php?rest_route=%2Fwp%2Fv2%2Fcomments&post=583586"}],"version-history":[{"count":3,"href":"https:\/\/diariodominicano.com\/index.php?rest_route=\/wp\/v2\/posts\/583586\/revisions"}],"predecessor-version":[{"id":583591,"href":"https:\/\/diariodominicano.com\/index.php?rest_route=\/wp\/v2\/posts\/583586\/revisions\/583591"}],"wp:featuredmedia":[{"embeddable":true,"href":"https:\/\/diariodominicano.com\/index.php?rest_route=\/wp\/v2\/media\/583587"}],"wp:attachment":[{"href":"https:\/\/diariodominicano.com\/index.php?rest_route=%2Fwp%2Fv2%2Fmedia&parent=583586"}],"wp:term":[{"taxonomy":"category","embeddable":true,"href":"https:\/\/diariodominicano.com\/index.php?rest_route=%2Fwp%2Fv2%2Fcategories&post=583586"},{"taxonomy":"post_tag","embeddable":true,"href":"https:\/\/diariodominicano.com\/index.php?rest_route=%2Fwp%2Fv2%2Ftags&post=583586"}],"curies":[{"name":"wp","href":"https:\/\/api.w.org\/{rel}","templated":true}]}}