{"id":583575,"date":"2024-12-17T03:24:22","date_gmt":"2024-12-17T07:24:22","guid":{"rendered":"https:\/\/diariodominicano.com\/?p=583575"},"modified":"2024-12-17T03:24:26","modified_gmt":"2024-12-17T07:24:26","slug":"piden-cesar-a-diputada-adepta-de-bolsonaro-por-golpismo-en-brasil","status":"publish","type":"post","link":"https:\/\/diariodominicano.com\/?p=583575","title":{"rendered":"Piden cesar a diputada adepta de Bolsonaro por golpismo en Brasil"},"content":{"rendered":"\n<p>Brasilia, 17 dic (Prensa Latina) El Partido Socialismo y Libertad (PSOL) de Brasil exige hoy la suspensi\u00f3n de la diputada Carla Zambelli, confesa adepta del expresidente Jair Bolsonaro, tras un informe policial que se\u00f1ala su presunta participaci\u00f3n en una trama golpista.<\/p>\n\n\n\n<ul class=\"wp-block-list\">\n<li><a href=\"https:\/\/www.prensa-latina.cu\/2024\/12\/17\/\"><time>diciembre 17, 2024 | 00:02<\/time><\/a><\/li>\n<\/ul>\n\n\n\n<ul class=\"wp-block-list\">\n<li><a href=\"https:\/\/www.prensa-latina.cu\/2024\/12\/17\/piden-cesar-a-diputada-adepta-de-bolsonaro-por-golpismo-en-brasil\/#\"><\/a><\/li>\n\n\n\n<li><a href=\"https:\/\/www.prensa-latina.cu\/2024\/12\/17\/piden-cesar-a-diputada-adepta-de-bolsonaro-por-golpismo-en-brasil\/#\"><\/a><\/li>\n\n\n\n<li><a href=\"https:\/\/www.prensa-latina.cu\/2024\/12\/17\/piden-cesar-a-diputada-adepta-de-bolsonaro-por-golpismo-en-brasil\/#\"><\/a><\/li>\n\n\n\n<li><a href=\"https:\/\/www.prensa-latina.cu\/2024\/12\/17\/piden-cesar-a-diputada-adepta-de-bolsonaro-por-golpismo-en-brasil\/#\"><\/a><\/li>\n<\/ul>\n\n\n\n<p>Seg\u00fan el portal Brasil de Fato, a tal reclamo se uni\u00f3 la bancada del PSOL en la C\u00e1mara de Diputados y demandaron anular a la parlamentaria junto al Consejo de \u00c9tica de esa asamblea.<\/p>\n\n\n\n<p>En el documento presentado, el partido se\u00f1ala el quiebre de decoro por el hecho de que supuestamente Zambelli, en diciembre de 2022, intent\u00f3 convencer al entonces comandante de la Aeron\u00e1utica, teniente brigadier Carlos de Almeida Baptista, para adherirse a la componenda.<\/p>\n\n\n\n<p>Tal caso es citado en las investigaciones de la llamada Operaci\u00f3n Contragolpe, desatada por la Polic\u00eda Federal (PF) en noviembre.<\/p>\n\n\n\n<p>La solicitud de casaci\u00f3n invoca el art\u00edculo 55 de la Constituci\u00f3n Federal y el C\u00f3digo de \u00c9tica de la C\u00e1mara baja, se\u00f1alando que la postura de la congresista ofende gravemente el respeto a los principios de la democracia y de la honorabilidad parlamentaria.<\/p>\n\n\n\n<p>El sitio noticioso asegura que Zambelli est\u00e1 implicada tambi\u00e9n en otros frentes, pues el 13 de diciembre, el Tribunal Regional Electoral de Sao Paulo form\u00f3 mayor\u00eda para anular el mandato de la legisladora y hacerla inelegible por difundir contenidos falsos sobre el proceso electivo.<\/p>\n\n\n\n<p>Suspendido el mismo d\u00eda, el juicio continuar\u00e1 en 2025. La acci\u00f3n judicial fue presentada por la congresista socialista S\u00e2mia Bomfim, quien manifest\u00f3 que el hecho fue movido \u00abpor abuso de poder pol\u00edtico, al difundir todo tipo de desinformaci\u00f3n en las elecciones de 2022 y ahora saber que formar\u00eda parte de toda la trama golpista, la cual desembocar\u00eda el 8 de enero (2023)\u00bb.<\/p>\n\n\n\n<p>La sociedad brasile\u00f1a est\u00e1 impactada tras el arresto el s\u00e1bado del general de la reserva Walter Braga Netto, exministro de la Casa Civil y Defensa durante el Gobierno de Bolsonaro, blanco de la investigaci\u00f3n sobre la tentativa golpista en 2022.<\/p>\n\n\n\n<p>En el informe de la PF se acusa a ambos y al exayudante de \u00f3rdenes del exmandatario ultraderechista, teniente coronel Mauro Cid, por los cr\u00edmenes de abolici\u00f3n violenta del Estado Democr\u00e1tico de Derecho, golpe de Estado y organizaci\u00f3n criminal.<\/p>\n\n\n\n<p>Durante la indagaci\u00f3n, la fuerza del orden p\u00fablico concluy\u00f3 que Braga Netto era el arquitecto de la conspiraci\u00f3n, es decir, la principal autoridad detr\u00e1s de su planificaci\u00f3n y daba respaldo y credibilidad entre los oficiales y comandantes.<\/p>\n\n\n\n<p>Era, en palabras de un perito, \u00abla cabeza, el mentor del golpe, pero bajo el mando de Bolsonaro\u00bb. En el complot se articul\u00f3 adem\u00e1s el asesinato del presidente Luiz In\u00e1cio Lula da Silva, el vicepresidente Geraldo Alckmin y el ministro Alexandre de Moraes, de la Corte Suprema.<\/p>\n\n\n\n<p>npg\/ocs<\/p>\n","protected":false},"excerpt":{"rendered":"<p>Brasilia, 17 dic (Prensa Latina) El Partido Socialismo y Libertad (PSOL) de Brasil exige hoy la suspensi\u00f3n de la diputada Carla Zambelli, confesa adepta del expresidente Jair Bolsonaro, tras un informe policial que se\u00f1ala su presunta participaci\u00f3n en una trama golpista. Seg\u00fan el portal Brasil de Fato, a tal reclamo se uni\u00f3 la bancada del [&hellip;]<\/p>\n","protected":false},"author":28,"featured_media":583576,"comment_status":"closed","ping_status":"closed","sticky":true,"template":"","format":"standard","meta":{"footnotes":""},"categories":[23],"tags":[],"class_list":["post-583575","post","type-post","status-publish","format-standard","has-post-thumbnail","hentry","category-internacional"],"_links":{"self":[{"href":"https:\/\/diariodominicano.com\/index.php?rest_route=\/wp\/v2\/posts\/583575","targetHints":{"allow":["GET"]}}],"collection":[{"href":"https:\/\/diariodominicano.com\/index.php?rest_route=\/wp\/v2\/posts"}],"about":[{"href":"https:\/\/diariodominicano.com\/index.php?rest_route=\/wp\/v2\/types\/post"}],"author":[{"embeddable":true,"href":"https:\/\/diariodominicano.com\/index.php?rest_route=\/wp\/v2\/users\/28"}],"replies":[{"embeddable":true,"href":"https:\/\/diariodominicano.com\/index.php?rest_route=%2Fwp%2Fv2%2Fcomments&post=583575"}],"version-history":[{"count":1,"href":"https:\/\/diariodominicano.com\/index.php?rest_route=\/wp\/v2\/posts\/583575\/revisions"}],"predecessor-version":[{"id":583577,"href":"https:\/\/diariodominicano.com\/index.php?rest_route=\/wp\/v2\/posts\/583575\/revisions\/583577"}],"wp:featuredmedia":[{"embeddable":true,"href":"https:\/\/diariodominicano.com\/index.php?rest_route=\/wp\/v2\/media\/583576"}],"wp:attachment":[{"href":"https:\/\/diariodominicano.com\/index.php?rest_route=%2Fwp%2Fv2%2Fmedia&parent=583575"}],"wp:term":[{"taxonomy":"category","embeddable":true,"href":"https:\/\/diariodominicano.com\/index.php?rest_route=%2Fwp%2Fv2%2Fcategories&post=583575"},{"taxonomy":"post_tag","embeddable":true,"href":"https:\/\/diariodominicano.com\/index.php?rest_route=%2Fwp%2Fv2%2Ftags&post=583575"}],"curies":[{"name":"wp","href":"https:\/\/api.w.org\/{rel}","templated":true}]}}