{"id":583502,"date":"2024-12-17T02:48:16","date_gmt":"2024-12-17T06:48:16","guid":{"rendered":"https:\/\/diariodominicano.com\/?p=583502"},"modified":"2024-12-17T02:48:22","modified_gmt":"2024-12-17T06:48:22","slug":"gobierno-de-venezuela-confirma-arresto-de-gendarme-argentino-familiares-desconocen-su-paradero","status":"publish","type":"post","link":"https:\/\/diariodominicano.com\/?p=583502","title":{"rendered":"Gobierno de Venezuela confirma arresto de gendarme argentino, familiares desconocen su paradero"},"content":{"rendered":"\n<p>Yalitza Garc\u00eda, suegra del cabo primero, Nahuel Agust\u00edn Gallo, suboficial de la Gendarmer\u00eda Nacional Argentina, arrestado en Venezuela, busca informaci\u00f3n sobre su paradero en la DGCIM.<\/p>\n\n\n\n<p>diciembre 16, 2024<\/p>\n\n\n\n<ul class=\"wp-block-list\">\n<li><a href=\"https:\/\/www.vozdeamerica.com\/author\/voz-de-america-redaccion\/p_kym\">Voz de Am\u00e9rica &#8211; Redacci\u00f3n<\/a><\/li>\n<\/ul>\n\n\n\n<ul class=\"wp-block-list\">\n<li><a href=\"https:\/\/facebook.com\/sharer.php?u=https%3a%2f%2fwww.vozdeamerica.com%2fa%2fgobierno-de-venezuela-confirma-arresto-de-gendarme-argentino-familiares-desconocen-su-paradero-%2f7903315.html\" target=\"_blank\" rel=\"noreferrer noopener\"><\/a><\/li>\n\n\n\n<li><a href=\"https:\/\/twitter.com\/share?url=https%3a%2f%2fwww.vozdeamerica.com%2fa%2fgobierno-de-venezuela-confirma-arresto-de-gendarme-argentino-familiares-desconocen-su-paradero-%2f7903315.html&amp;text=Gobierno+de+Venezuela+confirma+arresto+de+gendarme+argentino%2c+familiares+desconocen+su+paradero+\" target=\"_blank\" rel=\"noreferrer noopener\"><\/a><\/li>\n\n\n\n<li><\/li>\n\n\n\n<li><a href=\"mailto:?body=https%3a%2f%2fwww.vozdeamerica.com%2fa%2fgobierno-de-venezuela-confirma-arresto-de-gendarme-argentino-familiares-desconocen-su-paradero-%2f7903315.html&amp;subject=Gobierno%20de%20Venezuela%20confirma%20arresto%20de%20gendarme%20argentino,%20familiares%20desconocen%20su%20paradero\"><\/a><\/li>\n<\/ul>\n\n\n\n<p><a href=\"https:\/\/www.vozdeamerica.com\/a\/gobierno-de-venezuela-confirma-arresto-de-gendarme-argentino-familiares-desconocen-su-paradero-\/7903315.html#comments\">&nbsp;Vea comentarios<\/a><\/p>\n\n\n\n<p>El gobierno venezolano confirm\u00f3 el arresto de un gendarme de nacionalidad argentina que viaj\u00f3 al pa\u00eds para visitar a su pareja e hijo. Sus familiares denuncian que desconocen su paradero.<\/p>\n\n\n\n<p>El ministro de Interior y Justicia de Venezuela, Diosdado Cabello, confirm\u00f3 este lunes el&nbsp;<strong><em><a href=\"https:\/\/www.vozdeamerica.com\/a\/gobierno-de-milei-denuncia-arresto-de-empleado-local-y-de-gendarme-argentino-en-venezuela-\/7900919.html\" target=\"_blank\" rel=\"noreferrer noopener\">arresto de un gendarme<\/a>&nbsp;<\/em><\/strong>de nacionalidad argentina que de acuerdo al gobierno de Javier Milei viaj\u00f3 al pa\u00eds para visitar a su pareja y su hijo. Sus familiares denuncian que desconocen d\u00f3nde se encuentra.<\/p>\n\n\n\n<p>\u201cRespecto a lo que dice la canciller\u00eda argentina, c\u00f3mo les ha dolido eso. Una persona fue detenida, te metes en su Instagram y le da la vuelta al mundo, viaja por todo el mundo, pero su sueldo es de 500 d\u00f3lares. \u00bfC\u00f3mo lo logra?, \u00bfqu\u00e9 ven\u00eda a hacer en Venezuela?, \u00bfcu\u00e1l era su tarea aqu\u00ed en Venezuela? Eso no lo dicen, nosotros lo diremos en alg\u00fan momento\u201d, asegur\u00f3 en conferencia de prensa.<\/p>\n\n\n\n<p>\u201cTodos ponen una fachada, ten\u00eda su novia, su novio (\u2026) les doli\u00f3 porque ven\u00eda a cumplir una misi\u00f3n y no es que ha sido abordada la misi\u00f3n, no, le hemos dado un golpe duro\u201d, continu\u00f3 sin dar m\u00e1s detalles.<\/p>\n\n\n\n<figure class=\"wp-block-image\"><img decoding=\"async\" src=\"https:\/\/gdb.voanews.com\/1f656715-a37d-4f38-88f5-8330f4768d7d_w650_r1_s.jpeg\" alt=\"El cabo primero, Nahuel Agust\u00edn Gallo, suboficial de la Gendarmer\u00eda Nacional Argentina, de 33 a\u00f1os, ingres\u00f3 desde Colombia a territorio venezolano, el 8 de diciembre.\"\/><figcaption class=\"wp-element-caption\">El cabo primero, Nahuel Agust\u00edn Gallo, suboficial de la Gendarmer\u00eda Nacional Argentina, de 33 a\u00f1os, ingres\u00f3 desde Colombia a territorio venezolano, el 8 de diciembre.<\/figcaption><\/figure>\n\n\n\n<p>El cabo primero Nahuel Agust\u00edn Gallo, suboficial de la Gendarmer\u00eda Nacional Argentina, de 33 a\u00f1os, ingres\u00f3 desde Colombia a territorio venezolano el 8 de diciembre a trav\u00e9s del Puente Internacional Francisco de Paula Santander, para llegar al estado T\u00e1chira, de acuerdo con un comunicado conjunto de la canciller\u00eda y el Ministerio de Seguridad de Argentina.<\/p>\n\n\n\n<p>El mayor temor de los familiares de Gallo es que pueda ser acusado de terrorismo.<\/p>\n\n\n\n<p>Su suegra, Yalitza Garc\u00eda, acudi\u00f3 este lunes a la Direcci\u00f3n General de Contrainteligencia Militar (DGCIM), en Caracas, para preguntar si se encuentra en esa sede, pero no le dan \u201cseguridad\u201d de que est\u00e9 all\u00ed. Lo \u00faltimo que supieron de \u00e9l fue que lo arrestaron agentes de la DGCIM y que fue sometido a una entrevista.<\/p>\n\n\n\n<p>\u201cEs desesperante. Va una semana de angustia, de nervio (\u2026) esto para la familia es una desgracia, una pesadilla\u201d, manifest\u00f3 al insistir que Gallo viaj\u00f3 a Venezuela de vacaciones, y a buscar a su pareja e hijo, de dos a\u00f1os, para regresar a Argentina.<\/p>\n\n\n\n<figure class=\"wp-block-image\"><img decoding=\"async\" src=\"https:\/\/gdb.voanews.com\/1b96c081-8799-4b68-bd94-ae677a1023da_w650_r1_s.jpeg\" alt=\"El cabo primero, Nahuel Agust\u00edn Gallo, suboficial de la Gendarmer\u00eda Nacional Argentina, de 33 a\u00f1os, conversa con funcionarios tras cruzas la frontera. Se trata del \u00faltimo registro fotogr\u00e1fico del que se tenga conocimiento.\"\/><figcaption class=\"wp-element-caption\">El cabo primero, Nahuel Agust\u00edn Gallo, suboficial de la Gendarmer\u00eda Nacional Argentina, de 33 a\u00f1os, conversa con funcionarios tras cruzas la frontera. Se trata del \u00faltimo registro fotogr\u00e1fico del que se tenga conocimiento.<\/figcaption><\/figure>\n\n\n\n<p>Su suegra relata que Gallo debi\u00f3 viajar en agosto, pero qued\u00f3 suspendido tras los eventos postelectorales que se vivieron en Venezuela.<\/p>\n\n\n\n<p>\u201cQued\u00f3 para pedir sus vacaciones ahora (\u2026) nos gan\u00f3 el deseo de abrazarnos, de encontrarnos (\u2026) nos gan\u00f3 el sentimiento\u201d, sostiene al admitir que las condiciones en Venezuela no est\u00e1n dadas para viajar.<\/p>\n\n\n\n<p>Pa\u00edses como Estados Unidos y Uruguay han recomendado a sus connacionales no viajar a Venezuela.<\/p>\n\n\n\n<p>Patricia Bullrich, ministra de Seguridad de Argentina, exigi\u00f3 el fin de semana la liberaci\u00f3n del gendarme y asegur\u00f3 que est\u00e1n trabajando para evitar que la situaci\u00f3n no se convierta en casus belli.<\/p>\n\n\n\n<p>\u201cNos amenaza, eso ser\u00e1 causa de guerra. Por Dios, declararle la guerra a los ingleses que les quitaron Las Malvinas\u201d, le respondi\u00f3 Cabello a Bullrich.<\/p>\n\n\n\n<p>El arresto podr\u00eda incrementar las tensiones entre Caracas y Buenos Aires, que la semana pasada denunci\u00f3 en la Organizaci\u00f3n de Estados Americanos que el gobierno de Nicol\u00e1s Maduro sigue hostigando a 6 opositores asilados en su sede diplom\u00e1tica en Venezuela.<\/p>\n\n\n\n<p><a href=\"https:\/\/www.vozdeamerica.com\/a\/muere-el-segundo-arrestado-durante-las-protestas-postelectorales-en-venezuela\/7902096.html\"><\/a><\/p>\n\n\n\n<p><a href=\"https:\/\/www.vozdeamerica.com\/a\/muere-el-segundo-arrestado-durante-las-protestas-postelectorales-en-venezuela\/7902096.html\">Tambi\u00e9n lea<\/a><\/p>\n\n\n\n<h4 class=\"wp-block-heading\"><a href=\"https:\/\/www.vozdeamerica.com\/a\/muere-el-segundo-arrestado-durante-las-protestas-postelectorales-en-venezuela\/7902096.html\">Denuncian tercera muerte de un preso pol\u00edtico tras elecciones presidenciales en Venezuela<\/a><\/h4>\n\n\n\n<p>El fin de semana, a casi nueve meses de haber entrado en la residencia de la embajada de Argentina en Venezuela, los refugiados cercanos a la l\u00edder opositora, Mar\u00eda Corina Machado, denunciaron en su primera conferencia de prensa virtual que&nbsp;<strong><em><a href=\"https:\/\/www.vozdeamerica.com\/a\/refugiados-embajada-argentina-caracas-piden-ayuda-internacional\/7901812.html\" target=\"_blank\" rel=\"noreferrer noopener\">enfrentan una situaci\u00f3n de \u201calto riesgo\u201d.<\/a><\/em><\/strong><\/p>\n\n\n\n<p>Se encuentran en medio de una creciente incertidumbre, luego de que, de acuerdo a sus denuncias, el gobierno venezolano arreci\u00f3 un asedio policial contra la sede diplom\u00e1tica y cort\u00f3 el suministro el\u00e9ctrico y de agua potable.<\/p>\n\n\n\n<p>Luego de cuestionar los resultados de las elecciones presidenciales del 28 de julio, Venezuela rompi\u00f3 relaciones diplom\u00e1ticas con Argentina, y Brasil asumi\u00f3 su representaci\u00f3n diplom\u00e1tica en Caracas.<\/p>\n\n\n\n<p>Posteriormente el gobierno venezolano revoc\u00f3 la autorizaci\u00f3n a Brasil para representar los intereses de Argentina en su territorio.<\/p>\n\n\n\n<p>Aunque no ha divulgado resultados disgregados, el Consejo Nacional Electoral (CNE) proclam\u00f3 a Maduro ganador de las elecciones presidenciales del 28 de julio para un tercer mandato, pero la oposici\u00f3n, que public\u00f3 copias de las actas que conservaron sus testigos de mesa, denuncia fraude y le atribuye el triunfo al excandidato Edmundo Gonz\u00e1lez Urrutia, exiliado en Espa\u00f1a desde septiembre.<\/p>\n","protected":false},"excerpt":{"rendered":"<p>Yalitza Garc\u00eda, suegra del cabo primero, Nahuel Agust\u00edn Gallo, suboficial de la Gendarmer\u00eda Nacional Argentina, arrestado en Venezuela, busca informaci\u00f3n sobre su paradero en la DGCIM. diciembre 16, 2024 &nbsp;Vea comentarios El gobierno venezolano confirm\u00f3 el arresto de un gendarme de nacionalidad argentina que viaj\u00f3 al pa\u00eds para visitar a su pareja e hijo. Sus [&hellip;]<\/p>\n","protected":false},"author":28,"featured_media":583530,"comment_status":"closed","ping_status":"closed","sticky":true,"template":"","format":"standard","meta":{"footnotes":""},"categories":[36,23],"tags":[],"class_list":["post-583502","post","type-post","status-publish","format-standard","has-post-thumbnail","hentry","category-hombresmujeresycosas","category-internacional"],"_links":{"self":[{"href":"https:\/\/diariodominicano.com\/index.php?rest_route=\/wp\/v2\/posts\/583502","targetHints":{"allow":["GET"]}}],"collection":[{"href":"https:\/\/diariodominicano.com\/index.php?rest_route=\/wp\/v2\/posts"}],"about":[{"href":"https:\/\/diariodominicano.com\/index.php?rest_route=\/wp\/v2\/types\/post"}],"author":[{"embeddable":true,"href":"https:\/\/diariodominicano.com\/index.php?rest_route=\/wp\/v2\/users\/28"}],"replies":[{"embeddable":true,"href":"https:\/\/diariodominicano.com\/index.php?rest_route=%2Fwp%2Fv2%2Fcomments&post=583502"}],"version-history":[{"count":1,"href":"https:\/\/diariodominicano.com\/index.php?rest_route=\/wp\/v2\/posts\/583502\/revisions"}],"predecessor-version":[{"id":583534,"href":"https:\/\/diariodominicano.com\/index.php?rest_route=\/wp\/v2\/posts\/583502\/revisions\/583534"}],"wp:featuredmedia":[{"embeddable":true,"href":"https:\/\/diariodominicano.com\/index.php?rest_route=\/wp\/v2\/media\/583530"}],"wp:attachment":[{"href":"https:\/\/diariodominicano.com\/index.php?rest_route=%2Fwp%2Fv2%2Fmedia&parent=583502"}],"wp:term":[{"taxonomy":"category","embeddable":true,"href":"https:\/\/diariodominicano.com\/index.php?rest_route=%2Fwp%2Fv2%2Fcategories&post=583502"},{"taxonomy":"post_tag","embeddable":true,"href":"https:\/\/diariodominicano.com\/index.php?rest_route=%2Fwp%2Fv2%2Ftags&post=583502"}],"curies":[{"name":"wp","href":"https:\/\/api.w.org\/{rel}","templated":true}]}}