{"id":583479,"date":"2024-12-17T02:32:28","date_gmt":"2024-12-17T06:32:28","guid":{"rendered":"https:\/\/diariodominicano.com\/?p=583479"},"modified":"2024-12-17T02:33:06","modified_gmt":"2024-12-17T06:33:06","slug":"assad-dice-que-avance-de-los-rebeldes-sirios-lo-obligaron-a-escapar-a-rusia","status":"publish","type":"post","link":"https:\/\/diariodominicano.com\/?p=583479","title":{"rendered":"Assad dice que avance de los rebeldes sirios lo obligaron a escapar a Rusia"},"content":{"rendered":"\n<p>ARCHIVO: Un cartel destrozado con la imagen del derrocado presidente sirio Bashar al-Assad se observa en la entrada de un centro de detenci\u00f3n en Damasco, Siria, el 14 de diciembre de 2024.<\/p>\n\n\n\n<p>diciembre 16, 2024<\/p>\n\n\n\n<ul class=\"wp-block-list\">\n<li><a href=\"https:\/\/www.vozdeamerica.com\/author\/voz-de-america-redaccion\/p_kym\">Voz de Am\u00e9rica &#8211; Redacci\u00f3n<\/a><\/li>\n<\/ul>\n\n\n\n<ul class=\"wp-block-list\">\n<li><a href=\"https:\/\/facebook.com\/sharer.php?u=https%3a%2f%2fwww.vozdeamerica.com%2fa%2fassad-dice-que-avance-de-los-rebeldes-sirios-lo-obligaron-a-escapar-a-rusia%2f7903283.html\" target=\"_blank\" rel=\"noreferrer noopener\"><\/a><\/li>\n\n\n\n<li><a href=\"https:\/\/twitter.com\/share?url=https%3a%2f%2fwww.vozdeamerica.com%2fa%2fassad-dice-que-avance-de-los-rebeldes-sirios-lo-obligaron-a-escapar-a-rusia%2f7903283.html&amp;text=Assad+dice+que+avance+de+los+rebeldes+sirios+lo+obligaron+a+escapar+a+Rusia\" target=\"_blank\" rel=\"noreferrer noopener\"><\/a><\/li>\n\n\n\n<li><\/li>\n\n\n\n<li><a href=\"mailto:?body=https%3a%2f%2fwww.vozdeamerica.com%2fa%2fassad-dice-que-avance-de-los-rebeldes-sirios-lo-obligaron-a-escapar-a-rusia%2f7903283.html&amp;subject=Assad%20dice%20que%20avance%20de%20los%20rebeldes%20sirios%20lo%20obligaron%20a%20escapar%20a%20Rusia\"><\/a><\/li>\n<\/ul>\n\n\n\n<p><a href=\"https:\/\/www.vozdeamerica.com\/a\/assad-dice-que-avance-de-los-rebeldes-sirios-lo-obligaron-a-escapar-a-rusia\/7903283.html#comments\">&nbsp;Vea comentarios<\/a><\/p>\n\n\n\n<p>El depuesto l\u00edder sirio Bashar al-Assad dijo que no ten\u00eda intenciones de abandonar Siria, pero se vio forzado a escapar a Mosc\u00fa al sorprenderlo un ataque rebelde en una base rusa en su pa\u00eds.<\/p>\n\n\n\n<p>El depuesto l\u00edder sirio Bashar al-Assad dijo el lunes que no ten\u00eda planes de abandonar su pa\u00eds natal hace ocho d\u00edas despu\u00e9s de gobernarlo durante 24 a\u00f1os, pero que Mosc\u00fa le pidi\u00f3 que evacuara la base militar rusa a la que hab\u00eda huido cuando los rebeldes la atacaron y r\u00e1pidamente derrocaron a su gobierno.<\/p>\n\n\n\n<p>\u00abMi salida de Siria no fue planificada ni ocurri\u00f3 durante las \u00faltimas horas de los combates\u00bb, dijo Assad en su canal de Telegram en su primera declaraci\u00f3n desde que fue derrocado y huy\u00f3 a Rusia para refugiarse. \u00abMosc\u00fa solicit\u00f3&#8230; una evacuaci\u00f3n inmediata a Rusia en la tarde del domingo 8 de diciembre\u00bb, despu\u00e9s de haberse trasladado a Latakia anteriormente ese d\u00eda.<\/p>\n\n\n\n<p>Assad dijo que hab\u00eda planeado seguir combatiendo desde la base de la provincia costera, pero que la abandon\u00f3 despu\u00e9s de que fue atacada por un avi\u00f3n no tripulado. Hab\u00eda abandonado Damasco, la capital, cuando los rebeldes irrumpieron en la ciudad.<\/p>\n\n\n\n<p>\u00abCuando el Estado cae en manos del terrorismo y se pierde la capacidad de hacer una contribuci\u00f3n significativa, cualquier puesto pierde su prop\u00f3sito\u00bb, afirm\u00f3.<\/p>\n\n\n\n<p>Assad no dijo nada sobre d\u00f3nde vive en Rusia, sus circunstancias actuales, si planea quedarse all\u00ed o cu\u00e1ntos miembros de su familia y otros aliados huyeron con \u00e9l.<\/p>\n\n\n\n<p><a href=\"https:\/\/www.vozdeamerica.com\/a\/eeuu-contacto-directo-rebeldes-sirios-al-assad-blinken\/7901580.html\"><\/a><\/p>\n\n\n\n<p><a href=\"https:\/\/www.vozdeamerica.com\/a\/eeuu-contacto-directo-rebeldes-sirios-al-assad-blinken\/7901580.html\">Tambi\u00e9n lea<\/a><\/p>\n\n\n\n<h4 class=\"wp-block-heading\"><a href=\"https:\/\/www.vozdeamerica.com\/a\/eeuu-contacto-directo-rebeldes-sirios-al-assad-blinken\/7901580.html\">EEUU ha estado en contacto directo con rebeldes sirios que derrocaron a al-Assad, dice Blinken<\/a><\/h4>\n\n\n\n<p>El depuesto l\u00edder dijo que cuando lleg\u00f3 a la base a\u00e9rea rusa Hmeimim en Latakia, \u201cqued\u00f3 claro que nuestras fuerzas se hab\u00edan retirado completamente de todas las l\u00edneas de batalla y las \u00faltimas posiciones del ej\u00e9rcito hab\u00edan ca\u00eddo\u201d.<\/p>\n\n\n\n<p>\u201cAnte la falta de medios visibles para abandonar la base\u201d, dijo Assad, \u201cMosc\u00fa solicit\u00f3 al mando de la base que organizara una evacuaci\u00f3n inmediata a Rusia\u201d.<\/p>\n\n\n\n<p>\u201cEn ning\u00fan momento durante estos acontecimientos pens\u00e9 en renunciar o buscar refugio, ni hubo tal propuesta por parte de ning\u00fan individuo o partido\u201d, afirm\u00f3. \u201cLa \u00fanica l\u00ednea de acci\u00f3n era seguir luchando contra la embestida terrorista\u201d.<\/p>\n\n\n\n<p>La declaraci\u00f3n de Assad se produjo mientras un monitor de guerra con sede en Gran Breta\u00f1a dijo que los ataques a\u00e9reos israel\u00edes el lunes por la ma\u00f1ana alcanzaron dep\u00f3sitos de misiles en Siria y los calific\u00f3 como los \u00abataques m\u00e1s violentos\u00bb desde 2012.<\/p>\n\n\n\n<p>Israel ha estado bombardeando lo que dice son sitios militares en Siria despu\u00e9s del dram\u00e1tico colapso del r\u00e9gimen de Assad, destruyendo las defensas a\u00e9reas y la mayor parte del arsenal del antiguo ej\u00e9rcito sirio.<\/p>\n\n\n\n<p><a href=\"https:\/\/www.vozdeamerica.com\/a\/jefe-hezbola-grupo-ruta-suministro-siria\/7901510.html\"><\/a><\/p>\n\n\n\n<p><a href=\"https:\/\/www.vozdeamerica.com\/a\/jefe-hezbola-grupo-ruta-suministro-siria\/7901510.html\">Tambi\u00e9n lea<\/a><\/p>\n\n\n\n<h4 class=\"wp-block-heading\"><a href=\"https:\/\/www.vozdeamerica.com\/a\/jefe-hezbola-grupo-ruta-suministro-siria\/7901510.html\">El jefe de Hezbol\u00e1 dice que el grupo perdi\u00f3 su ruta de suministro a trav\u00e9s de Siria<\/a><\/h4>\n\n\n\n<h3 class=\"wp-block-heading\">Necesaria una transici\u00f3n liderada por los sirios<\/h3>\n\n\n\n<p>La oficina del enviado de las Naciones Unidas a Siria dijo el lunes que subray\u00f3 la necesidad de una transici\u00f3n pol\u00edtica liderada por los propios sirios al reunirse en Damasco con el jefe del grupo rebelde que lider\u00f3 el derrocamiento del presidente Bashar al-Assad.<\/p>\n\n\n\n<p>La transici\u00f3n debe basarse en los principios de una resoluci\u00f3n del Consejo de Seguridad de la ONU de 2015, que pide un \u201cgobierno cre\u00edble, inclusivo y no sectario\u201d en un plazo de seis meses, as\u00ed como establecer un proceso para redactar una nueva constituci\u00f3n con elecciones a continuaci\u00f3n, dijo la oficina del enviado Geir Pederson en su declaraci\u00f3n.<\/p>\n\n\n\n<p>En conversaciones con el l\u00edder rebelde Ahmad al-Sharaa, conocido anteriormente como Abu Mohammed al-Golani, Pederson tambi\u00e9n \u201csubray\u00f3 la intenci\u00f3n de las Naciones Unidas de prestar toda la asistencia al pueblo sirio\u201d.<\/p>\n\n\n\n<p>Un comunicado rebelde dijo que al-Sharaa discuti\u00f3 la necesidad de actualizar la resoluci\u00f3n para reflejar la situaci\u00f3n actual en Siria.<\/p>\n\n\n\n<p><a href=\"https:\/\/www.vozdeamerica.com\/a\/rusia-presencia-siria-pais-fuentes\/7901394.html\"><\/a><\/p>\n\n\n\n<p><a href=\"https:\/\/www.vozdeamerica.com\/a\/rusia-presencia-siria-pais-fuentes\/7901394.html\">Tambi\u00e9n lea<\/a><\/p>\n\n\n\n<h4 class=\"wp-block-heading\"><a href=\"https:\/\/www.vozdeamerica.com\/a\/rusia-presencia-siria-pais-fuentes\/7901394.html\">Rusia reduce su presencia en Siria, pero no deja el pa\u00eds: fuentes<\/a><\/h4>\n\n\n\n<p>La visita de Pederson es parte de un amplio compromiso internacional con los rebeldes desde el derrocamiento de Assad, mientras Siria enfrenta una agitaci\u00f3n pol\u00edtica tras m\u00e1s de 50 a\u00f1os de gobierno de la familia Assad y la necesidad de una reconstrucci\u00f3n masiva despu\u00e9s de una sangrienta guerra civil.<\/p>\n\n\n\n<p>El jefe humanitario de la ONU, Tom Fletcher, dijo el lunes que lleg\u00f3 a Beirut y que se dirigir\u00e1 a Damasco.<\/p>\n\n\n\n<p>\u00abUna semana de cambio en cinco d\u00e9cadas, y luego cinco d\u00e9cadas de cambio en una semana\u00bb, dijo Fletcher en X.<\/p>\n\n\n\n<p>La jefa de pol\u00edtica exterior de la Uni\u00f3n Europea, Kaja Kallas, dijo que el enviado de la UE a Siria se dirig\u00eda a Damasco el lunes para mantener conversaciones.<\/p>\n\n\n\n<p>El grupo de Al-Sharaa, Haya Tahrir al-Sham (HTS), est\u00e1 designado como grupo terrorista por Estados Unidos y otros.<\/p>\n\n\n\n<p>A medida que los gobiernos se relacionan con los rebeldes, los funcionarios han se\u00f1alado su voluntad de reconsiderar ese estatus, pero han advertido que ser\u00e1n las acciones del grupo las que se juzgar\u00e1n en cualquier proceso de reconsideraci\u00f3n.<\/p>\n\n\n\n<p>\u00abPara nosotros, no son s\u00f3lo palabras, sino que queremos ver que los hechos vayan en la direcci\u00f3n correcta\u00bb, dijo Kallas a los periodistas en Bruselas.<\/p>\n\n\n\n<p>\u00abSiria se enfrenta a un futuro optimista, positivo, pero bastante incierto, y tenemos que asegurarnos de que esto vaya en la direcci\u00f3n correcta\u00bb, a\u00f1adi\u00f3 Kallas.<\/p>\n\n\n\n<p><em>[Con informaci\u00f3n de AP, AFP y Reuters]<\/em><\/p>\n","protected":false},"excerpt":{"rendered":"<p>ARCHIVO: Un cartel destrozado con la imagen del derrocado presidente sirio Bashar al-Assad se observa en la entrada de un centro de detenci\u00f3n en Damasco, Siria, el 14 de diciembre de 2024. diciembre 16, 2024 &nbsp;Vea comentarios El depuesto l\u00edder sirio Bashar al-Assad dijo que no ten\u00eda intenciones de abandonar Siria, pero se vio forzado [&hellip;]<\/p>\n","protected":false},"author":28,"featured_media":583481,"comment_status":"closed","ping_status":"closed","sticky":true,"template":"","format":"standard","meta":{"footnotes":""},"categories":[23],"tags":[],"class_list":["post-583479","post","type-post","status-publish","format-standard","has-post-thumbnail","hentry","category-internacional"],"_links":{"self":[{"href":"https:\/\/diariodominicano.com\/index.php?rest_route=\/wp\/v2\/posts\/583479","targetHints":{"allow":["GET"]}}],"collection":[{"href":"https:\/\/diariodominicano.com\/index.php?rest_route=\/wp\/v2\/posts"}],"about":[{"href":"https:\/\/diariodominicano.com\/index.php?rest_route=\/wp\/v2\/types\/post"}],"author":[{"embeddable":true,"href":"https:\/\/diariodominicano.com\/index.php?rest_route=\/wp\/v2\/users\/28"}],"replies":[{"embeddable":true,"href":"https:\/\/diariodominicano.com\/index.php?rest_route=%2Fwp%2Fv2%2Fcomments&post=583479"}],"version-history":[{"count":2,"href":"https:\/\/diariodominicano.com\/index.php?rest_route=\/wp\/v2\/posts\/583479\/revisions"}],"predecessor-version":[{"id":583484,"href":"https:\/\/diariodominicano.com\/index.php?rest_route=\/wp\/v2\/posts\/583479\/revisions\/583484"}],"wp:featuredmedia":[{"embeddable":true,"href":"https:\/\/diariodominicano.com\/index.php?rest_route=\/wp\/v2\/media\/583481"}],"wp:attachment":[{"href":"https:\/\/diariodominicano.com\/index.php?rest_route=%2Fwp%2Fv2%2Fmedia&parent=583479"}],"wp:term":[{"taxonomy":"category","embeddable":true,"href":"https:\/\/diariodominicano.com\/index.php?rest_route=%2Fwp%2Fv2%2Fcategories&post=583479"},{"taxonomy":"post_tag","embeddable":true,"href":"https:\/\/diariodominicano.com\/index.php?rest_route=%2Fwp%2Fv2%2Ftags&post=583479"}],"curies":[{"name":"wp","href":"https:\/\/api.w.org\/{rel}","templated":true}]}}