{"id":583424,"date":"2024-12-17T01:05:30","date_gmt":"2024-12-17T05:05:30","guid":{"rendered":"https:\/\/diariodominicano.com\/?p=583424"},"modified":"2024-12-17T01:05:41","modified_gmt":"2024-12-17T05:05:41","slug":"una-sociedad-que-necesita-curacion","status":"publish","type":"post","link":"https:\/\/diariodominicano.com\/?p=583424","title":{"rendered":"Una sociedad que necesita curaci\u00f3n"},"content":{"rendered":"\n<p>Por: Ram\u00f3n Antonio Veras <\/p>\n\n\n\n<p>1.- El mayor n\u00famero de dominicanas y dominicanos desean llevar una vida tranquila, sosegada, pero el ambiente nuestro se ha hecho horrible, causa pavor, es horroroso.<\/p>\n\n\n\n<p>2.- C\u00f3mo disfrutar de paz espiritual si en nuestro medio se ha hecho com\u00fan y corriente la ocurrencia de actos espeluznantes que aterrorizan al m\u00e1s calmado.<\/p>\n\n\n\n<p>3.- Los atracos y asaltos en domicilios, calles y avenidas; las acciones de sicariato; el desarrollo de uso y tr\u00e1fico de estupefacientes, as\u00ed como otros hechos que motivan miedo, no son por capricho de sus autores, sino fruto de la descomposici\u00f3n social.<\/p>\n\n\n\n<p>4.- Si aspiramos a estar en un medio libre de bandoleros, facinerosos, bandidos e infractores, debemos de preocuparnos por crear las condiciones adecuadas para formar a mujeres y hombres de bien, libres de ideas perjudiciales, contrarias al buen vivir.<\/p>\n\n\n\n<p>5.- El pa\u00eds que aspira a tener en su seno a ciudadanas y ciudadanos debidamente hechos para actuar correctamente est\u00e1 en el deber de dedicarse a darles adecuada formaci\u00f3n.<\/p>\n\n\n\n<p>6.- Producir mujeres y hombres buenos es moldearlos para el correcto comportamiento. Es ense\u00f1arles a que sean modelo en la pr\u00e1ctica de la moral social.<\/p>\n\n\n\n<p>7.- Formar a una persona es llevarle a su cerebro un conjunto de ideas y conceptos que contribuyan a la composici\u00f3n de un todo articulado que ser\u00e1 su gu\u00eda en la manera de actuar.<\/p>\n\n\n\n<p>8.- Partiendo del razonamiento anterior, es f\u00e1cil llegar a la conclusi\u00f3n de que en nuestro pa\u00eds, el sistema educativo no tiene como objetivo producir ciudadanas y ciudadanos con conducta apoyada en normas y principios que sean expresi\u00f3n de un decoroso accionar en sociedad.<\/p>\n\n\n\n<p>9.- Hacer ciudadanas y ciudadanos de buen comportamiento es una labor social y de alto inter\u00e9s c\u00edvico. No olvidemos que: \u00abBasta un instante para forjar un h\u00e9roe, pero es preciso toda una vida para hacer un hombre de bien\u00bb.<\/p>\n\n\n\n<p>10.- A la ni\u00f1ez dominicana, en la escuela, hay que comenzar a orientarla en el sentido de que siempre debe mantener en lo m\u00e1s alto buena conducta, porque solo as\u00ed lograr\u00e1 tener el respeto y consideraci\u00f3n de sus connacionales.<\/p>\n\n\n\n<p>11.- Si queremos disfrutar de un medio que se ajuste al decente vivir, hay que comenzar con una educaci\u00f3n general que prepare a la mujer y al hombre del futuro adiestrados para ser modelo de sana convivencia.<\/p>\n\n\n\n<p>12.- Lo ideal ser\u00eda que en nuestro pa\u00eds los dirigentes de la sociedad se ocuparan, desde los centros escolares, de motivar a las ni\u00f1as y a los ni\u00f1os para que se interesen por ser en el ma\u00f1ana personas dignas de ser honradas.<\/p>\n\n\n\n<p>13.- Si no queremos continuar como hasta ahora, en permanente estado de sobresalto, de p\u00e1nico, lo que procede es bien formar a la ni\u00f1ez dominicana, pues solamente as\u00ed es posible contar con gente de bien, no con antisociales.<\/p>\n\n\n\n<p>14.- No es normal que una comunidad de mujeres y hombres civilizados acepte estar alarmada, permanecer de susto en susto, atemorizada como si hubiera hecho de amedrentarse una habitualidad.<\/p>\n\n\n\n<p>15.- Aqu\u00ed, los d\u00edas que transcurren hacen posible la presencia de m\u00e1s personas colocadas al margen de la ley, porque mientras m\u00e1s a\u00f1ejo y achacoso se hace el actual r\u00e9gimen social y econ\u00f3mico, m\u00e1s antisociales produce.<\/p>\n\n\n\n<p>16.- La presencia de muchos delincuentes de cuello blanco y cuello sucio en una sociedad es demostraci\u00f3n de que la misma est\u00e1 enferma y precisa ser curada mediante procedimientos y m\u00e9todos de contenido social.<\/p>\n\n\n\n<p>Santiago de los Caballeros<\/p>\n","protected":false},"excerpt":{"rendered":"<p>Por: Ram\u00f3n Antonio Veras 1.- El mayor n\u00famero de dominicanas y dominicanos desean llevar una vida tranquila, sosegada, pero el ambiente nuestro se ha hecho horrible, causa pavor, es horroroso. 2.- C\u00f3mo disfrutar de paz espiritual si en nuestro medio se ha hecho com\u00fan y corriente la ocurrencia de actos espeluznantes que aterrorizan al m\u00e1s [&hellip;]<\/p>\n","protected":false},"author":7,"featured_media":404710,"comment_status":"closed","ping_status":"closed","sticky":false,"template":"","format":"standard","meta":{"footnotes":""},"categories":[16],"tags":[426],"class_list":["post-583424","post","type-post","status-publish","format-standard","has-post-thumbnail","hentry","category-opiniones","tag-ramon-antonio-veras"],"_links":{"self":[{"href":"https:\/\/diariodominicano.com\/index.php?rest_route=\/wp\/v2\/posts\/583424","targetHints":{"allow":["GET"]}}],"collection":[{"href":"https:\/\/diariodominicano.com\/index.php?rest_route=\/wp\/v2\/posts"}],"about":[{"href":"https:\/\/diariodominicano.com\/index.php?rest_route=\/wp\/v2\/types\/post"}],"author":[{"embeddable":true,"href":"https:\/\/diariodominicano.com\/index.php?rest_route=\/wp\/v2\/users\/7"}],"replies":[{"embeddable":true,"href":"https:\/\/diariodominicano.com\/index.php?rest_route=%2Fwp%2Fv2%2Fcomments&post=583424"}],"version-history":[{"count":2,"href":"https:\/\/diariodominicano.com\/index.php?rest_route=\/wp\/v2\/posts\/583424\/revisions"}],"predecessor-version":[{"id":583438,"href":"https:\/\/diariodominicano.com\/index.php?rest_route=\/wp\/v2\/posts\/583424\/revisions\/583438"}],"wp:featuredmedia":[{"embeddable":true,"href":"https:\/\/diariodominicano.com\/index.php?rest_route=\/wp\/v2\/media\/404710"}],"wp:attachment":[{"href":"https:\/\/diariodominicano.com\/index.php?rest_route=%2Fwp%2Fv2%2Fmedia&parent=583424"}],"wp:term":[{"taxonomy":"category","embeddable":true,"href":"https:\/\/diariodominicano.com\/index.php?rest_route=%2Fwp%2Fv2%2Fcategories&post=583424"},{"taxonomy":"post_tag","embeddable":true,"href":"https:\/\/diariodominicano.com\/index.php?rest_route=%2Fwp%2Fv2%2Ftags&post=583424"}],"curies":[{"name":"wp","href":"https:\/\/api.w.org\/{rel}","templated":true}]}}