{"id":583351,"date":"2024-12-16T19:49:46","date_gmt":"2024-12-16T23:49:46","guid":{"rendered":"https:\/\/diariodominicano.com\/?p=583351"},"modified":"2024-12-16T19:50:19","modified_gmt":"2024-12-16T23:50:19","slug":"en-su-15-a-edicion-el-festival-internacional-de-teatro-para-la-infancia-y-la-juventud-trajo-mucha-diversion-sorpresas-y-regalos-visuales-para-el-publico-escolar-y-familiar","status":"publish","type":"post","link":"https:\/\/diariodominicano.com\/?p=583351","title":{"rendered":"En su 15.\u00aa edici\u00f3n, el Festival Internacional de Teatro para la Infancia y la Juventud trajo mucha diversi\u00f3n, sorpresas y regalos visuales para el p\u00fablico escolar y familiar"},"content":{"rendered":"\n<p><em>\u201cEl Flautista de Hamel\u00edn\u201d, \u201cRat\u00f3s, el tejido del tiempo\u201d, \u201cHistoria de burros\u201d, \u201cCantares de cigarra\u201d, \u201cEl circo de las maravillas\u201d y \u201cEl camino de Mum\u201d fueron algunos de los espect\u00e1culos que formaron parte de la programaci\u00f3n del FITIJ 2024.<\/em><strong>dic<\/strong><strong>iembre de 2024.<\/strong>&nbsp;La decimoquinta edici\u00f3n del Festival Internacional para la Infancia y la Juventud (FITIJ-RD 2024), que organiza la Fundaci\u00f3n Teatro C\u00facara-M\u00e1cara, finaliz\u00f3 con una masiva asistencia de p\u00fablico escolar y familiar que disfrut\u00f3 de los espect\u00e1culos presentados en los diferentes escenarios donde fueron presentadas las obras de lunes a viernes para los escolares y los fines de semana para toda la familia.<\/p>\n\n\n\n<figure class=\"wp-block-gallery has-nested-images columns-default is-cropped wp-block-gallery-1 is-layout-flex wp-block-gallery-is-layout-flex\">\n<figure class=\"wp-block-image size-large\"><img loading=\"lazy\" decoding=\"async\" width=\"1024\" height=\"768\" data-id=\"583405\" src=\"https:\/\/diariodominicano.com\/wp-content\/uploads\/2024\/12\/Basilio-Nova-en-plena-accion-de-El-Flautista-en-NOVA-Teatro-durante-el-15-FITIJ-2024-1024x768.jpg\" alt=\"\" class=\"wp-image-583405\" srcset=\"https:\/\/diariodominicano.com\/wp-content\/uploads\/2024\/12\/Basilio-Nova-en-plena-accion-de-El-Flautista-en-NOVA-Teatro-durante-el-15-FITIJ-2024-1024x768.jpg 1024w, https:\/\/diariodominicano.com\/wp-content\/uploads\/2024\/12\/Basilio-Nova-en-plena-accion-de-El-Flautista-en-NOVA-Teatro-durante-el-15-FITIJ-2024-300x225.jpg 300w, https:\/\/diariodominicano.com\/wp-content\/uploads\/2024\/12\/Basilio-Nova-en-plena-accion-de-El-Flautista-en-NOVA-Teatro-durante-el-15-FITIJ-2024-768x576.jpg 768w, https:\/\/diariodominicano.com\/wp-content\/uploads\/2024\/12\/Basilio-Nova-en-plena-accion-de-El-Flautista-en-NOVA-Teatro-durante-el-15-FITIJ-2024-816x612.jpg 816w, https:\/\/diariodominicano.com\/wp-content\/uploads\/2024\/12\/Basilio-Nova-en-plena-accion-de-El-Flautista-en-NOVA-Teatro-durante-el-15-FITIJ-2024.jpg 1240w\" sizes=\"auto, (max-width: 1024px) 100vw, 1024px\" \/><figcaption class=\"wp-element-caption\">Basilio Nova en plena acci\u00f3n de El Flautista en NOVA Teatro durante el 15 FITIJ 2024 <\/figcaption><\/figure>\n<\/figure>\n\n\n\n<p>De manera muy especial, esta edici\u00f3n fue dedicada a Espa\u00f1a como pa\u00eds de honor, de donde lleg\u00f3 la obra \u201cLas preciosas rid\u00edculas\u201d, con la que fue inaugurado el FITIJ 2024. Esta producci\u00f3n mostr\u00f3 una adaptaci\u00f3n de la pieza hom\u00f3nima escrita por Moli\u00e8re en el siglo XVII, adaptada a su vez por Marcos Altuve.<\/p>\n\n\n\n<p>Basilio Nova, director general y art\u00edstico, afirm\u00f3 que, desde su creaci\u00f3n, este festival se ha consolidado como la actividad teatral por excelencia para ni\u00f1os, ni\u00f1as, j\u00f3venes y familias en Rep\u00fablica Dominicana y uno de los m\u00e1s destacados eventos teatrales en el Caribe y Centroam\u00e9rica porque presenta teatro de muy buena calidad profesional y con un contenido educativo.<\/p>\n\n\n\n<figure class=\"wp-block-gallery has-nested-images columns-default is-cropped wp-block-gallery-2 is-layout-flex wp-block-gallery-is-layout-flex\">\n<figure class=\"wp-block-image size-large\"><img loading=\"lazy\" decoding=\"async\" width=\"1024\" height=\"768\" data-id=\"583404\" src=\"https:\/\/diariodominicano.com\/wp-content\/uploads\/2024\/12\/Basilio-Nova-en-su-interprescion-de-El-Flautista-de-Hamelin-en-NOVA-Teatro-15-FITIJ-2024-1024x768.jpg\" alt=\"\" class=\"wp-image-583404\" srcset=\"https:\/\/diariodominicano.com\/wp-content\/uploads\/2024\/12\/Basilio-Nova-en-su-interprescion-de-El-Flautista-de-Hamelin-en-NOVA-Teatro-15-FITIJ-2024-1024x768.jpg 1024w, https:\/\/diariodominicano.com\/wp-content\/uploads\/2024\/12\/Basilio-Nova-en-su-interprescion-de-El-Flautista-de-Hamelin-en-NOVA-Teatro-15-FITIJ-2024-300x225.jpg 300w, https:\/\/diariodominicano.com\/wp-content\/uploads\/2024\/12\/Basilio-Nova-en-su-interprescion-de-El-Flautista-de-Hamelin-en-NOVA-Teatro-15-FITIJ-2024-768x576.jpg 768w, https:\/\/diariodominicano.com\/wp-content\/uploads\/2024\/12\/Basilio-Nova-en-su-interprescion-de-El-Flautista-de-Hamelin-en-NOVA-Teatro-15-FITIJ-2024-816x612.jpg 816w, https:\/\/diariodominicano.com\/wp-content\/uploads\/2024\/12\/Basilio-Nova-en-su-interprescion-de-El-Flautista-de-Hamelin-en-NOVA-Teatro-15-FITIJ-2024.jpg 1240w\" sizes=\"auto, (max-width: 1024px) 100vw, 1024px\" \/><figcaption class=\"wp-element-caption\">Basilio Nova en su interprescion de El Flautista de Hamelin, en NOVA Teatro, 15 FITIJ 2024 <\/figcaption><\/figure>\n<\/figure>\n\n\n\n<p>Con este objetivo fueron presentadas las obras: \u00abRat\u00f3s, el tejido del tiempo\u00bb y \u201cEl Circo de las maravillas\u201d, de El Ba\u00fal de la Fantas\u00eda, Colombia; \u201cHistoria de burros\u201d, que desde Cuba trajo el Teatro de las Estaciones; \u201cLas preciosas rid\u00edculas\u00bb; \u201cEl camino de Mum\u00bb, tra\u00eddo desde Argentina por Br\u00fajula Teatro a Cuerda, y&nbsp;<strong>\u201c<\/strong>El flautista de Hamel\u00edn\u201d,&nbsp;en una producci\u00f3n de Teatro C\u00fccara-M\u00e1cara, la agrupaci\u00f3n anfitriona y con la cual Basilio Nova celebr\u00f3 sus 50 a\u00f1os en las tablas.<\/p>\n\n\n\n<p>En esta edici\u00f3n se realizaron 35 funciones de estas obras, que se realizaron&nbsp;de manera simult\u00e1nea en las salas La Dram\u00e1tica y Manuel Rueda, de Bellas Artes, Sala Otto Coro del Teatro Guloya, NOVA Teatro de la Fundaci\u00f3n Teatro C\u00facara-M\u00e1cara, en las instalaciones del Centro Cultural Banreservas y del Centro Cultural de Espa\u00f1a.<\/p>\n\n\n\n<p>Tambi\u00e9n hubo funci\u00f3n en varios espacios alternativos, entre ellos el Sal\u00f3n Do\u00f1a Ren\u00e9 Clan de Guzm\u00e1n de CONANI y en el colegio Manitas de Oro, en Santo Domingo Este. Todas las representaciones fueron muy bien recibidas y aplaudidas por el p\u00fablico que llen\u00f3 los teatros, afirma la productora Ana Jim\u00e9nez Grull\u00f3n.<\/p>\n\n\n\n<p>Basilio Nova record\u00f3 que, en el acto&nbsp;inaugural, el director del Centro Cultural de Espa\u00f1a, se\u00f1or Jes\u00fas Oyamburu, agradeci\u00f3 a los organizadores la dedicatoria del festival a su pa\u00eds, al tiempo que resalt\u00f3 el valor que tiene la cultura para el desarrollo de los pueblos; y reiter\u00f3 que el CCE seguir\u00e1 brindando su respaldo a la organizaci\u00f3n del FITIJ, un importante evento teatral para Rep\u00fablica Dominicana.<\/p>\n\n\n\n<p>El FITIJ 2024, que tuvo por lema \u2018Volando en la imaginaci\u00f3n\u2019, cerr\u00f3 con dos funciones a casa llena en Nova Teatro con la obra \u201cHistoria de Burros\u201d, del Teatro de las Estaciones de Cuba y de El Circo de las Maravillas, de El Ba\u00fal de la Fantas\u00eda, de Colombia.<\/p>\n\n\n\n<p>\u201cCelebrar quince a\u00f1os de un evento teatral en Rep\u00fablica Dominicana es un gran logro y una tremenda osad\u00eda, pero estamos agradecidos del apoyo recibido para esta edici\u00f3n que ha superado nuestras expectativas, lo que nos compromete a seguir trabajando con esmero, a dar el todo por todo para ofrecerles cada vez una mejor edici\u00f3n del FITIJ, considerado como el principal festival del teatro independiente de nuestro pa\u00eds\u201d, expres\u00f3 Nova.<\/p>\n\n\n\n<p><strong>Apoyo<\/strong><\/p>\n\n\n\n<p>La decimoquinta edici\u00f3n del Festival Internacional para la Infancia y la Juventud (FITIJ-RD 2024) cont\u00f3 con el apoyo del Banco de Reservas, la Direcci\u00f3n de Mecenazgo, el Banco Popular Dominicano, el Ministerio de Cultura, el Centro Cultural de Espa\u00f1a y el Banco Central.<\/p>\n","protected":false},"excerpt":{"rendered":"<p>\u201cEl Flautista de Hamel\u00edn\u201d, \u201cRat\u00f3s, el tejido del tiempo\u201d, \u201cHistoria de burros\u201d, \u201cCantares de cigarra\u201d, \u201cEl circo de las maravillas\u201d y \u201cEl camino de Mum\u201d fueron algunos de los espect\u00e1culos que formaron parte de la programaci\u00f3n del FITIJ 2024.diciembre de 2024.&nbsp;La decimoquinta edici\u00f3n del Festival Internacional para la Infancia y la Juventud (FITIJ-RD 2024), que [&hellip;]<\/p>\n","protected":false},"author":7,"featured_media":583406,"comment_status":"closed","ping_status":"closed","sticky":false,"template":"","format":"standard","meta":{"footnotes":""},"categories":[21],"tags":[969],"class_list":["post-583351","post","type-post","status-publish","format-standard","has-post-thumbnail","hentry","category-cultura","tag-festival-internacional-de-teatro"],"_links":{"self":[{"href":"https:\/\/diariodominicano.com\/index.php?rest_route=\/wp\/v2\/posts\/583351","targetHints":{"allow":["GET"]}}],"collection":[{"href":"https:\/\/diariodominicano.com\/index.php?rest_route=\/wp\/v2\/posts"}],"about":[{"href":"https:\/\/diariodominicano.com\/index.php?rest_route=\/wp\/v2\/types\/post"}],"author":[{"embeddable":true,"href":"https:\/\/diariodominicano.com\/index.php?rest_route=\/wp\/v2\/users\/7"}],"replies":[{"embeddable":true,"href":"https:\/\/diariodominicano.com\/index.php?rest_route=%2Fwp%2Fv2%2Fcomments&post=583351"}],"version-history":[{"count":1,"href":"https:\/\/diariodominicano.com\/index.php?rest_route=\/wp\/v2\/posts\/583351\/revisions"}],"predecessor-version":[{"id":583412,"href":"https:\/\/diariodominicano.com\/index.php?rest_route=\/wp\/v2\/posts\/583351\/revisions\/583412"}],"wp:featuredmedia":[{"embeddable":true,"href":"https:\/\/diariodominicano.com\/index.php?rest_route=\/wp\/v2\/media\/583406"}],"wp:attachment":[{"href":"https:\/\/diariodominicano.com\/index.php?rest_route=%2Fwp%2Fv2%2Fmedia&parent=583351"}],"wp:term":[{"taxonomy":"category","embeddable":true,"href":"https:\/\/diariodominicano.com\/index.php?rest_route=%2Fwp%2Fv2%2Fcategories&post=583351"},{"taxonomy":"post_tag","embeddable":true,"href":"https:\/\/diariodominicano.com\/index.php?rest_route=%2Fwp%2Fv2%2Ftags&post=583351"}],"curies":[{"name":"wp","href":"https:\/\/api.w.org\/{rel}","templated":true}]}}