{"id":583347,"date":"2024-12-16T18:28:19","date_gmt":"2024-12-16T22:28:19","guid":{"rendered":"https:\/\/diariodominicano.com\/?p=583347"},"modified":"2024-12-17T01:22:19","modified_gmt":"2024-12-17T05:22:19","slug":"la-alcaldia-del-distrito-nacional-y-el-inefi-firman-convenio-en-favor-del-deporte-escolar","status":"publish","type":"post","link":"https:\/\/diariodominicano.com\/?p=583347","title":{"rendered":"La Alcald\u00eda del Distrito Nacional y el INEFI firman convenio en favor del deporte escolar"},"content":{"rendered":"\n<p><em>Ambos organismos crear\u00e1n iniciativas que permitan ampliar los eventos deportivos escolares en el Distrito Nacional y el desarrollo de los estudiantes atletas en esa demarcaci\u00f3n.<\/em><\/p>\n\n\n\n<p>SANTO DOMINGO.- Procurando desarrollar y fomentar el deporte y la recreaci\u00f3n escolar en la zona metropolitana, el Ministerio de Educaci\u00f3n (MINERD), a trav\u00e9s del Instituto Nacional de Educaci\u00f3n F\u00edsica (INEFI), firm\u00f3 este lunes un convenio institucional con la Alcald\u00eda del Distrito Nacional, acuerdo que se llev\u00f3 a cabo en el Palacio Consistorial, ubicado en la Ciudad Colonia, de esta capital.<\/p>\n\n\n\n<p>La alcaldesa Carolina Mej\u00eda y el director ejecutivo del INEFI, Alberto Rodr\u00edguez Mella, tras rubricar sus firmas, se comprometieron \u201ca coordinar, supervisar, desarrollar e implementar actividades conjuntas tendentes a generar y fortalecer capacidades t\u00e9cnicas y productivas, necesarias para la consecuci\u00f3n de la pr\u00e1ctica saludable del deporte en los torneos intercolegiales\u201d.<\/p>\n\n\n\n<figure class=\"wp-block-gallery has-nested-images columns-default is-cropped wp-block-gallery-1 is-layout-flex wp-block-gallery-is-layout-flex\">\n<figure class=\"wp-block-image size-large\"><img loading=\"lazy\" decoding=\"async\" width=\"1024\" height=\"682\" data-id=\"583355\" src=\"https:\/\/diariodominicano.com\/wp-content\/uploads\/2024\/12\/El-director-ejecutivo-del-Instituto-Nacional-de-Educacion-Fisica-INEFI-Alberto-Rodriguez-Mella-y-la-alcaldesa-del-DN-Carolina-Mejia-1024x682.jpg\" alt=\"\" class=\"wp-image-583355\" srcset=\"https:\/\/diariodominicano.com\/wp-content\/uploads\/2024\/12\/El-director-ejecutivo-del-Instituto-Nacional-de-Educacion-Fisica-INEFI-Alberto-Rodriguez-Mella-y-la-alcaldesa-del-DN-Carolina-Mejia-1024x682.jpg 1024w, https:\/\/diariodominicano.com\/wp-content\/uploads\/2024\/12\/El-director-ejecutivo-del-Instituto-Nacional-de-Educacion-Fisica-INEFI-Alberto-Rodriguez-Mella-y-la-alcaldesa-del-DN-Carolina-Mejia-300x200.jpg 300w, https:\/\/diariodominicano.com\/wp-content\/uploads\/2024\/12\/El-director-ejecutivo-del-Instituto-Nacional-de-Educacion-Fisica-INEFI-Alberto-Rodriguez-Mella-y-la-alcaldesa-del-DN-Carolina-Mejia-768x512.jpg 768w, https:\/\/diariodominicano.com\/wp-content\/uploads\/2024\/12\/El-director-ejecutivo-del-Instituto-Nacional-de-Educacion-Fisica-INEFI-Alberto-Rodriguez-Mella-y-la-alcaldesa-del-DN-Carolina-Mejia-816x544.jpg 816w, https:\/\/diariodominicano.com\/wp-content\/uploads\/2024\/12\/El-director-ejecutivo-del-Instituto-Nacional-de-Educacion-Fisica-INEFI-Alberto-Rodriguez-Mella-y-la-alcaldesa-del-DN-Carolina-Mejia.jpg 1280w\" sizes=\"auto, (max-width: 1024px) 100vw, 1024px\" \/><figcaption class=\"wp-element-caption\">El director ejecutivo del Instituto Nacional de Educaci\u00f3n F\u00edsica (INEFI), Alberto Rodr\u00edguez Mella, y la alcaldesa del Distrito Nacional, Carolina Mej\u00eda, firman el acuerdo entre ambas instituciones en el Palacio Consistorial, en la Ciudad Colonial <\/figcaption><\/figure>\n<\/figure>\n\n\n\n<p>En ese sentido, Rodr\u00edguez Mella revel\u00f3 que el INEFI y el ADN tienen una relaci\u00f3n de trabajo desde hace muchos a\u00f1os, y en tal sentido felicit\u00f3 a la alcaldesa Carolina Mej\u00eda, quien ha contribuido con el fomento del deporte y la recreaci\u00f3n en los barrios.<\/p>\n\n\n\n<p>\u201cQuiero aprovechar para felicitar a la alcaldesa y a su equipo por la penetraci\u00f3n en los centros educativos p\u00fablicos y privados. Esto ha creado un impacto que quiz\u00e1s la alcald\u00eda no lo ha medido, pero uno que est\u00e1 visitando constantemente las escuelas hemos recibido dicha noticia\u201d, resalt\u00f3.\u00a0<\/p>\n\n\n\n<figure class=\"wp-block-gallery has-nested-images columns-default is-cropped wp-block-gallery-2 is-layout-flex wp-block-gallery-is-layout-flex\">\n<figure class=\"wp-block-image size-large\"><img loading=\"lazy\" decoding=\"async\" width=\"956\" height=\"692\" data-id=\"583354\" src=\"https:\/\/diariodominicano.com\/wp-content\/uploads\/2024\/12\/El-director-ejecutivo-del-Instituto-Nacional-de-Educacion-Fisica-INEFI-Alberto-Rodriguez-Mella-luego-de-firmar-el-acuerdo-con-la-alcaldesa-del-Distrito-Nacional.jpg\" alt=\"\" class=\"wp-image-583354\" srcset=\"https:\/\/diariodominicano.com\/wp-content\/uploads\/2024\/12\/El-director-ejecutivo-del-Instituto-Nacional-de-Educacion-Fisica-INEFI-Alberto-Rodriguez-Mella-luego-de-firmar-el-acuerdo-con-la-alcaldesa-del-Distrito-Nacional.jpg 956w, https:\/\/diariodominicano.com\/wp-content\/uploads\/2024\/12\/El-director-ejecutivo-del-Instituto-Nacional-de-Educacion-Fisica-INEFI-Alberto-Rodriguez-Mella-luego-de-firmar-el-acuerdo-con-la-alcaldesa-del-Distrito-Nacional-300x217.jpg 300w, https:\/\/diariodominicano.com\/wp-content\/uploads\/2024\/12\/El-director-ejecutivo-del-Instituto-Nacional-de-Educacion-Fisica-INEFI-Alberto-Rodriguez-Mella-luego-de-firmar-el-acuerdo-con-la-alcaldesa-del-Distrito-Nacional-768x556.jpg 768w, https:\/\/diariodominicano.com\/wp-content\/uploads\/2024\/12\/El-director-ejecutivo-del-Instituto-Nacional-de-Educacion-Fisica-INEFI-Alberto-Rodriguez-Mella-luego-de-firmar-el-acuerdo-con-la-alcaldesa-del-Distrito-Nacional-816x591.jpg 816w\" sizes=\"auto, (max-width: 956px) 100vw, 956px\" \/><figcaption class=\"wp-element-caption\">El director ejecutivo del Instituto Nacional de Educaci\u00f3n F\u00edsica (INEFI), Alberto Rodr\u00edguez Mella, luego de firmar el acuerdo con la alcaldesa del Distrito Nacional, Carolina Mej\u00eda, junto al director financiero del INEFI, C\u00e9sar Ruiz; y Raymond Rodr\u00edguez <\/figcaption><\/figure>\n<\/figure>\n\n\n\n<p>Sostuvo que con la firma de este convenio, ambas instituciones incentivar\u00e1n la pr\u00e1ctica y desarrollo de los atletas escolares, dentro de la educaci\u00f3n f\u00edsica en las escuelas p\u00fablicas y privadas.<\/p>\n\n\n\n<p>Revel\u00f3 que el INEFI aportar\u00e1 el 50 por ciento al ADN los fondos econ\u00f3micos necesarios para el pago del personal t\u00e9cnico, entre los que se incluyen \u00e1rbitros, compiladores, cronometristas, transporte, alimentaci\u00f3n, entre otros, los cuales estar\u00e1n participando en las actividades deportivas organizadas por el organismo descentralizado en todo el Distrito Nacional, previa solicitud y disponibilidad presupuestaria.<\/p>\n\n\n\n<figure class=\"wp-block-gallery has-nested-images columns-default is-cropped wp-block-gallery-3 is-layout-flex wp-block-gallery-is-layout-flex\">\n<figure class=\"wp-block-image size-large\"><img loading=\"lazy\" decoding=\"async\" width=\"1024\" height=\"682\" data-id=\"583353\" src=\"https:\/\/diariodominicano.com\/wp-content\/uploads\/2024\/12\/El-director-ejecutivo-del-INEFI-Alberto-Rodriguez-Mella-luego-de-firmar-el-acuerdo-con-la-alcaldesa-del-Distrito-Nacional-Carolina-Mejia-1024x682.jpg\" alt=\"\" class=\"wp-image-583353\" srcset=\"https:\/\/diariodominicano.com\/wp-content\/uploads\/2024\/12\/El-director-ejecutivo-del-INEFI-Alberto-Rodriguez-Mella-luego-de-firmar-el-acuerdo-con-la-alcaldesa-del-Distrito-Nacional-Carolina-Mejia-1024x682.jpg 1024w, https:\/\/diariodominicano.com\/wp-content\/uploads\/2024\/12\/El-director-ejecutivo-del-INEFI-Alberto-Rodriguez-Mella-luego-de-firmar-el-acuerdo-con-la-alcaldesa-del-Distrito-Nacional-Carolina-Mejia-300x200.jpg 300w, https:\/\/diariodominicano.com\/wp-content\/uploads\/2024\/12\/El-director-ejecutivo-del-INEFI-Alberto-Rodriguez-Mella-luego-de-firmar-el-acuerdo-con-la-alcaldesa-del-Distrito-Nacional-Carolina-Mejia-768x511.jpg 768w, https:\/\/diariodominicano.com\/wp-content\/uploads\/2024\/12\/El-director-ejecutivo-del-INEFI-Alberto-Rodriguez-Mella-luego-de-firmar-el-acuerdo-con-la-alcaldesa-del-Distrito-Nacional-Carolina-Mejia-816x543.jpg 816w, https:\/\/diariodominicano.com\/wp-content\/uploads\/2024\/12\/El-director-ejecutivo-del-INEFI-Alberto-Rodriguez-Mella-luego-de-firmar-el-acuerdo-con-la-alcaldesa-del-Distrito-Nacional-Carolina-Mejia.jpg 1280w\" sizes=\"auto, (max-width: 1024px) 100vw, 1024px\" \/><figcaption class=\"wp-element-caption\">El director ejecutivo del Instituto Nacional de Educaci\u00f3n F\u00edsica (INEFI), Alberto Rodr\u00edguez Mella, y la alcaldesa del Distrito Nacional, Carolina Mej\u00eda, firman el acuerdo entre ambas instituciones en el Palacio Consistorial, en la Ciudad Colonial <\/figcaption><\/figure>\n<\/figure>\n\n\n\n<p>Destac\u00f3 que el INEFI ofrecer\u00e1 las canchas y espacios habilitados para la pr\u00e1ctica deportiva y coordinar\u00e1 los clubes escolares deportivos, a trav\u00e9s de la direcci\u00f3n de cada centro educativo, y con el apoyo del conjunto de monitores deportivos asignados a cada centro.<\/p>\n\n\n\n<p>De su lado, Mej\u00eda coincidi\u00f3 con Rodr\u00edguez Mella al revelar que el acuerdo en s\u00ed se firm\u00f3 ahora, pero que desde hace mucho tiempo el convenio exist\u00eda de manera informal, ya que ambas instituciones han trabajado en favor del deporte y la recreaci\u00f3n escolar.<\/p>\n\n\n\n<p>Revel\u00f3 que en esta ocasi\u00f3n ambos organismos se comprometen formalmente a establecer relaciones de cooperaci\u00f3n para la realizaci\u00f3n de las actividades, fortaleciendo y apoyando en todas las actividades deportivas intercolegiales desarrolladas en el pa\u00eds.<\/p>\n\n\n\n<p>Tambi\u00e9n desarrollar\u00e1n e implementar\u00e1n programas de capacitaci\u00f3n para el desarrollo deportivo y educaci\u00f3n f\u00edsica de los atletas involucrados en las actividades deportivas implementadas por la Alcald\u00eda del Distrito Nacional.<\/p>\n\n\n\n<p>\u201cFormular y llevar a cabo programas de sensibilizaci\u00f3n y capacitaci\u00f3n de los facilitadores, entrenadores deportivos, maestros y los atletas escolares, donde se pueda promover el desarrollo de los deportes, como parte fundamental de la Educaci\u00f3n F\u00edsica en las escuelas\u201d, anota el documento legal firmado por ambos funcionarios gubernamentales.<\/p>\n\n\n\n<p>La alcald\u00eda tambi\u00e9n dotar\u00e1 y proveer\u00e1 de soporte t\u00e9cnico y de utiler\u00eda deportiva para el desarrollo efectivo de los torneos intercolegiales, involucrando la mayor cantidad de escuelas p\u00fablicas y privadas para que participen de las eliminatorias de los pr\u00f3ximos XI Juegos Escolares Deportivos Nacionales que se celebrar\u00e1n el pr\u00f3ximo a\u00f1o en San Francisco de Macor\u00eds.<\/p>\n","protected":false},"excerpt":{"rendered":"<p>Ambos organismos crear\u00e1n iniciativas que permitan ampliar los eventos deportivos escolares en el Distrito Nacional y el desarrollo de los estudiantes atletas en esa demarcaci\u00f3n. SANTO DOMINGO.- Procurando desarrollar y fomentar el deporte y la recreaci\u00f3n escolar en la zona metropolitana, el Ministerio de Educaci\u00f3n (MINERD), a trav\u00e9s del Instituto Nacional de Educaci\u00f3n F\u00edsica (INEFI), [&hellip;]<\/p>\n","protected":false},"author":7,"featured_media":583356,"comment_status":"closed","ping_status":"closed","sticky":false,"template":"","format":"standard","meta":{"footnotes":""},"categories":[17],"tags":[1016,491],"class_list":["post-583347","post","type-post","status-publish","format-standard","has-post-thumbnail","hentry","category-deportes","tag-alcaldia-del-distrito-nacional","tag-inefi"],"_links":{"self":[{"href":"https:\/\/diariodominicano.com\/index.php?rest_route=\/wp\/v2\/posts\/583347","targetHints":{"allow":["GET"]}}],"collection":[{"href":"https:\/\/diariodominicano.com\/index.php?rest_route=\/wp\/v2\/posts"}],"about":[{"href":"https:\/\/diariodominicano.com\/index.php?rest_route=\/wp\/v2\/types\/post"}],"author":[{"embeddable":true,"href":"https:\/\/diariodominicano.com\/index.php?rest_route=\/wp\/v2\/users\/7"}],"replies":[{"embeddable":true,"href":"https:\/\/diariodominicano.com\/index.php?rest_route=%2Fwp%2Fv2%2Fcomments&post=583347"}],"version-history":[{"count":1,"href":"https:\/\/diariodominicano.com\/index.php?rest_route=\/wp\/v2\/posts\/583347\/revisions"}],"predecessor-version":[{"id":583358,"href":"https:\/\/diariodominicano.com\/index.php?rest_route=\/wp\/v2\/posts\/583347\/revisions\/583358"}],"wp:featuredmedia":[{"embeddable":true,"href":"https:\/\/diariodominicano.com\/index.php?rest_route=\/wp\/v2\/media\/583356"}],"wp:attachment":[{"href":"https:\/\/diariodominicano.com\/index.php?rest_route=%2Fwp%2Fv2%2Fmedia&parent=583347"}],"wp:term":[{"taxonomy":"category","embeddable":true,"href":"https:\/\/diariodominicano.com\/index.php?rest_route=%2Fwp%2Fv2%2Fcategories&post=583347"},{"taxonomy":"post_tag","embeddable":true,"href":"https:\/\/diariodominicano.com\/index.php?rest_route=%2Fwp%2Fv2%2Ftags&post=583347"}],"curies":[{"name":"wp","href":"https:\/\/api.w.org\/{rel}","templated":true}]}}