{"id":583346,"date":"2024-12-16T18:34:16","date_gmt":"2024-12-16T22:34:16","guid":{"rendered":"https:\/\/diariodominicano.com\/?p=583346"},"modified":"2024-12-16T19:50:41","modified_gmt":"2024-12-16T23:50:41","slug":"la-alcaldia-del-distrito-nacional-y-el-inefi-firman-convenio-en-favor-del-deporte-escolar-2","status":"publish","type":"post","link":"https:\/\/diariodominicano.com\/?p=583346","title":{"rendered":"Pernod Ricard celebra velada especial para la prensa en el marco de su campa\u00f1a \u00abEstrellas de Navidad\u00bb"},"content":{"rendered":"\n<p>Santo Domingo, R.D. &#8211; En el esp\u00edritu de la campa\u00f1a Estrellas de Navidad, Pernod Ricard ofreci\u00f3 una velada inolvidable para sus aliados de la prensa, reafirmando su compromiso de crear experiencias significativas que resalten la esencia de la convivialidad. A trav\u00e9s de la iniciativa&nbsp;<strong>Estrellas de Navidad<\/strong>, Pernod Ricard invita a las personas a regalar momentos de celebraci\u00f3n en esta \u00e9poca festiva, ofreciendo su ic\u00f3nico portafolio de productos y emocionantes innovaciones que convierten cada brindis en una experiencia \u00fanica.<\/p>\n\n\n\n<p>El evento tuvo lugar en un exclusivo restaurante de Santo Domingo, donde los asistentes disfrutaron de una experiencia de cata \u00fanica con tres de los m\u00e1s exquisitos whiskys del portafolio de Pernod Ricard: Royal Salute, The Glenlivet 15 a\u00f1os y Chivas Regal 18 a\u00f1os.&nbsp;<\/p>\n\n\n\n<figure class=\"wp-block-gallery has-nested-images columns-default is-cropped wp-block-gallery-1 is-layout-flex wp-block-gallery-is-layout-flex\">\n<figure class=\"wp-block-image size-large\"><img loading=\"lazy\" decoding=\"async\" width=\"1024\" height=\"683\" data-id=\"583389\" src=\"https:\/\/diariodominicano.com\/wp-content\/uploads\/2024\/12\/Lauren-Fryer-Embajadora-de-Whisky-1024x683.jpg\" alt=\"\" class=\"wp-image-583389\" srcset=\"https:\/\/diariodominicano.com\/wp-content\/uploads\/2024\/12\/Lauren-Fryer-Embajadora-de-Whisky-1024x683.jpg 1024w, https:\/\/diariodominicano.com\/wp-content\/uploads\/2024\/12\/Lauren-Fryer-Embajadora-de-Whisky-300x200.jpg 300w, https:\/\/diariodominicano.com\/wp-content\/uploads\/2024\/12\/Lauren-Fryer-Embajadora-de-Whisky-768x512.jpg 768w, https:\/\/diariodominicano.com\/wp-content\/uploads\/2024\/12\/Lauren-Fryer-Embajadora-de-Whisky-816x544.jpg 816w, https:\/\/diariodominicano.com\/wp-content\/uploads\/2024\/12\/Lauren-Fryer-Embajadora-de-Whisky.jpg 1080w\" sizes=\"auto, (max-width: 1024px) 100vw, 1024px\" \/><figcaption class=\"wp-element-caption\">Lauren Fryer &#8211; Embajadora de Whisky  <\/figcaption><\/figure>\n<\/figure>\n\n\n\n<p>La cata fue dirigida por Lauren Fryer, Embajadora de Whisky, quien guio a los presentes a trav\u00e9s de un recorrido sensorial que destac\u00f3 la complejidad, historia y excelencia de estas ic\u00f3nicas etiquetas.&nbsp;<\/p>\n\n\n\n<p>\u201cCada marca cuenta una historia de m\u00e1s de 100 a\u00f1os y con eso cada botella es un reflejo del arduo trabajo de todos involucrados en su creaci\u00f3n. Nuestros whiskys tienen distintas notas para cualquier paladar, ya sea si estas buscando algo ahumado, como suave y ligero\u201d, expres\u00f3 Lauren Fryer.<\/p>\n\n\n\n<figure class=\"wp-block-gallery has-nested-images columns-default is-cropped wp-block-gallery-2 is-layout-flex wp-block-gallery-is-layout-flex\">\n<figure class=\"wp-block-image size-large\"><img loading=\"lazy\" decoding=\"async\" width=\"1024\" height=\"683\" data-id=\"583387\" src=\"https:\/\/diariodominicano.com\/wp-content\/uploads\/2024\/12\/Brindis-1024x683.jpg\" alt=\"\" class=\"wp-image-583387\" srcset=\"https:\/\/diariodominicano.com\/wp-content\/uploads\/2024\/12\/Brindis-1024x683.jpg 1024w, https:\/\/diariodominicano.com\/wp-content\/uploads\/2024\/12\/Brindis-300x200.jpg 300w, https:\/\/diariodominicano.com\/wp-content\/uploads\/2024\/12\/Brindis-768x512.jpg 768w, https:\/\/diariodominicano.com\/wp-content\/uploads\/2024\/12\/Brindis-816x544.jpg 816w, https:\/\/diariodominicano.com\/wp-content\/uploads\/2024\/12\/Brindis.jpg 1080w\" sizes=\"auto, (max-width: 1024px) 100vw, 1024px\" \/><figcaption class=\"wp-element-caption\">Brindis <\/figcaption><\/figure>\n<\/figure>\n\n\n\n<p>Por su parte, Francesca Ortiz, Gerente de Comunicaci\u00f3n Externa y Asuntos P\u00fablicos LATAM, tuvo a su cargo las palabras de bienvenida, en las que expres\u00f3: \u00abPara Pernod Ricard, la convivialidad est\u00e1 en el coraz\u00f3n de todo lo que hacemos. Esta noche, queremos agradecer a nuestros aliados de la prensa por su apoyo y compartir con ustedes un espacio de conexi\u00f3n y disfrute genuino.\u00bb<\/p>\n\n\n\n<p>Los presentes adem\u00e1s tuvieron la oportunidad de conocer la estrategia de sostenibilidad y responsabilidad de la empresa, a trav\u00e9s de la cual buscan crear un mundo m\u00e1s convivial, sin excesos y en armon\u00eda con el entorno en el que operan.<\/p>\n\n\n\n<p>La velada fue un recordatorio del compromiso de Pernod Ricard con la creaci\u00f3n de experiencias aut\u00e9nticas de alto nivel que enriquezcan los v\u00ednculos con sus aliados y celebren las tradiciones navide\u00f1as con un toque de distinci\u00f3n.&nbsp;<\/p>\n\n\n\n<p>&#8212;&nbsp;<\/p>\n\n\n\n<p><strong>Sobre Pernod Ricard <\/strong><\/p>\n\n\n\n<p><a href=\"http:\/\/www.pernod-ricard.com\/\" target=\"_blank\" rel=\"noreferrer noopener\">www.pernod-ricard.com<\/a><\/p>\n\n\n\n<p><strong>Brianna Vasquez<\/strong>\u00a0&lt;brianna.vasquez@newlink-group.com> <\/p>\n","protected":false},"excerpt":{"rendered":"<p>Santo Domingo, R.D. &#8211; En el esp\u00edritu de la campa\u00f1a Estrellas de Navidad, Pernod Ricard ofreci\u00f3 una velada inolvidable para sus aliados de la prensa, reafirmando su compromiso de crear experiencias significativas que resalten la esencia de la convivialidad. A trav\u00e9s de la iniciativa&nbsp;Estrellas de Navidad, Pernod Ricard invita a las personas a regalar momentos [&hellip;]<\/p>\n","protected":false},"author":7,"featured_media":583386,"comment_status":"closed","ping_status":"closed","sticky":true,"template":"","format":"standard","meta":{"footnotes":""},"categories":[21,25],"tags":[1180],"class_list":["post-583346","post","type-post","status-publish","format-standard","has-post-thumbnail","hentry","category-cultura","category-gente","tag-pernod-ricard"],"_links":{"self":[{"href":"https:\/\/diariodominicano.com\/index.php?rest_route=\/wp\/v2\/posts\/583346","targetHints":{"allow":["GET"]}}],"collection":[{"href":"https:\/\/diariodominicano.com\/index.php?rest_route=\/wp\/v2\/posts"}],"about":[{"href":"https:\/\/diariodominicano.com\/index.php?rest_route=\/wp\/v2\/types\/post"}],"author":[{"embeddable":true,"href":"https:\/\/diariodominicano.com\/index.php?rest_route=\/wp\/v2\/users\/7"}],"replies":[{"embeddable":true,"href":"https:\/\/diariodominicano.com\/index.php?rest_route=%2Fwp%2Fv2%2Fcomments&post=583346"}],"version-history":[{"count":2,"href":"https:\/\/diariodominicano.com\/index.php?rest_route=\/wp\/v2\/posts\/583346\/revisions"}],"predecessor-version":[{"id":583393,"href":"https:\/\/diariodominicano.com\/index.php?rest_route=\/wp\/v2\/posts\/583346\/revisions\/583393"}],"wp:featuredmedia":[{"embeddable":true,"href":"https:\/\/diariodominicano.com\/index.php?rest_route=\/wp\/v2\/media\/583386"}],"wp:attachment":[{"href":"https:\/\/diariodominicano.com\/index.php?rest_route=%2Fwp%2Fv2%2Fmedia&parent=583346"}],"wp:term":[{"taxonomy":"category","embeddable":true,"href":"https:\/\/diariodominicano.com\/index.php?rest_route=%2Fwp%2Fv2%2Fcategories&post=583346"},{"taxonomy":"post_tag","embeddable":true,"href":"https:\/\/diariodominicano.com\/index.php?rest_route=%2Fwp%2Fv2%2Ftags&post=583346"}],"curies":[{"name":"wp","href":"https:\/\/api.w.org\/{rel}","templated":true}]}}