{"id":583171,"date":"2024-12-16T09:54:55","date_gmt":"2024-12-16T13:54:55","guid":{"rendered":"https:\/\/diariodominicano.com\/?p=583171"},"modified":"2024-12-16T09:55:05","modified_gmt":"2024-12-16T13:55:05","slug":"ministro-franklin-garcia-fermin-informa-avances-en-proceso-de-fusion-del-mescyt-y-minerd","status":"publish","type":"post","link":"https:\/\/diariodominicano.com\/?p=583171","title":{"rendered":"Ministro Franklin Garc\u00eda Ferm\u00edn informa avances en proceso de fusi\u00f3n del Mescyt y Minerd"},"content":{"rendered":"\n<p>diariodominicano.com<\/p>\n\n\n\n<p>Santo Domingo, R. D.,\u200216 de diciembre, 2024.- El ministro de Educaci\u00f3n Superior, Ciencia y Tecnolog\u00eda,\u00a0<strong>doctor Franklin Garc\u00eda Ferm\u00edn<\/strong>, inform\u00f3 hoy que la instituci\u00f3n est\u00e1 trabajando activamente en el\u00a0<strong>proceso de fusi\u00f3n con el Ministerio de Educaci\u00f3n<\/strong>\u00a0(Minerd), en cumplimiento de una\u00a0<strong>pol\u00edtica p\u00fablica<\/strong>\u00a0impulsada por el\u00a0<strong>presidente Luis Abinader.<\/strong>\u00a0<\/p>\n\n\n\n<p>Seg\u00fan explic\u00f3 el ministro, esta iniciativa tiene como prop\u00f3sito principal&nbsp;<strong>optimizar los recursos y mejorar la eficiencia<\/strong>&nbsp;en la administraci\u00f3n del sistema educativo, asegurando una gesti\u00f3n&nbsp;<strong>m\u00e1s integrada y efectiva.&nbsp;<\/strong><\/p>\n\n\n\n<p><em>\u201cEn nuestra condici\u00f3n de ministro del Mescyt, estamos trabajando en el proceso de fusi\u00f3n con el Minerd, una pol\u00edtica p\u00fablica que busca eficientizar el Estado, tal como lo ha planteado el presidente @luisabinader,\u201d<\/em>&nbsp;expres\u00f3 el titular del Mescyt, a trav\u00e9s de sus redes sociales.&nbsp;<\/p>\n\n\n\n<p>Esta medida forma parte de los esfuerzos del Gobierno por garantizar una&nbsp;<strong>administraci\u00f3n m\u00e1s \u00e1gil<\/strong>, que permita un mejor acceso a la educaci\u00f3n y un&nbsp;<strong>uso responsable<\/strong>&nbsp;de los recursos p\u00fablicos.&nbsp;<\/p>\n\n\n\n<p>El ministro asegur\u00f3 que este proceso se lleva a cabo en coordinaci\u00f3n con las instituciones involucradas y en consulta con expertos en la materia, a fin de garantizar una\u00a0<strong>transici\u00f3n ordenada y beneficiosa<\/strong>\u00a0para toda la poblaci\u00f3n.<\/p>\n\n\n\n<p>Fuente: Direcci\u00f3n de Estrategia y Comunicaci\u00f3n<\/p>\n\n\n\n<p>Ministerio Administrativo de la Presidencia de la Rep\u00fablica Dominicana<\/p>\n","protected":false},"excerpt":{"rendered":"<p>diariodominicano.com Santo Domingo, R. D.,\u200216 de diciembre, 2024.- El ministro de Educaci\u00f3n Superior, Ciencia y Tecnolog\u00eda,\u00a0doctor Franklin Garc\u00eda Ferm\u00edn, inform\u00f3 hoy que la instituci\u00f3n est\u00e1 trabajando activamente en el\u00a0proceso de fusi\u00f3n con el Ministerio de Educaci\u00f3n\u00a0(Minerd), en cumplimiento de una\u00a0pol\u00edtica p\u00fablica\u00a0impulsada por el\u00a0presidente Luis Abinader.\u00a0 Seg\u00fan explic\u00f3 el ministro, esta iniciativa tiene como prop\u00f3sito principal&nbsp;optimizar [&hellip;]<\/p>\n","protected":false},"author":5,"featured_media":583172,"comment_status":"closed","ping_status":"closed","sticky":true,"template":"","format":"standard","meta":{"footnotes":""},"categories":[21,20,27],"tags":[],"class_list":["post-583171","post","type-post","status-publish","format-standard","has-post-thumbnail","hentry","category-cultura","category-dominicana-hoy","category-portada"],"_links":{"self":[{"href":"https:\/\/diariodominicano.com\/index.php?rest_route=\/wp\/v2\/posts\/583171","targetHints":{"allow":["GET"]}}],"collection":[{"href":"https:\/\/diariodominicano.com\/index.php?rest_route=\/wp\/v2\/posts"}],"about":[{"href":"https:\/\/diariodominicano.com\/index.php?rest_route=\/wp\/v2\/types\/post"}],"author":[{"embeddable":true,"href":"https:\/\/diariodominicano.com\/index.php?rest_route=\/wp\/v2\/users\/5"}],"replies":[{"embeddable":true,"href":"https:\/\/diariodominicano.com\/index.php?rest_route=%2Fwp%2Fv2%2Fcomments&post=583171"}],"version-history":[{"count":1,"href":"https:\/\/diariodominicano.com\/index.php?rest_route=\/wp\/v2\/posts\/583171\/revisions"}],"predecessor-version":[{"id":583173,"href":"https:\/\/diariodominicano.com\/index.php?rest_route=\/wp\/v2\/posts\/583171\/revisions\/583173"}],"wp:featuredmedia":[{"embeddable":true,"href":"https:\/\/diariodominicano.com\/index.php?rest_route=\/wp\/v2\/media\/583172"}],"wp:attachment":[{"href":"https:\/\/diariodominicano.com\/index.php?rest_route=%2Fwp%2Fv2%2Fmedia&parent=583171"}],"wp:term":[{"taxonomy":"category","embeddable":true,"href":"https:\/\/diariodominicano.com\/index.php?rest_route=%2Fwp%2Fv2%2Fcategories&post=583171"},{"taxonomy":"post_tag","embeddable":true,"href":"https:\/\/diariodominicano.com\/index.php?rest_route=%2Fwp%2Fv2%2Ftags&post=583171"}],"curies":[{"name":"wp","href":"https:\/\/api.w.org\/{rel}","templated":true}]}}