{"id":583168,"date":"2024-12-16T09:49:53","date_gmt":"2024-12-16T13:49:53","guid":{"rendered":"https:\/\/diariodominicano.com\/?p=583168"},"modified":"2024-12-16T09:50:02","modified_gmt":"2024-12-16T13:50:02","slug":"feria-de-artesania-en-haiti-cierra-por-todo-lo-alto-en-hotel-caribe-de-puerto-principe","status":"publish","type":"post","link":"https:\/\/diariodominicano.com\/?p=583168","title":{"rendered":"Feria de artesan\u00eda en Hait\u00ed cierra por todo lo alto en  hotel Caribe de Puerto Pr\u00edncipe"},"content":{"rendered":"\n<p>diariodominicano.com<\/p>\n\n\n\n<p>Puerto Pr\u00edncipe, 16 dic (Prensa Latina) La XVIII Feria de Artesan\u00eda cerr\u00f3 por todo lo alto y a lleno total en esta capital, donde los haitianos por dos d\u00edas consecutivos disfrutaron de ese arte que hoy sigue distingui\u00e9ndolos en el Caribe.<\/p>\n\n\n\n<p>Esta expoventa \u2013 que parec\u00eda que solo quedar\u00eda en un sue\u00f1o debido a una ola de violencia que angustia a Puerto Pr\u00edncipe-hizo triza cualquier mal augurio, pues en el emblem\u00e1tico hotel Karibe caminar casi era imposible.<\/p>\n\n\n\n<p>La mirada del p\u00fablico pasaba de la pintura a la escultura en los m\u00e1s diversos materiales y estilos.<\/p>\n\n\n\n<p>El metal tallado, las cestas, la moda con una tendencia ultramoderna mezclada con la m\u00e1s genuina tradici\u00f3n tambi\u00e9n seduc\u00edan a los participantes, que mostraban su asombro ante una orfebrer\u00eda de lujo.<\/p>\n\n\n\n<p>Un ambiente -matizado por los embriagadores olores de la gastronom\u00eda popular- justificaba quiz\u00e1s, lo que pudiera ser el slogan de la cita art\u00edstica \u00bb la artesan\u00eda de fiesta\u00bb.<\/p>\n\n\n\n<p>Cuando Prensa Latina abandon\u00f3 el recinto ferial, una caravana de autom\u00f3viles y personas a pie con una notable elegancia iban rumbo al Karibe, donde le quedaba poco tiempo a uno de los eventos m\u00e1s pintorescos en el pa\u00eds antillano en 2024.<\/p>\n\n\n\n<p>La feria demostr\u00f3 que a despecho de la violencia el esp\u00edritu creativo sigue vivo en Hait\u00ed, muchos de los artesanos perdieron a su clientela, pero siguieron haciendo arte en medio del caos.<\/p>\n\n\n\n<p>mem\/joe<\/p>\n","protected":false},"excerpt":{"rendered":"<p>diariodominicano.com Puerto Pr\u00edncipe, 16 dic (Prensa Latina) La XVIII Feria de Artesan\u00eda cerr\u00f3 por todo lo alto y a lleno total en esta capital, donde los haitianos por dos d\u00edas consecutivos disfrutaron de ese arte que hoy sigue distingui\u00e9ndolos en el Caribe. Esta expoventa \u2013 que parec\u00eda que solo quedar\u00eda en un sue\u00f1o debido a [&hellip;]<\/p>\n","protected":false},"author":5,"featured_media":583169,"comment_status":"closed","ping_status":"closed","sticky":true,"template":"","format":"standard","meta":{"footnotes":""},"categories":[112,23,27],"tags":[],"class_list":["post-583168","post","type-post","status-publish","format-standard","has-post-thumbnail","hentry","category-haiti","category-internacional","category-portada"],"_links":{"self":[{"href":"https:\/\/diariodominicano.com\/index.php?rest_route=\/wp\/v2\/posts\/583168","targetHints":{"allow":["GET"]}}],"collection":[{"href":"https:\/\/diariodominicano.com\/index.php?rest_route=\/wp\/v2\/posts"}],"about":[{"href":"https:\/\/diariodominicano.com\/index.php?rest_route=\/wp\/v2\/types\/post"}],"author":[{"embeddable":true,"href":"https:\/\/diariodominicano.com\/index.php?rest_route=\/wp\/v2\/users\/5"}],"replies":[{"embeddable":true,"href":"https:\/\/diariodominicano.com\/index.php?rest_route=%2Fwp%2Fv2%2Fcomments&post=583168"}],"version-history":[{"count":1,"href":"https:\/\/diariodominicano.com\/index.php?rest_route=\/wp\/v2\/posts\/583168\/revisions"}],"predecessor-version":[{"id":583170,"href":"https:\/\/diariodominicano.com\/index.php?rest_route=\/wp\/v2\/posts\/583168\/revisions\/583170"}],"wp:featuredmedia":[{"embeddable":true,"href":"https:\/\/diariodominicano.com\/index.php?rest_route=\/wp\/v2\/media\/583169"}],"wp:attachment":[{"href":"https:\/\/diariodominicano.com\/index.php?rest_route=%2Fwp%2Fv2%2Fmedia&parent=583168"}],"wp:term":[{"taxonomy":"category","embeddable":true,"href":"https:\/\/diariodominicano.com\/index.php?rest_route=%2Fwp%2Fv2%2Fcategories&post=583168"},{"taxonomy":"post_tag","embeddable":true,"href":"https:\/\/diariodominicano.com\/index.php?rest_route=%2Fwp%2Fv2%2Ftags&post=583168"}],"curies":[{"name":"wp","href":"https:\/\/api.w.org\/{rel}","templated":true}]}}