{"id":583165,"date":"2024-12-16T09:43:10","date_gmt":"2024-12-16T13:43:10","guid":{"rendered":"https:\/\/diariodominicano.com\/?p=583165"},"modified":"2024-12-16T09:43:17","modified_gmt":"2024-12-16T13:43:17","slug":"mived-entrega-centro-de-convenciones-y-evangelizacion-monsenor-reynaldo-connors-en-san-juan","status":"publish","type":"post","link":"https:\/\/diariodominicano.com\/?p=583165","title":{"rendered":"Mived entrega Centro de Convenciones y Evangelizaci\u00f3n \u201cMonse\u00f1or Reynaldo Connors\u201d en San Juan"},"content":{"rendered":"\n<p>diariodominicano.com<\/p>\n\n\n\n<p>San Juan de la Maguana, R. D.,\u2002de diciembre , 2024.-\u2002El viceministro de H\u00e1bitat del Ministerio de Vivienda y Edificaciones\u00a0<strong>(Mived)<\/strong>,\u00a0<strong>Ney Garc\u00eda<\/strong>, hizo entrega este domingo del\u00a0<strong>Centro de Convenciones y Evangelizaci\u00f3n \u201cMonse\u00f1or Reynaldo Connors\u201d<\/strong>, en la provincia San Juan.\u00a0<\/p>\n\n\n\n<p>Con esta infraestructura, realizada por el Mived, la provincia San Juan tendr\u00e1 acceso a&nbsp;<strong>un lugar seguro y espacioso&nbsp;<\/strong>para la realizaci\u00f3n de&nbsp;<strong>actividades religiosas de gran envergadura.<\/strong><\/p>\n\n\n\n<p>Este centro se levant\u00f3 sobre 1,733.62 metros cuadrados de construcci\u00f3n, con una inversi\u00f3n de&nbsp;<strong>RD 59.77 millones<\/strong>, con lo cual contribuy\u00f3 a crear empleos y dinamizar la econom\u00eda de esa demarcaci\u00f3n de la regi\u00f3n Sur del pa\u00eds.&nbsp;<\/p>\n\n\n\n<p>Durante la actividad, el viceministro Garc\u00eda dijo:&nbsp;<em>\u201cEstamos aqu\u00ed en el Centro de Convenciones y Evangelizaci\u00f3n \u2018Monse\u00f1or Reynaldo Connors\u2019, un centro terminado por el Ministerio de Vivienda y Edificaciones, con una extensi\u00f3n de 1,773 metros, con una inversi\u00f3n de casi 60 millones de pesos. Como Ministerio mantenemos el compromiso de seguir construyendo un mejor futuro guiado por nuestro presidente Luis Abinader\u201d.<\/em><\/p>\n\n\n\n<p>La obra consta de techado, plaf\u00f3n, infraestructura, gradas, cerramientos, pintura general, puertas y ventanas, ductos de aire acondicionado, ba\u00f1os de damas y caballeros, e instalaciones el\u00e9ctricas.\u00a0<\/p>\n\n\n\n<p>Por su parte, el&nbsp;<strong>monse\u00f1or Tom\u00e1s Alejo Concepci\u00f3n<\/strong>&nbsp;agradeci\u00f3 al&nbsp;<strong>presidente de la Rep\u00fablica Luis Abinader<\/strong>&nbsp;y al ministro de Vivienda y Edificaciones,&nbsp;<strong>Carlos Bonilla<\/strong>, por la terminaci\u00f3n de esta obra, la cual calific\u00f3 de&nbsp;<strong>prioritaria para los j\u00f3venes estudiantes<\/strong>.<\/p>\n\n\n\n<p>Mientras que la estudiante&nbsp;<strong>Rub\u00ed D\u00edaz<\/strong>, del Colegio Padre Guido Guildea, reconoci\u00f3 y destac\u00f3&nbsp;<em>\u201cla labor que ha hecho posible este proyecto, incluyendo aquellos que, aunque no est\u00e1n f\u00edsicamente presentes, han sido esenciales para realizar esta importante obra; de manera especial extendemos este saludo al excelent\u00edsimo presidente de la Rep\u00fablica Dominicana, Luis Rodolfo Abinader Corona, cuya gesti\u00f3n y compromiso han sido fundamentales para la construcci\u00f3n de este proyecto\u201d.<\/em><\/p>\n\n\n\n<p>Entre las \u00e1reas intervenidas por el Mived se encuentran las gradas, climatizaci\u00f3n de oficinas de control, s\u00f3tano de almac\u00e9n, \u00e1rea de escenario para eventos, m\u00f3dulo de oficinas y mezanine.&nbsp;<\/p>\n\n\n\n<p>Tambi\u00e9n se encuentran las \u00e1reas de exteriores, cafeter\u00eda, caseta de basura y una verja perimetral.\u00a0<\/p>\n\n\n\n<p>Acompa\u00f1aron al viceministro Ney Garc\u00eda, la gobernadora de San Juan,\u00a0<strong>Ana Mar\u00eda Castillo<\/strong>; el alcalde de San Juan de la Maguana,\u00a0<strong>Noel de la Rosa<\/strong>; el obispo de la Di\u00f3cesis de San Juan de la Maguana,\u00a0<strong>Tom\u00e1s Alejo Concepci\u00f3n,<\/strong>\u00a0junto con los diputados\u00a0<strong>Carlos Morillo, Elvira Corpor\u00e1n y Frank Ram\u00edrez.<\/strong><\/p>\n\n\n\n<p>Fuente: Direcci\u00f3n de Estrategia y Comunicaci\u00f3n<\/p>\n\n\n\n<p>Ministerio Administrativo de la Presidencia de la Rep\u00fablica Dominicana<\/p>\n","protected":false},"excerpt":{"rendered":"<p>diariodominicano.com San Juan de la Maguana, R. D.,\u2002de diciembre , 2024.-\u2002El viceministro de H\u00e1bitat del Ministerio de Vivienda y Edificaciones\u00a0(Mived),\u00a0Ney Garc\u00eda, hizo entrega este domingo del\u00a0Centro de Convenciones y Evangelizaci\u00f3n \u201cMonse\u00f1or Reynaldo Connors\u201d, en la provincia San Juan.\u00a0 Con esta infraestructura, realizada por el Mived, la provincia San Juan tendr\u00e1 acceso a&nbsp;un lugar seguro y [&hellip;]<\/p>\n","protected":false},"author":5,"featured_media":583166,"comment_status":"closed","ping_status":"closed","sticky":true,"template":"","format":"standard","meta":{"footnotes":""},"categories":[20,27],"tags":[],"class_list":["post-583165","post","type-post","status-publish","format-standard","has-post-thumbnail","hentry","category-dominicana-hoy","category-portada"],"_links":{"self":[{"href":"https:\/\/diariodominicano.com\/index.php?rest_route=\/wp\/v2\/posts\/583165","targetHints":{"allow":["GET"]}}],"collection":[{"href":"https:\/\/diariodominicano.com\/index.php?rest_route=\/wp\/v2\/posts"}],"about":[{"href":"https:\/\/diariodominicano.com\/index.php?rest_route=\/wp\/v2\/types\/post"}],"author":[{"embeddable":true,"href":"https:\/\/diariodominicano.com\/index.php?rest_route=\/wp\/v2\/users\/5"}],"replies":[{"embeddable":true,"href":"https:\/\/diariodominicano.com\/index.php?rest_route=%2Fwp%2Fv2%2Fcomments&post=583165"}],"version-history":[{"count":1,"href":"https:\/\/diariodominicano.com\/index.php?rest_route=\/wp\/v2\/posts\/583165\/revisions"}],"predecessor-version":[{"id":583167,"href":"https:\/\/diariodominicano.com\/index.php?rest_route=\/wp\/v2\/posts\/583165\/revisions\/583167"}],"wp:featuredmedia":[{"embeddable":true,"href":"https:\/\/diariodominicano.com\/index.php?rest_route=\/wp\/v2\/media\/583166"}],"wp:attachment":[{"href":"https:\/\/diariodominicano.com\/index.php?rest_route=%2Fwp%2Fv2%2Fmedia&parent=583165"}],"wp:term":[{"taxonomy":"category","embeddable":true,"href":"https:\/\/diariodominicano.com\/index.php?rest_route=%2Fwp%2Fv2%2Fcategories&post=583165"},{"taxonomy":"post_tag","embeddable":true,"href":"https:\/\/diariodominicano.com\/index.php?rest_route=%2Fwp%2Fv2%2Ftags&post=583165"}],"curies":[{"name":"wp","href":"https:\/\/api.w.org\/{rel}","templated":true}]}}