{"id":583150,"date":"2024-12-16T08:51:46","date_gmt":"2024-12-16T12:51:46","guid":{"rendered":"https:\/\/diariodominicano.com\/?p=583150"},"modified":"2024-12-16T08:51:55","modified_gmt":"2024-12-16T12:51:55","slug":"detallistas-de-provisiones-piden-crear-seguro-de-desempleo-y-desmonte-gradual-de-la-cesantia","status":"publish","type":"post","link":"https:\/\/diariodominicano.com\/?p=583150","title":{"rendered":"Detallistas de provisiones piden crear seguro de desempleo y desmonte gradual de la cesant\u00eda"},"content":{"rendered":"\n<p>diariodominicano.com<\/p>\n\n\n\n<p>Santo Domingo, R. D.,\u200216 de diciembre, 2024.-\u2002El Presidente de la Asociaci\u00f3n de Detallistas de Provisiones del Distrito Nacional abog\u00f3 por la creaci\u00f3n en el pa\u00eds de un seguro de desempleo y favoreci\u00f3 el desmonte racional de la cesant\u00eda laboral por un determinado n\u00famero de a\u00f1os, F\u00e9lix Pe\u00f1a hizo el pronunciamiento en el acto de celebraci\u00f3n de 82 aniversario de la instituci\u00f3n en el que destac\u00f3 los aportes que hace el sector a la econom\u00eda Nacional.<\/p>\n\n\n\n<p>Pe\u00f1a dijo que los detallistas constituyen un v\u00ednculo importante en el sistema de distribuci\u00f3n de productos de consumo a nivel nacional. Expres\u00f3, adem\u00e1s, que los consumidores se benefician de la cadena de suministros que aportan los productores de provisiones a nivel nacional. Se quej\u00f3 en su discurso de las alzas de precios de los productos de primera necesidad, los cuales afectan a los consumidores a nivel nacional.<\/p>\n\n\n\n<p>Al acto asisti\u00f3 el doctor Jorge Morales Paulino, Viceministro de Fomento a las MIPYMES como orador invitado quien destac\u00f3 el papel de los detallistas de provisiones como aliados de la econom\u00eda nacional.<\/p>\n\n\n\n<p>\u00a8Es un honor para m\u00ed estar aqu\u00ed, frente a todos ustedes, para conmemorar el 82\u00b0 aniversario de nuestra Asociaci\u00f3n de Detallistas de Provisiones del Distrito Nacional dijo el dirigente detallista\u00a8.<\/p>\n\n\n\n<p>Observ\u00f3 que hace 82 a\u00f1os naci\u00f3 nuestra organizaci\u00f3n con el objetivo de defender los intereses de los comerciantes, promover el bienestar de nuestros asociados y contribuir al desarrollo de la econom\u00eda local.<\/p>\n\n\n\n<p>Resalt\u00f3 que hay un tema que hoy nos ocupa con particular atenci\u00f3n: los desaf\u00edos que enfrentamos los detallistas y la ciudadan\u00eda en general a ra\u00edz de la reforma al C\u00f3digo Laboral y el aumento en los precios de los productos agr\u00edcolas esenciales para nuestra canasta b\u00e1sica.<\/p>\n\n\n\n<p>Resalt\u00f3 que recientemente se ha impulsado una reforma al C\u00f3digo Laboral de la Rep\u00fablica Dominicana, una reforma que genera inquietudes y expectativas en diversos sectores de la econom\u00eda.<\/p>\n\n\n\n<p>Desde nuestra Asociaci\u00f3n, dijo, entendemos que los cambios en la legislaci\u00f3n laboral son necesarios para garantizar el bienestar de los trabajadores, pero tambi\u00e9n es importante que se mantenga un equilibrio justo que no ponga en riesgo la estabilidad de los empleadores, especialmente de los peque\u00f1os comerciantes.<\/p>\n\n\n\n<p>Consider\u00f3 que la reforma debe buscar un punto de convergencia que permita a los detallistas y dem\u00e1s peque\u00f1os empresarios seguir generando empleos, sin que esto implique una carga insostenible para nuestras operaciones.<\/p>\n\n\n\n<p>El presidente de la Asociaci\u00f3n de Detallistas de Provisiones del DN estima necesario que se contemplen mecanismos de apoyo, incentivos y flexibilidad para que los peque\u00f1os comerciantes no se vean abrumados por las nuevas exigencias.<\/p>\n\n\n\n<p>\u201cEn este sentido, pedimos que se d\u00e9 un seguimiento cercano a la implementaci\u00f3n de esta reforma, de modo que podamos identificar y resolver posibles inconvenientes que afecten nuestra capacidad de generar empleos y sostener nuestras empresas\u201c, dijo el dirigente detallista. Consider\u00f3 que el tema de la cesant\u00eda Santo Domingo.<\/p>\n\n\n\n<p>El Presidente de la Asociaci\u00f3n de Detallistas de Provisiones del Distrito Nacional destac\u00f3 los aportes que hace el sector a la econom\u00eda Nacional.<\/p>\n\n\n\n<p>F\u00e9lix Pe\u00f1a dijo que los detallistas constituyen un v\u00ednculo importante en el sistema de distribuci\u00f3n de productos de consumo a nivel nacional. Dijo que los consumidores se benefician de la cadena de suministros que aportan los productores de provisiones a nivel nacional.<\/p>\n\n\n\n<p>Como ustedes saben, recientemente se ha impulsado una reforma al C\u00f3digo Laboral de la Rep\u00fablica Dominicana, una reforma que genera inquietudes y expectativas en diversos sectores de la econom\u00eda. Desde nuestra Asociaci\u00f3n, entendemos que los cambios en la legislaci\u00f3n laboral son necesarios para garantizar el bienestar de los trabajadores, pero tambi\u00e9n es importante que se mantenga un equilibrio justo que no ponga en riesgo la estabilidad de los empleadores, especialmente de los peque\u00f1os comerciantes.<\/p>\n\n\n\n<p>La reforma debe buscar un punto de convergencia que permita a los detallistas y dem\u00e1s peque\u00f1os empresarios seguir generando empleos, sin que esto implique una carga insostenible para nuestras operaciones. Es necesario que se contemplen mecanismos de apoyo, incentivos y flexibilidad para que los peque\u00f1os comerciantes no se vean abrumados por las nuevas exigencias. En este sentido, pedimos que se d\u00e9 un seguimiento cercano a la implementaci\u00f3n de esta reforma, de modo que podamos identificar y resolver posibles inconvenientes que afecten nuestra capacidad de generar empleos y sostener nuestras empresas.<\/p>\n\n\n\n<p>El tema de cesant\u00eda debe ser tratado con responsabilidad en el congreso nacional y por el poder ejecutivo, ya que es de conocimiento despu\u00e9s de la entrada en vigencia de ley 87-01 que estable el Sistema Dominicano de Seguridad Social, el pago de TSS y las disposiciones del c\u00f3digo de trabajo, contribuye a la informalidad.<\/p>\n\n\n\n<p>Por lo tanto, como asociaci\u00f3n abogamos por un seguro de desempleo y el desmonte de la cesant\u00eda laboral racionalmente, ya que lo pa\u00edses donde a\u00fan existe esta figura como el caso de Costa Rica, y otros pa\u00edses latinoamericanos es con un l\u00edmite de tiempo m\u00e1ximo de 3 a 5 a\u00f1os.<\/p>\n\n\n\n<p>No estamos de acuerdo a la opini\u00f3n de los prestigiosos juristas MILTON RAY GUEVARA Y RAFAEL ALBURQUERQUE, que el c\u00f3digo laboral debe aprobarse con la cesant\u00eda tal como<\/p>\n\n\n\n<p>esta y corregirse dentro de un a\u00f1o, el momento es ahora!!!, ya tenemos ejemplo de medidas tomadas de manera provisional como es el caso del 0.15 por ciento a los cheques o transferencias establecidas en 2003, tras la crisis bancaria, ya tiene 21 a\u00f1os, as\u00ed como el aumento del itbis algunos art\u00edculos en la reforma del 2012 al 16% con el compromiso de reducir la tasa del 18 %, Otra medida provisional es la aceptaci\u00f3n de la tarjeta de los subsidios sociales en las grandes cadenas, donde el programa fue creado para colmado de los sectores marginales del pa\u00eds.<\/p>\n\n\n\n<p>Pe\u00f1a emiti\u00f3 sus consideraciones al encabezar el acto de celebraci\u00f3n del 82 aniversario de la instituci\u00f3n. El acto se realiz\u00f3 en la sede de la Asociaci\u00f3n de Detallistas de Provisiones ubicada en la Jacinto de la Concha 49 del sector capitale\u00f1o de Villa Francisca.<\/p>\n\n\n\n<p>El dirigente detallista destac\u00f3 los grandes aportes a la instituci\u00f3n realizada por los distintos presidentes que la entidad ha tenido en sus 82 a\u00f1os de actividad p\u00fablica. En la actividad tambi\u00e9n particip\u00f3 como orador invitado el se\u00f1or Jorge Morales, Vice Ministro de Fomento a las Mipymes del Ministerio de Industria y Comercio. Morales analiz\u00f3 ante los presentes el tema: \u201cEl futuro del Comercio Detallista como aliados para el desarrollo local y la reactivaci\u00f3n econ\u00f3mica.\u201d<\/p>\n\n\n\n<p><strong>PIE DE FOTO:<\/strong><\/p>\n\n\n\n<p>1.- F\u00e9lix Pe\u00f1a, presidente de la Asociaci\u00f3n de Detallistas de Provisiones del Distrito Nacional y el doctor Jorge Morales Paulino, Vice Ministro de Fomento de las Mipymes del Ministerio de Industria y Comercio encabezaron la mesa principal en el acto de celebraci\u00f3n del 82 aniversario de la organizaci\u00f3n comercial m\u00e1s antigua del pa\u00eds.<\/p>\n\n\n\n<p><strong>F\u00e9lix Manuel Pe\u00f1a\u00a0\u00a0\u00a0\u00a0\u00a0\u00a0\u00a0\u00a0 \u00a0\u00a0<\/strong><\/p>\n\n\n\n<p><strong>\u00a0Coordinadora de prensa<\/strong>\u00a0<\/p>\n\n\n\n<p>\u00a0\u00a0Presidente<\/p>\n\n\n\n<p> \u00a0\u00a0Promovideo\/Dania Goris<\/p>\n\n\n\n<p>\u00a0\u00a0Santo Domingo<\/p>\n\n\n\n<p>Diciembre 16, 2024<\/p>\n\n\n\n<p><strong>NOTA DE PRENSA<\/strong><\/p>\n","protected":false},"excerpt":{"rendered":"<p>diariodominicano.com Santo Domingo, R. D.,\u200216 de diciembre, 2024.-\u2002El Presidente de la Asociaci\u00f3n de Detallistas de Provisiones del Distrito Nacional abog\u00f3 por la creaci\u00f3n en el pa\u00eds de un seguro de desempleo y favoreci\u00f3 el desmonte racional de la cesant\u00eda laboral por un determinado n\u00famero de a\u00f1os, F\u00e9lix Pe\u00f1a hizo el pronunciamiento en el acto de [&hellip;]<\/p>\n","protected":false},"author":5,"featured_media":583151,"comment_status":"closed","ping_status":"closed","sticky":true,"template":"","format":"standard","meta":{"footnotes":""},"categories":[20,18,27],"tags":[],"class_list":["post-583150","post","type-post","status-publish","format-standard","has-post-thumbnail","hentry","category-dominicana-hoy","category-economia","category-portada"],"_links":{"self":[{"href":"https:\/\/diariodominicano.com\/index.php?rest_route=\/wp\/v2\/posts\/583150","targetHints":{"allow":["GET"]}}],"collection":[{"href":"https:\/\/diariodominicano.com\/index.php?rest_route=\/wp\/v2\/posts"}],"about":[{"href":"https:\/\/diariodominicano.com\/index.php?rest_route=\/wp\/v2\/types\/post"}],"author":[{"embeddable":true,"href":"https:\/\/diariodominicano.com\/index.php?rest_route=\/wp\/v2\/users\/5"}],"replies":[{"embeddable":true,"href":"https:\/\/diariodominicano.com\/index.php?rest_route=%2Fwp%2Fv2%2Fcomments&post=583150"}],"version-history":[{"count":1,"href":"https:\/\/diariodominicano.com\/index.php?rest_route=\/wp\/v2\/posts\/583150\/revisions"}],"predecessor-version":[{"id":583152,"href":"https:\/\/diariodominicano.com\/index.php?rest_route=\/wp\/v2\/posts\/583150\/revisions\/583152"}],"wp:featuredmedia":[{"embeddable":true,"href":"https:\/\/diariodominicano.com\/index.php?rest_route=\/wp\/v2\/media\/583151"}],"wp:attachment":[{"href":"https:\/\/diariodominicano.com\/index.php?rest_route=%2Fwp%2Fv2%2Fmedia&parent=583150"}],"wp:term":[{"taxonomy":"category","embeddable":true,"href":"https:\/\/diariodominicano.com\/index.php?rest_route=%2Fwp%2Fv2%2Fcategories&post=583150"},{"taxonomy":"post_tag","embeddable":true,"href":"https:\/\/diariodominicano.com\/index.php?rest_route=%2Fwp%2Fv2%2Ftags&post=583150"}],"curies":[{"name":"wp","href":"https:\/\/api.w.org\/{rel}","templated":true}]}}