{"id":583147,"date":"2024-12-16T08:38:26","date_gmt":"2024-12-16T12:38:26","guid":{"rendered":"https:\/\/diariodominicano.com\/?p=583147"},"modified":"2024-12-16T08:38:36","modified_gmt":"2024-12-16T12:38:36","slug":"bangladesh-planea-celebrar-elecciones-nacionales-a-finales-de-2025-o-en-el-primer-semestre-de-2026","status":"publish","type":"post","link":"https:\/\/diariodominicano.com\/?p=583147","title":{"rendered":"Bangladesh planea celebrar elecciones nacionales a finales de 2025 o en el primer semestre de 2026"},"content":{"rendered":"\n<p>diariodominicano.com<\/p>\n\n\n\n<p>DACA, 16 dic (Xinhua) &#8212; El consejero jefe del Gobierno provisional de Bangladesh, Muhammad Yunus, anunci\u00f3 hoy lunes que es probable que se celebren las pr\u00f3ximas elecciones nacionales a finales de 2025 o en el primer semestre de 2026. \u00abLos c\u00f3mics pueden programarse para finales de 2025 o en la primera mitad de 2026\u00bb, dijo Yunus en un discurso televisado a la naci\u00f3n a las 10:00 hora local de hoy, con motivo del D\u00eda de la Victoria del pa\u00eds asi\u00e1tico. Yunus mencion\u00f3 que hab\u00eda pedido en repetidas ocasiones que se organizaron las elecciones despu\u00e9s de completar todas las grandes reformas necesarias. Pero, debido al consenso pol\u00edtico, puede que sea posible celebrar las elecciones a finales de 2025 tras completar las reformas menores basadas en la preparaci\u00f3n de un censo electoral preciso, asegur\u00f3. Yunus inst\u00f3 a la Comisi\u00f3n Electoral ya todas las instituciones sociales y partidos pol\u00edticos a emprender diversos programas creativos para lograr este objetivo. Sugiri\u00f3 crear una tradici\u00f3n tal que los que votaron por primera vez en todas las elecciones, incluidos los comicios de las Administraciones locales, garantizan alrededor del 100 por ciento de la votaci\u00f3n en todos los centros. \u00abSi podemos garantizar esto, ning\u00fan Gobierno en el futuro se atrever\u00e1 a arrebatar a la gente su derecho al voto\u00bb, a\u00f1adi\u00f3 el consejero jefe. Yunus, un economista, prest\u00f3 juramento como jefe del Gobierno interino de Bangladesh el 8 de agosto.<\/p>\n","protected":false},"excerpt":{"rendered":"<p>diariodominicano.com DACA, 16 dic (Xinhua) &#8212; El consejero jefe del Gobierno provisional de Bangladesh, Muhammad Yunus, anunci\u00f3 hoy lunes que es probable que se celebren las pr\u00f3ximas elecciones nacionales a finales de 2025 o en el primer semestre de 2026. \u00abLos c\u00f3mics pueden programarse para finales de 2025 o en la primera mitad de 2026\u00bb, [&hellip;]<\/p>\n","protected":false},"author":5,"featured_media":583148,"comment_status":"closed","ping_status":"closed","sticky":true,"template":"","format":"standard","meta":{"footnotes":""},"categories":[23,27],"tags":[],"class_list":["post-583147","post","type-post","status-publish","format-standard","has-post-thumbnail","hentry","category-internacional","category-portada"],"_links":{"self":[{"href":"https:\/\/diariodominicano.com\/index.php?rest_route=\/wp\/v2\/posts\/583147","targetHints":{"allow":["GET"]}}],"collection":[{"href":"https:\/\/diariodominicano.com\/index.php?rest_route=\/wp\/v2\/posts"}],"about":[{"href":"https:\/\/diariodominicano.com\/index.php?rest_route=\/wp\/v2\/types\/post"}],"author":[{"embeddable":true,"href":"https:\/\/diariodominicano.com\/index.php?rest_route=\/wp\/v2\/users\/5"}],"replies":[{"embeddable":true,"href":"https:\/\/diariodominicano.com\/index.php?rest_route=%2Fwp%2Fv2%2Fcomments&post=583147"}],"version-history":[{"count":1,"href":"https:\/\/diariodominicano.com\/index.php?rest_route=\/wp\/v2\/posts\/583147\/revisions"}],"predecessor-version":[{"id":583149,"href":"https:\/\/diariodominicano.com\/index.php?rest_route=\/wp\/v2\/posts\/583147\/revisions\/583149"}],"wp:featuredmedia":[{"embeddable":true,"href":"https:\/\/diariodominicano.com\/index.php?rest_route=\/wp\/v2\/media\/583148"}],"wp:attachment":[{"href":"https:\/\/diariodominicano.com\/index.php?rest_route=%2Fwp%2Fv2%2Fmedia&parent=583147"}],"wp:term":[{"taxonomy":"category","embeddable":true,"href":"https:\/\/diariodominicano.com\/index.php?rest_route=%2Fwp%2Fv2%2Fcategories&post=583147"},{"taxonomy":"post_tag","embeddable":true,"href":"https:\/\/diariodominicano.com\/index.php?rest_route=%2Fwp%2Fv2%2Ftags&post=583147"}],"curies":[{"name":"wp","href":"https:\/\/api.w.org\/{rel}","templated":true}]}}