{"id":583126,"date":"2024-12-16T01:47:06","date_gmt":"2024-12-16T05:47:06","guid":{"rendered":"https:\/\/diariodominicano.com\/?p=583126"},"modified":"2024-12-16T01:47:11","modified_gmt":"2024-12-16T05:47:11","slug":"papa-francisco-pide-en-corcega-a-los-jovenes-defender-ideales-sanos","status":"publish","type":"post","link":"https:\/\/diariodominicano.com\/?p=583126","title":{"rendered":"Papa Francisco pide en C\u00f3rcega a los j\u00f3venes defender ideales sanos"},"content":{"rendered":"\n<p>Ajaccio, Francia, 15 dic (Prensa Latina) El papa Francisco llam\u00f3 hoy a los j\u00f3venes desde la isla francesa de C\u00f3rcega a comprometerse en la pol\u00edtica con los ideales m\u00e1s sanos y abog\u00f3 por no enfrentar las culturas cristianas y laicas.<\/p>\n\n\n\n<ul class=\"wp-block-list\">\n<li><a href=\"https:\/\/www.prensa-latina.cu\/2024\/12\/15\/\"><time>diciembre 15, 2024 | 05:53<\/time><\/a><\/li>\n<\/ul>\n\n\n\n<ul class=\"wp-block-list\">\n<li><a href=\"https:\/\/www.prensa-latina.cu\/2024\/12\/15\/papa-francisco-pide-en-corcega-a-los-jovenes-defender-ideales-sanos\/#\"><\/a><\/li>\n\n\n\n<li><a href=\"https:\/\/www.prensa-latina.cu\/2024\/12\/15\/papa-francisco-pide-en-corcega-a-los-jovenes-defender-ideales-sanos\/#\"><\/a><\/li>\n\n\n\n<li><a href=\"https:\/\/www.prensa-latina.cu\/2024\/12\/15\/papa-francisco-pide-en-corcega-a-los-jovenes-defender-ideales-sanos\/#\"><\/a><\/li>\n\n\n\n<li><a href=\"https:\/\/www.prensa-latina.cu\/2024\/12\/15\/papa-francisco-pide-en-corcega-a-los-jovenes-defender-ideales-sanos\/#\"><\/a><\/li>\n<\/ul>\n\n\n\n<p>Acompa\u00f1ado por una multitud en la capital Ajaccio, el sumo pont\u00edfice intervino en un Congreso Mediterr\u00e1neo sobre la Piedad Popular, foro en el cual inst\u00f3 tambi\u00e9n a una laicidad evolutiva y din\u00e1mica, alejada de dogmas.<\/p>\n\n\n\n<p>Francisco visit\u00f3 la Alcald\u00eda de Ajaccio y salud\u00f3 a la patrona local, la Virgen de la Misericordia, en un trayecto en el que se detuvo para bendecir a ni\u00f1os y ofrecer rosarios a las personas.<\/p>\n\n\n\n<p>En su estancia rel\u00e1mpago en C\u00f3rcega, la tercera que realiza en Francia, el papa se reunir\u00e1 con el presidente Emmanuel Macron.<\/p>\n\n\n\n<p>mem\/wmr<\/p>\n\n\n\n<ul class=\"wp-block-list\">\n<li>#<a href=\"https:\/\/www.prensa-latina.cu\/etiqueta\/ajaccio\/\">Ajaccio<\/a>\u00a0#<a href=\"https:\/\/www.prensa-latina.cu\/etiqueta\/francia\/\">Francia<\/a>\u00a0#<a href=\"https:\/\/www.prensa-latina.cu\/etiqueta\/francisco\/\">francisco<\/a>\u00a0#<a href=\"https:\/\/www.prensa-latina.cu\/etiqueta\/papa\/\">papa<\/a><\/li>\n<\/ul>\n","protected":false},"excerpt":{"rendered":"<p>Ajaccio, Francia, 15 dic (Prensa Latina) El papa Francisco llam\u00f3 hoy a los j\u00f3venes desde la isla francesa de C\u00f3rcega a comprometerse en la pol\u00edtica con los ideales m\u00e1s sanos y abog\u00f3 por no enfrentar las culturas cristianas y laicas. Acompa\u00f1ado por una multitud en la capital Ajaccio, el sumo pont\u00edfice intervino en un Congreso [&hellip;]<\/p>\n","protected":false},"author":28,"featured_media":583127,"comment_status":"closed","ping_status":"closed","sticky":true,"template":"","format":"standard","meta":{"footnotes":""},"categories":[23],"tags":[],"class_list":["post-583126","post","type-post","status-publish","format-standard","has-post-thumbnail","hentry","category-internacional"],"_links":{"self":[{"href":"https:\/\/diariodominicano.com\/index.php?rest_route=\/wp\/v2\/posts\/583126","targetHints":{"allow":["GET"]}}],"collection":[{"href":"https:\/\/diariodominicano.com\/index.php?rest_route=\/wp\/v2\/posts"}],"about":[{"href":"https:\/\/diariodominicano.com\/index.php?rest_route=\/wp\/v2\/types\/post"}],"author":[{"embeddable":true,"href":"https:\/\/diariodominicano.com\/index.php?rest_route=\/wp\/v2\/users\/28"}],"replies":[{"embeddable":true,"href":"https:\/\/diariodominicano.com\/index.php?rest_route=%2Fwp%2Fv2%2Fcomments&post=583126"}],"version-history":[{"count":1,"href":"https:\/\/diariodominicano.com\/index.php?rest_route=\/wp\/v2\/posts\/583126\/revisions"}],"predecessor-version":[{"id":583128,"href":"https:\/\/diariodominicano.com\/index.php?rest_route=\/wp\/v2\/posts\/583126\/revisions\/583128"}],"wp:featuredmedia":[{"embeddable":true,"href":"https:\/\/diariodominicano.com\/index.php?rest_route=\/wp\/v2\/media\/583127"}],"wp:attachment":[{"href":"https:\/\/diariodominicano.com\/index.php?rest_route=%2Fwp%2Fv2%2Fmedia&parent=583126"}],"wp:term":[{"taxonomy":"category","embeddable":true,"href":"https:\/\/diariodominicano.com\/index.php?rest_route=%2Fwp%2Fv2%2Fcategories&post=583126"},{"taxonomy":"post_tag","embeddable":true,"href":"https:\/\/diariodominicano.com\/index.php?rest_route=%2Fwp%2Fv2%2Ftags&post=583126"}],"curies":[{"name":"wp","href":"https:\/\/api.w.org\/{rel}","templated":true}]}}