{"id":583123,"date":"2024-12-16T01:43:48","date_gmt":"2024-12-16T05:43:48","guid":{"rendered":"https:\/\/diariodominicano.com\/?p=583123"},"modified":"2024-12-16T01:43:51","modified_gmt":"2024-12-16T05:43:51","slug":"debaten-en-santiago-de-cuba-sobre-pensamiento-de-fidel-castro-foto","status":"publish","type":"post","link":"https:\/\/diariodominicano.com\/?p=583123","title":{"rendered":"Debaten en Santiago de Cuba sobre pensamiento de Fidel Castro (+Foto)"},"content":{"rendered":"\n<p>Santiago de Cuba, 15 dic (Prensa Latina) La Facultad Hermanos Mara\u00f1\u00f3n de la Universidad del Partido Comunista de Cuba \u00d1ico L\u00f3pez concluy\u00f3 hoy en esta ciudad, el evento cient\u00edfico El pensamiento estrat\u00e9gico de Fidel Castro Ruz, protagonizado por investigadores, profesores y estudiantes.<\/p>\n\n\n\n<ul class=\"wp-block-list\">\n<li><a href=\"https:\/\/www.prensa-latina.cu\/2024\/12\/15\/\"><time>diciembre 15, 2024 | 12:17<\/time><\/a><\/li>\n<\/ul>\n\n\n\n<ul class=\"wp-block-list\">\n<li>Fotos: Facultad Hermanos Mara\u00f1\u00f3n<\/li>\n<\/ul>\n\n\n\n<ul class=\"wp-block-list\">\n<li><a href=\"https:\/\/www.prensa-latina.cu\/2024\/12\/15\/debaten-en-santiago-de-cuba-sobre-pensamiento-de-fidel-castro\/#\"><\/a><\/li>\n\n\n\n<li><a href=\"https:\/\/www.prensa-latina.cu\/2024\/12\/15\/debaten-en-santiago-de-cuba-sobre-pensamiento-de-fidel-castro\/#\"><\/a><\/li>\n\n\n\n<li><a href=\"https:\/\/www.prensa-latina.cu\/2024\/12\/15\/debaten-en-santiago-de-cuba-sobre-pensamiento-de-fidel-castro\/#\"><\/a><\/li>\n\n\n\n<li><a href=\"https:\/\/www.prensa-latina.cu\/2024\/12\/15\/debaten-en-santiago-de-cuba-sobre-pensamiento-de-fidel-castro\/#\"><\/a><\/li>\n<\/ul>\n\n\n\n<p>En el evento participaron como ponentes docentes y maestrantes de la propia instituci\u00f3n, de sus hom\u00f3logas de Sancti Esp\u00edritu y Holgu\u00edn, de la Universidad de Oriente y de la Academia del Ministerio del Interior de esta provincia.<\/p>\n\n\n\n<p>El evento tuvo entre sus objetivos analizar las bases te\u00f3ricas y pr\u00e1cticas del pensamiento estrat\u00e9gico de Fidel Castro; examinar su impacto en la pol\u00edtica interna y externa de Cuba; promover el debate sobre su legado y su relevancia en el siglo XXI y fomentar el intercambio de ideas entre investigadores y estudiantes de diversas disciplinas.<\/p>\n\n\n\n<p>Seis fueron las tem\u00e1ticas abordadas en 32 ponencias en las modalidades presencial y online: La Revoluci\u00f3n Cubana y sus fundamentos ideol\u00f3gicos; El proceso de continuidad del Partido Comunista de Cuba en el pensamiento de Fidel Castro Ruz; Fidel Castro y la pol\u00edtica exterior de Cuba: relaciones con Am\u00e9rica Latina, \u00c1frica y el bloque sovi\u00e9tico. Adem\u00e1s de El pensamiento militar y estrat\u00e9gico en la obra de Fidel Castro; La educaci\u00f3n y la cultura como herramientas de transformaci\u00f3n social y la Contribuci\u00f3n del legado del l\u00edder en el proceso de transformaci\u00f3n digital en Cuba.<\/p>\n\n\n\n<p>Las secciones comenzaron con la conferencia, \u201cLa intersecci\u00f3n del pensamiento de Frank Pa\u00eds y Fidel Castro: Dos visiones y un ideal revolucionario\u201d, impartida por el joven Dr.C. Frank Josu\u00e9 Solar, historiador, investigador, profesor y presidente de la C\u00e1tedra Honor\u00edfica Fidel Castro Ruz de la Universidad de Oriente.<\/p>\n\n\n\n<figure class=\"wp-block-image\"><img decoding=\"async\" src=\"https:\/\/www.prensa-latina.cu\/wp-content\/uploads\/2024\/12\/santiago-debate-fidel-2.jpg\" alt=\"\" class=\"wp-image-1425667\"\/><\/figure>\n\n\n\n<p>La Dra.C. Yamileydis Mart\u00ednez, presidenta de la Comisi\u00f3n Cient\u00edfica del evento, declar\u00f3 que es posible, delinear l\u00edneas futuras de investigaci\u00f3n o acci\u00f3n, por lo que este espacio no solo trascender\u00e1 como un momento de reflexi\u00f3n, sino tambi\u00e9n una motivaci\u00f3n para continuar explorando la impronta de la vida y obra de Fidel Castro.<\/p>\n\n\n\n<p>La tambi\u00e9n vicedecana de la Facultad Hermanos Mara\u00f1\u00f3n, consider\u00f3 que el intercambio tendr\u00e1 impacto en la comunidad acad\u00e9mica y en la divulgaci\u00f3n del pensamiento estrat\u00e9gico de Fidel Castro; adem\u00e1s de que brinda la posibilidad de publicar las ponencias y los resultados de los talleres a trav\u00e9s del Centro Latinoamericano de Estudios en Epistemolog\u00eda Pedag\u00f3gica, cuyo presidente el Dr.C Carlos Viltre, fue invitado al evento.<\/p>\n\n\n\n<p>jha\/yvg<\/p>\n\n\n\n<ul class=\"wp-block-list\">\n<li>#<a href=\"https:\/\/www.prensa-latina.cu\/etiqueta\/ciencia\/\">ciencia<\/a>\u00a0#<a href=\"https:\/\/www.prensa-latina.cu\/etiqueta\/fidel\/\">fidel<\/a>\u00a0#<a href=\"https:\/\/www.prensa-latina.cu\/etiqueta\/pensamiento\/\">pensamiento<\/a><\/li>\n<\/ul>\n","protected":false},"excerpt":{"rendered":"<p>Santiago de Cuba, 15 dic (Prensa Latina) La Facultad Hermanos Mara\u00f1\u00f3n de la Universidad del Partido Comunista de Cuba \u00d1ico L\u00f3pez concluy\u00f3 hoy en esta ciudad, el evento cient\u00edfico El pensamiento estrat\u00e9gico de Fidel Castro Ruz, protagonizado por investigadores, profesores y estudiantes. En el evento participaron como ponentes docentes y maestrantes de la propia instituci\u00f3n, [&hellip;]<\/p>\n","protected":false},"author":28,"featured_media":583124,"comment_status":"closed","ping_status":"closed","sticky":true,"template":"","format":"standard","meta":{"footnotes":""},"categories":[36,26],"tags":[],"class_list":["post-583123","post","type-post","status-publish","format-standard","has-post-thumbnail","hentry","category-hombresmujeresycosas","category-efemerides"],"_links":{"self":[{"href":"https:\/\/diariodominicano.com\/index.php?rest_route=\/wp\/v2\/posts\/583123","targetHints":{"allow":["GET"]}}],"collection":[{"href":"https:\/\/diariodominicano.com\/index.php?rest_route=\/wp\/v2\/posts"}],"about":[{"href":"https:\/\/diariodominicano.com\/index.php?rest_route=\/wp\/v2\/types\/post"}],"author":[{"embeddable":true,"href":"https:\/\/diariodominicano.com\/index.php?rest_route=\/wp\/v2\/users\/28"}],"replies":[{"embeddable":true,"href":"https:\/\/diariodominicano.com\/index.php?rest_route=%2Fwp%2Fv2%2Fcomments&post=583123"}],"version-history":[{"count":1,"href":"https:\/\/diariodominicano.com\/index.php?rest_route=\/wp\/v2\/posts\/583123\/revisions"}],"predecessor-version":[{"id":583125,"href":"https:\/\/diariodominicano.com\/index.php?rest_route=\/wp\/v2\/posts\/583123\/revisions\/583125"}],"wp:featuredmedia":[{"embeddable":true,"href":"https:\/\/diariodominicano.com\/index.php?rest_route=\/wp\/v2\/media\/583124"}],"wp:attachment":[{"href":"https:\/\/diariodominicano.com\/index.php?rest_route=%2Fwp%2Fv2%2Fmedia&parent=583123"}],"wp:term":[{"taxonomy":"category","embeddable":true,"href":"https:\/\/diariodominicano.com\/index.php?rest_route=%2Fwp%2Fv2%2Fcategories&post=583123"},{"taxonomy":"post_tag","embeddable":true,"href":"https:\/\/diariodominicano.com\/index.php?rest_route=%2Fwp%2Fv2%2Ftags&post=583123"}],"curies":[{"name":"wp","href":"https:\/\/api.w.org\/{rel}","templated":true}]}}