{"id":583120,"date":"2024-12-16T01:40:46","date_gmt":"2024-12-16T05:40:46","guid":{"rendered":"https:\/\/diariodominicano.com\/?p=583120"},"modified":"2024-12-16T01:40:51","modified_gmt":"2024-12-16T05:40:51","slug":"israel-detona-casas-en-sur-de-libano-a-pesar-de-alto-al-fuego","status":"publish","type":"post","link":"https:\/\/diariodominicano.com\/?p=583120","title":{"rendered":"Israel detona casas en sur de L\u00edbano a pesar de alto al fuego"},"content":{"rendered":"\n<p>Beirut, 15 dic (Prensa Latina) Israel deton\u00f3 hoy casas en el sector occidental de la frontera sur de L\u00edbano, a pesar de la vigencia del alto al fuego desde el 27 de noviembre.<\/p>\n\n\n\n<ul class=\"wp-block-list\">\n<li><a href=\"https:\/\/www.prensa-latina.cu\/2024\/12\/15\/\"><time>diciembre 15, 2024 | 13:49<\/time><\/a><\/li>\n<\/ul>\n\n\n\n<ul class=\"wp-block-list\">\n<li><a href=\"https:\/\/www.prensa-latina.cu\/2024\/12\/15\/israel-detona-casas-en-sur-de-libano-a-pesar-de-alto-al-fuego\/#\"><\/a><\/li>\n\n\n\n<li><a href=\"https:\/\/www.prensa-latina.cu\/2024\/12\/15\/israel-detona-casas-en-sur-de-libano-a-pesar-de-alto-al-fuego\/#\"><\/a><\/li>\n\n\n\n<li><a href=\"https:\/\/www.prensa-latina.cu\/2024\/12\/15\/israel-detona-casas-en-sur-de-libano-a-pesar-de-alto-al-fuego\/#\"><\/a><\/li>\n\n\n\n<li><a href=\"https:\/\/www.prensa-latina.cu\/2024\/12\/15\/israel-detona-casas-en-sur-de-libano-a-pesar-de-alto-al-fuego\/#\"><\/a><\/li>\n<\/ul>\n\n\n\n<p>De acuerdo con reportes de prensa, las violaciones de la ocupaci\u00f3n israel\u00ed contin\u00faan, cuyas \u00faltimas son los bombardeos y la detonaci\u00f3n de viviendas entre los poblados de Al-Jubbain y Shiheen.<\/p>\n\n\n\n<p>El diario Al-Akhbar inform\u00f3 explosiones en Naqoura debido a acciones de las fuerzas israel\u00edes, as\u00ed como incursiones con ametralladoras sobre Wadi Hassan y Safarjel, en las afueras de Majdal Zoun, en el sur.<\/p>\n\n\n\n<p>La propia publicaci\u00f3n precis\u00f3 que los militares de Tel Aviv liberaron al ciudadano Abdo Mohammed Abdel Aal, que fue capturado ayer en la llanura de Majidiya y llevado a territorio ocupado.<\/p>\n\n\n\n<p>El canal liban\u00e9s Al Manar comunic\u00f3 el sobrevuelo de aviones no tripulados enemigos a baja altura en el espacio a\u00e9reo del suburbio sur de Beirut.<\/p>\n\n\n\n<p>Desde Roma, el primer ministro interino de L\u00edbano, Najib Mikati, reclam\u00f3 el cese de las violaciones israel\u00edes y la implementaci\u00f3n integral del acuerdo de alto al fuego.<\/p>\n\n\n\n<p>El jefe de gobierno insisti\u00f3 en la importancia de cumplir la tregua para proteger la soberan\u00eda y la integridad territorial de L\u00edbano y facilitar el regreso seguro de los desplazados a sus hogares.<\/p>\n\n\n\n<p>Al intervenir en el foro pol\u00edtico anual de la primera ministra italiana, Giorgia Meloni, la m\u00e1xima figura del Ejecutivo subray\u00f3 que Estados Unidos y Francia, patrocinadores del acuerdo de alto al fuego, tienen una responsabilidad directa en poner fin a las infracciones israel\u00edes y obligar a Israel a respetar este entendimiento.<\/p>\n\n\n\n<p>Mikati reafirm\u00f3 la posici\u00f3n nacional de abordar los problemas de seguridad en la frontera sur, la retirada completa de Israel de los territorios ocupados y la soluci\u00f3n de disputas en la L\u00ednea Azul mediante la Resoluci\u00f3n 1701 del Consejo de Seguridad de la ONU.<\/p>\n\n\n\n<p>npg\/yma<\/p>\n\n\n\n<ul class=\"wp-block-list\">\n<li>#<a href=\"https:\/\/www.prensa-latina.cu\/etiqueta\/francia\/\">Francia<\/a>\u00a0#<a href=\"https:\/\/www.prensa-latina.cu\/etiqueta\/israel\/\">Israel<\/a>\u00a0#<a href=\"https:\/\/www.prensa-latina.cu\/etiqueta\/onu\/\">ONU<\/a><\/li>\n<\/ul>\n","protected":false},"excerpt":{"rendered":"<p>Beirut, 15 dic (Prensa Latina) Israel deton\u00f3 hoy casas en el sector occidental de la frontera sur de L\u00edbano, a pesar de la vigencia del alto al fuego desde el 27 de noviembre. De acuerdo con reportes de prensa, las violaciones de la ocupaci\u00f3n israel\u00ed contin\u00faan, cuyas \u00faltimas son los bombardeos y la detonaci\u00f3n de [&hellip;]<\/p>\n","protected":false},"author":28,"featured_media":583121,"comment_status":"closed","ping_status":"closed","sticky":true,"template":"","format":"standard","meta":{"footnotes":""},"categories":[23],"tags":[],"class_list":["post-583120","post","type-post","status-publish","format-standard","has-post-thumbnail","hentry","category-internacional"],"_links":{"self":[{"href":"https:\/\/diariodominicano.com\/index.php?rest_route=\/wp\/v2\/posts\/583120","targetHints":{"allow":["GET"]}}],"collection":[{"href":"https:\/\/diariodominicano.com\/index.php?rest_route=\/wp\/v2\/posts"}],"about":[{"href":"https:\/\/diariodominicano.com\/index.php?rest_route=\/wp\/v2\/types\/post"}],"author":[{"embeddable":true,"href":"https:\/\/diariodominicano.com\/index.php?rest_route=\/wp\/v2\/users\/28"}],"replies":[{"embeddable":true,"href":"https:\/\/diariodominicano.com\/index.php?rest_route=%2Fwp%2Fv2%2Fcomments&post=583120"}],"version-history":[{"count":1,"href":"https:\/\/diariodominicano.com\/index.php?rest_route=\/wp\/v2\/posts\/583120\/revisions"}],"predecessor-version":[{"id":583122,"href":"https:\/\/diariodominicano.com\/index.php?rest_route=\/wp\/v2\/posts\/583120\/revisions\/583122"}],"wp:featuredmedia":[{"embeddable":true,"href":"https:\/\/diariodominicano.com\/index.php?rest_route=\/wp\/v2\/media\/583121"}],"wp:attachment":[{"href":"https:\/\/diariodominicano.com\/index.php?rest_route=%2Fwp%2Fv2%2Fmedia&parent=583120"}],"wp:term":[{"taxonomy":"category","embeddable":true,"href":"https:\/\/diariodominicano.com\/index.php?rest_route=%2Fwp%2Fv2%2Fcategories&post=583120"},{"taxonomy":"post_tag","embeddable":true,"href":"https:\/\/diariodominicano.com\/index.php?rest_route=%2Fwp%2Fv2%2Ftags&post=583120"}],"curies":[{"name":"wp","href":"https:\/\/api.w.org\/{rel}","templated":true}]}}