{"id":583117,"date":"2024-12-16T01:38:51","date_gmt":"2024-12-16T05:38:51","guid":{"rendered":"https:\/\/diariodominicano.com\/?p=583117"},"modified":"2024-12-16T01:38:56","modified_gmt":"2024-12-16T05:38:56","slug":"presidente-de-venezuela-celebra-25-anos-de-constitucion-bolivariana","status":"publish","type":"post","link":"https:\/\/diariodominicano.com\/?p=583117","title":{"rendered":"Presidente de Venezuela celebra 25 a\u00f1os de Constituci\u00f3n bolivariana"},"content":{"rendered":"\n<p>Caracas, 15 dic (Prensa Latina) El presidente de Venezuela, Nicol\u00e1s Maduro, celebr\u00f3 hoy el primer cuarto de siglo en que fuera aprobada mediante referendo la vigente Constituci\u00f3n nacional.<\/p>\n\n\n\n<ul class=\"wp-block-list\">\n<li><a href=\"https:\/\/www.prensa-latina.cu\/2024\/12\/15\/\"><time>diciembre 15, 2024 | 09:24<\/time><\/a><\/li>\n<\/ul>\n\n\n\n<ul class=\"wp-block-list\">\n<li><a href=\"https:\/\/www.prensa-latina.cu\/2024\/12\/15\/presidente-de-venezuela-celebra-25-anos-de-constitucion-bolivariana\/#\"><\/a><\/li>\n\n\n\n<li><a href=\"https:\/\/www.prensa-latina.cu\/2024\/12\/15\/presidente-de-venezuela-celebra-25-anos-de-constitucion-bolivariana\/#\"><\/a><\/li>\n\n\n\n<li><a href=\"https:\/\/www.prensa-latina.cu\/2024\/12\/15\/presidente-de-venezuela-celebra-25-anos-de-constitucion-bolivariana\/#\"><\/a><\/li>\n\n\n\n<li><a href=\"https:\/\/www.prensa-latina.cu\/2024\/12\/15\/presidente-de-venezuela-celebra-25-anos-de-constitucion-bolivariana\/#\"><\/a><\/li>\n<\/ul>\n\n\n\n<p>En su cuenta de Telegram el jefe de Estado se\u00f1al\u00f3 que \u201chace 25 a\u00f1os dimos los pasos valientes de la mano del gran l\u00edder Hugo Ch\u00e1vez al aprobar la Constituci\u00f3n de la Rep\u00fablica Bolivariana de Venezuela, \u00fanica en la historia de 200 a\u00f1os\u201d.<\/p>\n\n\n\n<p>Maduro expres\u00f3 que con ese paso quedaba atr\u00e1s \u201cla vetusta y putrefacta democracia representativa, bandida, corrupta y podrida de las elites\u201d y se iniciaba un camino de construcci\u00f3n de las bases de una nueva sociedad y un nuevo Estado.<\/p>\n\n\n\n<p>Hoy 15 de diciembre estamos pagando una deuda hist\u00f3rica y vamos a la elecci\u00f3n de Jueces de Paz \u201cpara seguir fortaleciendo nuestra democracia participativa y protag\u00f3nica\u201d.<\/p>\n\n\n\n<p>Este domingo a trav\u00e9s del voto directo y secreto el pueblo venezolano elegir\u00e1 a 30 mil Jueces de Paz, entre principales y suplentes, en cuatro mil 862 circuitos comunales distribuidos por todo el pa\u00eds.<\/p>\n\n\n\n<p>\u00a1Con la Constituci\u00f3n, todo, fuera de la Constituci\u00f3n, nada! Frente a los intentos del fascismo por vulnerarla, seguiremos defendi\u00e9ndola con firmeza, asegur\u00f3 el mandatario.<\/p>\n\n\n\n<p>El ministro para Relaciones Exteriores Yv\u00e1n Gil escribi\u00f3 en su cuenta de la misma red social que ese documento refleja \u201cel anhelo de un pueblo por un pa\u00eds m\u00e1s justo, participativo y democr\u00e1tico\u201d.<\/p>\n\n\n\n<p>Esta Constituci\u00f3n, nacida del proceso constituyente impulsado por el pueblo venezolano, se fundamenta en la defensa de los derechos humanos, la equidad, la soberan\u00eda, la autodeterminaci\u00f3n y la inclusi\u00f3n social, afirm\u00f3 el alto diplom\u00e1tico.<\/p>\n\n\n\n<p>Destac\u00f3 que \u201choy conmemoramos este importante hito de la Revoluci\u00f3n bolivariana\u201d.<\/p>\n\n\n\n<p>jha\/jcd<\/p>\n\n\n\n<ul class=\"wp-block-list\">\n<li>#<a href=\"https:\/\/www.prensa-latina.cu\/etiqueta\/venezuela\/\">Venezuela<\/a><\/li>\n<\/ul>\n","protected":false},"excerpt":{"rendered":"<p>Caracas, 15 dic (Prensa Latina) El presidente de Venezuela, Nicol\u00e1s Maduro, celebr\u00f3 hoy el primer cuarto de siglo en que fuera aprobada mediante referendo la vigente Constituci\u00f3n nacional. En su cuenta de Telegram el jefe de Estado se\u00f1al\u00f3 que \u201chace 25 a\u00f1os dimos los pasos valientes de la mano del gran l\u00edder Hugo Ch\u00e1vez al [&hellip;]<\/p>\n","protected":false},"author":28,"featured_media":583118,"comment_status":"closed","ping_status":"closed","sticky":true,"template":"","format":"standard","meta":{"footnotes":""},"categories":[26,23],"tags":[],"class_list":["post-583117","post","type-post","status-publish","format-standard","has-post-thumbnail","hentry","category-efemerides","category-internacional"],"_links":{"self":[{"href":"https:\/\/diariodominicano.com\/index.php?rest_route=\/wp\/v2\/posts\/583117","targetHints":{"allow":["GET"]}}],"collection":[{"href":"https:\/\/diariodominicano.com\/index.php?rest_route=\/wp\/v2\/posts"}],"about":[{"href":"https:\/\/diariodominicano.com\/index.php?rest_route=\/wp\/v2\/types\/post"}],"author":[{"embeddable":true,"href":"https:\/\/diariodominicano.com\/index.php?rest_route=\/wp\/v2\/users\/28"}],"replies":[{"embeddable":true,"href":"https:\/\/diariodominicano.com\/index.php?rest_route=%2Fwp%2Fv2%2Fcomments&post=583117"}],"version-history":[{"count":1,"href":"https:\/\/diariodominicano.com\/index.php?rest_route=\/wp\/v2\/posts\/583117\/revisions"}],"predecessor-version":[{"id":583119,"href":"https:\/\/diariodominicano.com\/index.php?rest_route=\/wp\/v2\/posts\/583117\/revisions\/583119"}],"wp:featuredmedia":[{"embeddable":true,"href":"https:\/\/diariodominicano.com\/index.php?rest_route=\/wp\/v2\/media\/583118"}],"wp:attachment":[{"href":"https:\/\/diariodominicano.com\/index.php?rest_route=%2Fwp%2Fv2%2Fmedia&parent=583117"}],"wp:term":[{"taxonomy":"category","embeddable":true,"href":"https:\/\/diariodominicano.com\/index.php?rest_route=%2Fwp%2Fv2%2Fcategories&post=583117"},{"taxonomy":"post_tag","embeddable":true,"href":"https:\/\/diariodominicano.com\/index.php?rest_route=%2Fwp%2Fv2%2Ftags&post=583117"}],"curies":[{"name":"wp","href":"https:\/\/api.w.org\/{rel}","templated":true}]}}