{"id":583109,"date":"2024-12-16T01:29:25","date_gmt":"2024-12-16T05:29:25","guid":{"rendered":"https:\/\/diariodominicano.com\/?p=583109"},"modified":"2024-12-16T01:31:25","modified_gmt":"2024-12-16T05:31:25","slug":"frente-agropecuario-prm-realiza-feria-navidena","status":"publish","type":"post","link":"https:\/\/diariodominicano.com\/?p=583109","title":{"rendered":"Frente Agropecuario PRM realiza  Feria Navide\u00f1a"},"content":{"rendered":"\n<p><strong>ENLACE VIDEO HD:&nbsp;<\/strong><a href=\"https:\/\/we.tl\/t-sOSMEdMdvR\" target=\"_blank\" rel=\"noreferrer noopener\">https:\/\/we.tl\/t-sOSMEdMdvR<\/a><\/p>\n\n\n\n<p><strong>Las Caobas, Santo Domingo Oeste.-<\/strong>&nbsp;Autoridades del Frente Agropecuario del Partido Revolucionario Moderno (PRM) realizaron su tradicional Feria Agropecuaria Navide\u00f1a en esta zona capitalina.<\/p>\n\n\n\n<p>En la apertura participaron el fundador del frente, el expresidente Hip\u00f3lito Mej\u00eda, su actual presidente Eulalio Ram\u00edrez y todos los dem\u00e1s miembros.<\/p>\n\n\n\n<figure class=\"wp-block-image size-large\"><img loading=\"lazy\" decoding=\"async\" width=\"1024\" height=\"683\" src=\"https:\/\/diariodominicano.com\/wp-content\/uploads\/2024\/12\/Feria-Frente-PRM-1-1024x683.jpeg\" alt=\"\" class=\"wp-image-583112\" srcset=\"https:\/\/diariodominicano.com\/wp-content\/uploads\/2024\/12\/Feria-Frente-PRM-1-1024x683.jpeg 1024w, https:\/\/diariodominicano.com\/wp-content\/uploads\/2024\/12\/Feria-Frente-PRM-1-300x200.jpeg 300w, https:\/\/diariodominicano.com\/wp-content\/uploads\/2024\/12\/Feria-Frente-PRM-1-768x512.jpeg 768w, https:\/\/diariodominicano.com\/wp-content\/uploads\/2024\/12\/Feria-Frente-PRM-1-1536x1024.jpeg 1536w, https:\/\/diariodominicano.com\/wp-content\/uploads\/2024\/12\/Feria-Frente-PRM-1-2048x1365.jpeg 2048w, https:\/\/diariodominicano.com\/wp-content\/uploads\/2024\/12\/Feria-Frente-PRM-1-816x544.jpeg 816w\" sizes=\"auto, (max-width: 1024px) 100vw, 1024px\" \/><\/figure>\n\n\n\n<p>Eulalio Ramirez indic\u00f3 que la misma es un aporte de todos los colaboradores de equipo agropecuario con el objetivo de llevar alimentos a bajos precios a la familia dominicana para que puedan disfrutar en estas festividades.<\/p>\n\n\n\n<figure class=\"wp-block-image size-large\"><img loading=\"lazy\" decoding=\"async\" width=\"1024\" height=\"683\" src=\"https:\/\/diariodominicano.com\/wp-content\/uploads\/2024\/12\/Feria-Frente-PRM-3-1024x683.jpeg\" alt=\"\" class=\"wp-image-583114\" srcset=\"https:\/\/diariodominicano.com\/wp-content\/uploads\/2024\/12\/Feria-Frente-PRM-3-1024x683.jpeg 1024w, https:\/\/diariodominicano.com\/wp-content\/uploads\/2024\/12\/Feria-Frente-PRM-3-300x200.jpeg 300w, https:\/\/diariodominicano.com\/wp-content\/uploads\/2024\/12\/Feria-Frente-PRM-3-768x512.jpeg 768w, https:\/\/diariodominicano.com\/wp-content\/uploads\/2024\/12\/Feria-Frente-PRM-3-1536x1024.jpeg 1536w, https:\/\/diariodominicano.com\/wp-content\/uploads\/2024\/12\/Feria-Frente-PRM-3-2048x1365.jpeg 2048w, https:\/\/diariodominicano.com\/wp-content\/uploads\/2024\/12\/Feria-Frente-PRM-3-816x544.jpeg 816w\" sizes=\"auto, (max-width: 1024px) 100vw, 1024px\" \/><\/figure>\n\n\n\n<p>En la misma se estuvo vendiendo arroz a 20 pesos, un pollo de cinco libras a 150 pesos, vegetales, v\u00edveres, fruta, &nbsp;habichuelas, papa y todos los alimentos de la canasta b\u00e1sica a precios populares, dijo.<\/p>\n\n\n\n<figure class=\"wp-block-image size-large\"><img loading=\"lazy\" decoding=\"async\" width=\"1024\" height=\"653\" src=\"https:\/\/diariodominicano.com\/wp-content\/uploads\/2024\/12\/Feria-Frente-PRM-4-1024x653.jpeg\" alt=\"\" class=\"wp-image-583115\" srcset=\"https:\/\/diariodominicano.com\/wp-content\/uploads\/2024\/12\/Feria-Frente-PRM-4-1024x653.jpeg 1024w, https:\/\/diariodominicano.com\/wp-content\/uploads\/2024\/12\/Feria-Frente-PRM-4-300x191.jpeg 300w, https:\/\/diariodominicano.com\/wp-content\/uploads\/2024\/12\/Feria-Frente-PRM-4-768x490.jpeg 768w, https:\/\/diariodominicano.com\/wp-content\/uploads\/2024\/12\/Feria-Frente-PRM-4-1536x980.jpeg 1536w, https:\/\/diariodominicano.com\/wp-content\/uploads\/2024\/12\/Feria-Frente-PRM-4-2048x1306.jpeg 2048w, https:\/\/diariodominicano.com\/wp-content\/uploads\/2024\/12\/Feria-Frente-PRM-4-816x520.jpeg 816w\" sizes=\"auto, (max-width: 1024px) 100vw, 1024px\" \/><\/figure>\n\n\n\n<p>Decenas de amas de casa y familias se beneficiaron de las ventas. Al cierre de la actividad se regalaron fundas de combos de productos alimenticios, v\u00edveres y embutidos de manera gratuita a los presentes.<\/p>\n\n\n\n<p><strong>Periodista Erick Montilla<\/strong><br>Comunicaciones y Prensa<\/p>\n","protected":false},"excerpt":{"rendered":"<p>ENLACE VIDEO HD:&nbsp;https:\/\/we.tl\/t-sOSMEdMdvR Las Caobas, Santo Domingo Oeste.-&nbsp;Autoridades del Frente Agropecuario del Partido Revolucionario Moderno (PRM) realizaron su tradicional Feria Agropecuaria Navide\u00f1a en esta zona capitalina. En la apertura participaron el fundador del frente, el expresidente Hip\u00f3lito Mej\u00eda, su actual presidente Eulalio Ram\u00edrez y todos los dem\u00e1s miembros. Eulalio Ramirez indic\u00f3 que la misma es [&hellip;]<\/p>\n","protected":false},"author":28,"featured_media":583110,"comment_status":"closed","ping_status":"closed","sticky":true,"template":"","format":"standard","meta":{"footnotes":""},"categories":[36,18],"tags":[],"class_list":["post-583109","post","type-post","status-publish","format-standard","has-post-thumbnail","hentry","category-hombresmujeresycosas","category-economia"],"_links":{"self":[{"href":"https:\/\/diariodominicano.com\/index.php?rest_route=\/wp\/v2\/posts\/583109","targetHints":{"allow":["GET"]}}],"collection":[{"href":"https:\/\/diariodominicano.com\/index.php?rest_route=\/wp\/v2\/posts"}],"about":[{"href":"https:\/\/diariodominicano.com\/index.php?rest_route=\/wp\/v2\/types\/post"}],"author":[{"embeddable":true,"href":"https:\/\/diariodominicano.com\/index.php?rest_route=\/wp\/v2\/users\/28"}],"replies":[{"embeddable":true,"href":"https:\/\/diariodominicano.com\/index.php?rest_route=%2Fwp%2Fv2%2Fcomments&post=583109"}],"version-history":[{"count":2,"href":"https:\/\/diariodominicano.com\/index.php?rest_route=\/wp\/v2\/posts\/583109\/revisions"}],"predecessor-version":[{"id":583116,"href":"https:\/\/diariodominicano.com\/index.php?rest_route=\/wp\/v2\/posts\/583109\/revisions\/583116"}],"wp:featuredmedia":[{"embeddable":true,"href":"https:\/\/diariodominicano.com\/index.php?rest_route=\/wp\/v2\/media\/583110"}],"wp:attachment":[{"href":"https:\/\/diariodominicano.com\/index.php?rest_route=%2Fwp%2Fv2%2Fmedia&parent=583109"}],"wp:term":[{"taxonomy":"category","embeddable":true,"href":"https:\/\/diariodominicano.com\/index.php?rest_route=%2Fwp%2Fv2%2Fcategories&post=583109"},{"taxonomy":"post_tag","embeddable":true,"href":"https:\/\/diariodominicano.com\/index.php?rest_route=%2Fwp%2Fv2%2Ftags&post=583109"}],"curies":[{"name":"wp","href":"https:\/\/api.w.org\/{rel}","templated":true}]}}