{"id":583104,"date":"2024-12-16T01:23:30","date_gmt":"2024-12-16T05:23:30","guid":{"rendered":"https:\/\/diariodominicano.com\/?p=583104"},"modified":"2024-12-16T01:26:06","modified_gmt":"2024-12-16T05:26:06","slug":"miguel-collado-dice-pobreza-se-reduce-con-creacion-de-riqueza-y-empleos-de-calidad-y-no-con-asistencialismo","status":"publish","type":"post","link":"https:\/\/diariodominicano.com\/?p=583104","title":{"rendered":"Miguel\u00a0Collado dice pobreza se reduce con creaci\u00f3n de riqueza y empleos de calidad y no con asistencialismo"},"content":{"rendered":"\n<p><strong>CREES: \u201cSin reformas econ\u00f3micas estructurales no se lograr\u00e1 meta de hambre cero en 2028 ni se duplicar\u00e1 el PIB en 2036<\/strong><\/p>\n\n\n\n<p><strong><em>Dice poblaci\u00f3n siente alimentos est\u00e1n caros porque desde el 2020 el costo de la vida se ha disparado 25%<\/em><\/strong><strong><\/strong><\/p>\n\n\n\n<p><strong>Santo Domingo, RD.- El vicepresidente ejecutivo del Centro Regional de Estrategias Econ\u00f3micas Sostenibles (CREES) advirti\u00f3 que si en el pa\u00eds no se producen cuanto antes reformas estructurales que incrementen los ingresos del gobierno, conjuntamente con la ejecuci\u00f3n de un gasto de calidad, no ser\u00e1 posible alcanzar las metas que se han trazado las autoridades de hambre cero en el 2028, y que se duplique el Producto Interno Bruto para el 2036.<\/strong><\/p>\n\n\n\n<p><strong>En el Plan Meta RD 2036, las autoridades se han planteado un crecimiento real del PIB del 6% anual, eliminar la pobreza extrema, crear 1.7 millones de nuevos empleos, triplicar el salario medio y alcanzar un grado de inversi\u00f3n que permita que la Rep\u00fablica Dominicana sea la econom\u00eda m\u00e1s pr\u00f3spera de Am\u00e9rica Latina.<\/strong><\/p>\n\n\n\n<p><strong>Al respecto, el economista Miguel Collado di Franco calific\u00f3 como imposible llegar a esas metas si no se hacen reformas estructurales, a menos que no se tenga la intenci\u00f3n de seguir incrementando el gasto p\u00fablico, lo que implica continuar con la carrera de endeudamiento.<\/strong><\/p>\n\n\n\n<p><strong>Entrevistado por H\u00e9ctor Herrera Cabral en el programa D\u00c1GENDA que cada domingo se difunde por Telesistema canal 11 y TV Quisqueya para los Estados Unidos, Collado di Franco indic\u00f3 que, m\u00e1s que continuar con el ritmo de endeudamiento, tendr\u00eda que acelerarse a\u00fan m\u00e1s, y dijo que se resiste a creer que esa sea la idea del gobierno que encabeza el presidente Luis Abinader.<\/strong><\/p>\n\n\n\n<p><strong>Agreg\u00f3 que le gustar\u00eda pensar, aunque se vea como una persona optimista, que las reformas que no se hicieron se iniciar\u00e1n a partir del pr\u00f3ximo a\u00f1o, las cuales deben comenzar con una reforma tributaria, que debe ser muy distinta a la que se introdujo al Congreso en meses pasados, y que dos semanas despu\u00e9s tuvo que ser retirada por el rechazo un\u00e1nime de todos los sectores de la sociedad.<\/strong><\/p>\n\n\n\n<p><strong>\u201cC\u00f3mo llegar a esas metas si no hacemos reformas estructurales, imposible, a menos, y no lo creo, que lo que queramos hacer es seguir gastando m\u00e1s y m\u00e1s, y en consecuencia continuar con el endeudamiento, continuar no, hacerlo a\u00fan m\u00e1s, y no creo que esa sea la idea.<\/strong><\/p>\n\n\n\n<p><strong>A m\u00ed me gustar\u00eda pensar, optimistamente, que las reformas que no se hicieron, o no se han hecho, se van a iniciar a partir de este 2025, empezando por una reforma tributaria que haga sentido, no como la que se introdujo en el Congreso en meses pasados. Entonces, es la \u00fanica manera de t\u00fa lograrlo sanamente\u201d, insisti\u00f3.<\/strong><\/p>\n\n\n\n<p><strong>El director ejecutivo del CREES aclar\u00f3 que, aunque el gobierno ha dicho que no tiene otra propuesta de reforma tributaria, eso no quiere decir que no la tenga en el futuro, y todav\u00eda falta mucho para el 2028.<\/strong><\/p>\n\n\n\n<p><strong>Defini\u00f3 como un caso de estudio para tratar de entender qu\u00e9 fue lo que sucedi\u00f3 con la fracasada reforma tributaria, porque dur\u00f3 cuatro a\u00f1os en su elaboraci\u00f3n, seg\u00fan lo expres\u00f3 el ministro de Hacienda Jochi Vicente; sin embargo, en menos de dos semanas se sac\u00f3 del Congreso Nacional.<\/strong><\/p>\n\n\n\n<p><strong>\u201cPara hacer una buena reforma se necesitan varios elementos: primero, las competencias para hacerla bien; segundo, una comunicaci\u00f3n efectiva para convencer a la gente, es decir, para venderla bien; y la tercera es el coraje y la determinaci\u00f3n de que, si t\u00fa est\u00e1s convencido de que esto es bueno y va a beneficiar a la econom\u00eda, hay que seguir la ruta para implementarla\u201d, explic\u00f3 el reconocido economista. &nbsp;<\/strong><\/p>\n\n\n\n<p><strong>Miguel Collado indic\u00f3 que esos elementos se necesitan en el futuro cuando se vayan a hacer nuevas reformas, \u201cy yo quiero pensar que para lograr esas metas de hambre cero en 2028 y duplicar el PIB en el 2036, conforme lo han establecido las autoridades, se deben comenzar a hacer esas reformas que se necesitan en Rep\u00fablica Dominicana, las cuales no se pueden postergar m\u00e1s\u201d.<\/strong><\/p>\n\n\n\n<p><strong>\u201cSi esas reformas no se llegan a esas metas, \u00bfc\u00f3mo vamos a llegar, aumentando el gasto p\u00fablico? Entonces yo veo que en el debate hay colegas en que lo que se enfocan es que el gobierno est\u00e1 haciendo poca inversi\u00f3n de capital en obras de infraestructuras, pero lo que est\u00e1n haciendo las autoridades es que no dejan de incrementar el gasto corriente, entonces el ajuste lo hacen por el lado de la inversi\u00f3n de capital\u201d, detall\u00f3.<\/strong><\/p>\n\n\n\n<p><em><strong>Miguel Collado afirma pobreza se reduce con creaci\u00f3n de riqueza y empleos de calidad y no con asistencialismo<\/strong><\/em><\/p>\n\n\n\n<p><strong>El economista Miguel Collado di Franco critic\u00f3 que se recurra al incremento del gasto p\u00fablico para aumentar el asistencialismo y el clientelismo con los programas de transferencias monetarias por parte del gobierno como forma de reducir los niveles de pobreza.<\/strong><\/p>\n\n\n\n<p><strong>El vicepresidente ejecutivo del CREES sostiene que la mejor manera de enfrentar la pobreza y la marginalidad es creando las condiciones para que haya m\u00e1s inversi\u00f3n privada, la cual genera empleos de calidad, y se crea un c\u00edrculo virtuoso de la econom\u00eda.<\/strong><\/p>\n\n\n\n<p><strong>\u201cEs que el mismo Ministerio de Econom\u00eda, Planificaci\u00f3n y Desarrollo, que ya va a desaparecer como tal por la fusi\u00f3n, cuando hace los an\u00e1lisis de la tasa de pobreza, te pone qu\u00e9 porcentaje provino de las transferencias, y es considerable\u201d, record\u00f3 Collado di Franco.<\/strong><\/p>\n\n\n\n<p><strong>Dijo que eso implica que \u201cel prop\u00f3sito es seguir gastando m\u00e1s y cubrir la deficiencia que tenemos de no poder generar bienestar con el crecimiento econ\u00f3mico, porque es un crecimiento basado en poco valor agregado, con un componente importante del mismo gasto del gobierno\u201d.<\/strong><\/p>\n\n\n\n<p><strong>\u201cTambi\u00e9n tenemos una econom\u00eda informal no estudiada, muy bien de todo tipo de cosas que pueden estar sucediendo ah\u00ed, que te ayudan a incidir en las cifras del Producto Interno Bruto, entonces lo que necesitamos es lo que pas\u00f3 en la d\u00e9cada de los 90, y no podemos cansarnos de decir que la Rep\u00fablica Dominicana necesita una serie de reformas estructurales para poder competir\u201d, se\u00f1al\u00f3.<\/strong><\/p>\n\n\n\n<p><strong>Lament\u00f3 que, existiendo todas las condiciones ideales para hacer una serie de reformas, entre ellas la tributaria, no se den los pasos necesarios a su concretizaci\u00f3n por no querer asumir el costo pol\u00edtico, o en el peor de los casos, esperar a que el pa\u00eds se encuentre en una crisis para tener que implementarlas por causas de fuerza mayor.<\/strong><\/p>\n\n\n\n<p><strong>Miguel Collado tambi\u00e9n critic\u00f3 que desde septiembre del 2023 hasta el mismo mes del presente a\u00f1o el gobierno haya agregado 27,000 empleados p\u00fablicos, lo que implica 100 empleados diarios, en promedio, conforme a los datos de la Superintendencia de Salud y Riesgos Laborales.<\/strong><\/p>\n\n\n\n<p><strong>Dijo que el clientelismo se empeora con la decisi\u00f3n de las autoridades de disponer cerca de cinco mil millones de pesos para entregar tres millones de bonos navide\u00f1os de RD$1,500 a igual n\u00famero de beneficiarios.<\/strong><\/p>\n\n\n\n<p><strong><em>Dice la poblaci\u00f3n siente alimentos est\u00e1n caros porque despu\u00e9s de la pandemia el costo de la vida se ha disparado en un 25%<\/em><\/strong><strong><\/strong><\/p>\n\n\n\n<p><strong>Pese a que el Banco Central sostiene que el \u00edndice de precios al Consumidor est\u00e1 en el l\u00edmite inferior del rango meta de 4\u00b11%, comerciantes y amas de casa viven manifestando quejas por las alzas de los productos de la canasta alimenticia. Frente a esa contradicci\u00f3n, el economista Miguel Collado di Franco tiene una explicaci\u00f3n.<\/strong><\/p>\n\n\n\n<p><strong>\u00abLa inflaci\u00f3n\u00bb, la firma encuestadora Ipsos public\u00f3 recientemente los resultados de una encuesta sobre la percepci\u00f3n de los dominicanos de la econom\u00eda en Navidad, y casi dos tercios de la poblaci\u00f3n dijo que percibe que el costo de la vida es mayor que el del pasado a\u00f1o, y no nos debe sorprender porque, aunque el ritmo de crecimiento de los precios se haya desacelerado este a\u00f1o, eso no quiere decir que no siga creciendo el costo de la vida en el pa\u00eds\u201d, explic\u00f3 el vicepresidente del CREES.<\/strong><\/p>\n\n\n\n<p><strong>Agreg\u00f3 que cuando se mira la inflaci\u00f3n subyacente, que excluye alimentos y energ\u00eda porque son m\u00e1s vol\u00e1tiles, se puede ver que desde enero a noviembre se ha mantenido estable en 4%, aunque en el \u00faltimo mes se puede redondear a 3.9%. Eso implica que, aunque el IPC se ha mantenido en el rango meta, no quiere decir que es lo mejor para la poblaci\u00f3n, porque lo ideal ser\u00eda acercarse lo m\u00e1s posible a lo que se ten\u00eda antes de la pandemia.<\/strong><\/p>\n\n\n\n<p><strong>\u201cYa llevamos 54 meses con esa inflaci\u00f3n subyacente por encima de 3.5%, cuando los cinco a\u00f1os antes de la pandemia andaba en algo m\u00e1s del 2%, lo que implica que tenemos casi el doble, y eso ha llevado a tener un costo de la vida con un 25% m\u00e1s alto que el de la prepandemia\u201d, explic\u00f3 el profesional de la econom\u00eda.<\/strong><\/p>\n\n\n\n<p><strong>Insisti\u00f3 en que lo que ha sucedido en este a\u00f1o es que se ha reducido el ritmo de crecimiento de los precios, pero el valor del dinero, de la moneda, lo que se puede comprar con ella va disminuyendo cada a\u00f1o.<\/strong><\/p>\n\n\n\n<p><strong>Sobre el crecimiento de la econom\u00eda que ha reportado el Banco Central, que oscilar\u00e1 entre 5.0 y 5.1% en el presente a\u00f1o, lo que hay que ver es c\u00f3mo percibe la gente en su bienestar qu\u00e9 tipo de crecimiento es ese y qu\u00e9 tanta incidencia tiene.<\/strong><\/p>\n\n\n\n<p><strong>Miguel Collado defini\u00f3 el 2024 como un a\u00f1o perdido en lo que tiene que ver con la no implementaci\u00f3n de las reformas que requiere la econom\u00eda, espec\u00edficamente la reforma tributaria, y dijo esperar que en el a\u00f1o que se avecina las mismas puedan ser discutidas, consensuadas y aprobadas, para beneficios del presente y futuro de la Rep\u00fablica Dominicana.<\/strong><\/p>\n","protected":false},"excerpt":{"rendered":"<p>CREES: \u201cSin reformas econ\u00f3micas estructurales no se lograr\u00e1 meta de hambre cero en 2028 ni se duplicar\u00e1 el PIB en 2036 Dice poblaci\u00f3n siente alimentos est\u00e1n caros porque desde el 2020 el costo de la vida se ha disparado 25% Santo Domingo, RD.- El vicepresidente ejecutivo del Centro Regional de Estrategias Econ\u00f3micas Sostenibles (CREES) advirti\u00f3 [&hellip;]<\/p>\n","protected":false},"author":28,"featured_media":0,"comment_status":"closed","ping_status":"closed","sticky":true,"template":"","format":"standard","meta":{"footnotes":""},"categories":[20,18,27],"tags":[],"class_list":["post-583104","post","type-post","status-publish","format-standard","hentry","category-dominicana-hoy","category-economia","category-portada"],"_links":{"self":[{"href":"https:\/\/diariodominicano.com\/index.php?rest_route=\/wp\/v2\/posts\/583104","targetHints":{"allow":["GET"]}}],"collection":[{"href":"https:\/\/diariodominicano.com\/index.php?rest_route=\/wp\/v2\/posts"}],"about":[{"href":"https:\/\/diariodominicano.com\/index.php?rest_route=\/wp\/v2\/types\/post"}],"author":[{"embeddable":true,"href":"https:\/\/diariodominicano.com\/index.php?rest_route=\/wp\/v2\/users\/28"}],"replies":[{"embeddable":true,"href":"https:\/\/diariodominicano.com\/index.php?rest_route=%2Fwp%2Fv2%2Fcomments&post=583104"}],"version-history":[{"count":1,"href":"https:\/\/diariodominicano.com\/index.php?rest_route=\/wp\/v2\/posts\/583104\/revisions"}],"predecessor-version":[{"id":583107,"href":"https:\/\/diariodominicano.com\/index.php?rest_route=\/wp\/v2\/posts\/583104\/revisions\/583107"}],"wp:attachment":[{"href":"https:\/\/diariodominicano.com\/index.php?rest_route=%2Fwp%2Fv2%2Fmedia&parent=583104"}],"wp:term":[{"taxonomy":"category","embeddable":true,"href":"https:\/\/diariodominicano.com\/index.php?rest_route=%2Fwp%2Fv2%2Fcategories&post=583104"},{"taxonomy":"post_tag","embeddable":true,"href":"https:\/\/diariodominicano.com\/index.php?rest_route=%2Fwp%2Fv2%2Ftags&post=583104"}],"curies":[{"name":"wp","href":"https:\/\/api.w.org\/{rel}","templated":true}]}}