{"id":583095,"date":"2024-12-16T01:04:26","date_gmt":"2024-12-16T05:04:26","guid":{"rendered":"https:\/\/diariodominicano.com\/?p=583095"},"modified":"2024-12-16T01:08:38","modified_gmt":"2024-12-16T05:08:38","slug":"presidente-de-la-une-dice-que-la-cesantia-es-el-punto-neuralgico-en-la-reforma-del-codigo-de-trabajo","status":"publish","type":"post","link":"https:\/\/diariodominicano.com\/?p=583095","title":{"rendered":"Presidente de la UNE dice  que la cesant\u00eda es el punto neur\u00e1lgico en la reforma del C\u00f3digo de Trabajo"},"content":{"rendered":"\n<p>Afirma <strong>\u201cLa cesant\u00eda es una espada de Damocles que tienen las micros, peque\u00f1as y medianas empresas\u201d<\/strong><\/p>\n\n\n\n<p><strong>Leonel Castellanos Duarte afirma que los planes para una reforma fiscal deben ser retomados en el 2025<\/strong><\/p>\n\n\n\n<p>El presidente de la Uni\u00f3n Nacional de Empresarios (UNE), ingeniero Leonel Castellanos Duarte, dijo  que el punto neur\u00e1lgico de la discusi\u00f3n sobre la reforma del C\u00f3digo de Trabajo de la Rep\u00fablica Dominicana que cursa en el Congreso Nacional es la cesant\u00eda.<\/p>\n\n\n\n<figure class=\"wp-block-image size-full\"><img loading=\"lazy\" decoding=\"async\" width=\"802\" height=\"450\" src=\"https:\/\/diariodominicano.com\/wp-content\/uploads\/2024\/12\/PHOTO-2024-12-14-07-54-47-2.jpg\" alt=\"\" class=\"wp-image-583097\" srcset=\"https:\/\/diariodominicano.com\/wp-content\/uploads\/2024\/12\/PHOTO-2024-12-14-07-54-47-2.jpg 802w, https:\/\/diariodominicano.com\/wp-content\/uploads\/2024\/12\/PHOTO-2024-12-14-07-54-47-2-300x168.jpg 300w, https:\/\/diariodominicano.com\/wp-content\/uploads\/2024\/12\/PHOTO-2024-12-14-07-54-47-2-768x431.jpg 768w\" sizes=\"auto, (max-width: 802px) 100vw, 802px\" \/><\/figure>\n\n\n\n<p>Entrevistado por el periodista Federico M\u00e9ndez, en el programa Esferas de Poder, que se transmite los domingos de 8:00 a 9:00 de la ma\u00f1ana, por RNN Canal 27, asegur\u00f3 que hay que ponerle un tope a la cesant\u00eda laboral.<\/p>\n\n\n\n<p>Plante\u00f3 que la cesant\u00eda es una espada de Damocles que tienen las micros, peque\u00f1as y medianas empresas, las cuales representan m\u00e1s del 90% de la econom\u00eda nacional.<\/p>\n\n\n\n<p>El dirigente empresarial alert\u00f3 que una de las trabas que hace que no camine la reforma laboral es el tema, porque tiene trancada la discusi\u00f3n, por lo que pide a los sindicalistas flexibilidad con la situaci\u00f3n.<\/p>\n\n\n\n<p>Castellanos Duarte sostuvo que la carga del pasivo laboral resulta muy insostenible para la peque\u00f1a y mediana empresa.<\/p>\n\n\n\n<p>Especific\u00f3 que el sector empresarial no ha propuesto eliminar la cesant\u00eda, sino la modificaci\u00f3n sobre la base de los nuevos empleos que se generen y que tenga un tope.<\/p>\n\n\n\n<p>\u201cHemos propuesto hasta diez a\u00f1os sobre la base del salario m\u00ednimo del sector que corresponda\u201d, puntualiz\u00f3.<\/p>\n\n\n\n<p>En ese sentido, observ\u00f3 que si pertenece a una peque\u00f1a y mediana empresa, la cesant\u00eda se escoger\u00eda del salario m\u00ednimo de ese segmento de la econom\u00eda, lo mismo que si corresponde a una gran empresa, se elegir\u00eda el sueldo m\u00ednimo devengado.<\/p>\n\n\n\n<p>Sugiere que el c\u00e1lculo se haga sobre un promedio de salario que haya devengado la persona durante el per\u00edodo de trabajo, porque actualmente la ley contempla que es sobre la base del \u00faltimo salario.&nbsp;<\/p>\n\n\n\n<p>Apela al di\u00e1logo sincero, transparente, de respeto mutuo y que haya consenso entre las partes para que nadie se perjudique con la reforma laboral, en un debate donde todos sean favorecidos.<\/p>\n\n\n\n<p>Pide sensatez a la clase sindical durante las discusiones sobre el tema y que se busque un acuerdo, respetando los derechos adquiridos de los trabajadores, los cuales no ser\u00e1n violentados.<\/p>\n\n\n\n<p>Declar\u00f3 que cuando se cre\u00f3 la cesant\u00eda, en la reforma del C\u00f3digo de Trabajo de 1992, no exist\u00eda la Ley 87-01 sobre Seguridad Social, a partir de la cual tambi\u00e9n tienen un aporte adicional que los empresarios realizan para su pensi\u00f3n y la cobertura de salud.<\/p>\n\n\n\n<figure class=\"wp-block-image size-full\"><img loading=\"lazy\" decoding=\"async\" width=\"798\" height=\"446\" src=\"https:\/\/diariodominicano.com\/wp-content\/uploads\/2024\/12\/Leonel-Castellanos-2.jpg\" alt=\"\" class=\"wp-image-583100\" srcset=\"https:\/\/diariodominicano.com\/wp-content\/uploads\/2024\/12\/Leonel-Castellanos-2.jpg 798w, https:\/\/diariodominicano.com\/wp-content\/uploads\/2024\/12\/Leonel-Castellanos-2-300x168.jpg 300w, https:\/\/diariodominicano.com\/wp-content\/uploads\/2024\/12\/Leonel-Castellanos-2-768x429.jpg 768w\" sizes=\"auto, (max-width: 798px) 100vw, 798px\" \/><\/figure>\n\n\n\n<p>\u201cPienso que no se ha entendido bien cu\u00e1l es el alcance de esta reforma al sector laboral porque el sector empresarial lo que persigue, primero, es c\u00f3mo estimular la iniciativa privada para generar m\u00e1s empleos y con mayor productividad\u201d, signific\u00f3.<\/p>\n\n\n\n<p>En segundo lugar, dijo que el sector laboral busca una propuesta de la inclusi\u00f3n del seguro de desempleo.<\/p>\n\n\n\n<p>\u201cDesde el a\u00f1o 2008, el sector empresarial ha venido de manera contin\u00faa haciendo propuestas al sector sindical en distintos escenarios, sobre el tema del C\u00f3digo Laboral y c\u00f3mo nosotros adecuamos a los nuevos tiempos un sistema laboral que favorezca tanto a los trabajadores como al empresariado y a la iniciativa privada\u201d, subray\u00f3.<\/p>\n\n\n\n<p>El dirigente empresarial considera que la reforma debe estimular la iniciativa privada y el trabajo de calidad.<\/p>\n\n\n\n<p>\u201cEso tiene que estar combinado, como hemos dicho, con una pol\u00edtica de Estado en el tema de la educaci\u00f3n, para formar j\u00f3venes de futuro que respondan a los nuevos tiempos\u201d, agreg\u00f3.<\/p>\n\n\n\n<p>Manifest\u00f3 que la reforma laboral debe impulsar la formalidad porque el esquema de la cesant\u00eda penaliza a la formalidad.<\/p>\n\n\n\n<p>Castellanos Duarte precis\u00f3 que m\u00e1s del 57% del sector productivo que est\u00e1 en la informalidad debe entrar a la regularidad y tener los beneficios de la seguridad social.<\/p>\n\n\n\n<p><strong>Afirma que los planes para una reforma fiscal deben ser retomados en el 2025<\/strong><\/p>\n\n\n\n<p>El presidente de la Uni\u00f3n Nacional de Empresarios (UNE), ingeniero Leonel Castellanos Duarte, afirm\u00f3 que la reforma fiscal debe ser retomada de nuevo en el a\u00f1o 2025 porque el pa\u00eds necesita adecuarse a los nuevos esquemas y aumentar sus ingresos.<\/p>\n\n\n\n<p>\u201cDesde la Uni\u00f3n Nacional de Empresarios hemos dicho que fue un error no continuar con el proceso de reforma, es una necesidad para el pa\u00eds, el pa\u00eds tiene que reestructurar sus niveles de ingresos y gastos\u201d, adujo.<\/p>\n\n\n\n<p>Dijo que se debe definir el tama\u00f1o del Estado que se requiere y hacia d\u00f3nde el pa\u00eds quiere crecer.<\/p>\n\n\n\n<p>Record\u00f3 que el presidente Luis Abinader plante\u00f3 recientemente que quiere una econom\u00eda que tenga un dinamismo duplicado, con respecto al panorama que se presenta actualmente.<\/p>\n\n\n\n<p>\u201cCreo que tenemos que ser m\u00e1s moderados con el tema del gasto, no de la inversi\u00f3n, porque el pa\u00eds s\u00ed necesita de mucha inversi\u00f3n en infraestructura y para eso se necesita de ingresos\u201d, agreg\u00f3.<\/p>\n\n\n\n<p>En este punto, declar\u00f3 que para eso se requiere de una reforma fiscal, la cual debe tocar tambi\u00e9n a los sectores que han sido muy privilegiados tradicionalmente y que actualmente han cumplido su raz\u00f3n de ser.<\/p>\n\n\n\n<p>No obstante, expres\u00f3 creer en los est\u00edmulos para la econom\u00eda, pero todo debe tener un l\u00edmite, por lo que se debe dar la oportunidad a cualquier empresa por un per\u00edodo donde se cumpla con esa meta.<\/p>\n\n\n\n<p>\u201cDefinitivamente la reforma fiscal es un tema que no puede dejar de introducirse nuevamente este a\u00f1o que viene, porque ya en el 2025 se va a trabajar con el presupuesto y los ingresos presupuestados en el 2024, lo que se elabor\u00f3, no hay otros ingresos\u201d, argument\u00f3.<\/p>\n\n\n\n<p>Dijo que para cubrir los d\u00e9ficits ahora se deber\u00e1 continuar con los pr\u00e9stamos que se deben aprobar en el Congreso Nacional.<\/p>\n\n\n\n<p>federico mendez nova<\/p>\n\n\n\n<p>federico mendez nova (De tus contactos de Google)<\/p>\n\n\n\n<p><a target=\"_blank\" href=\"mailto:federico.mendeznova@gmail.com\" rel=\"noreferrer noopener\">federico.mendeznova@gmail.<\/a><\/p>\n","protected":false},"excerpt":{"rendered":"<p>Afirma \u201cLa cesant\u00eda es una espada de Damocles que tienen las micros, peque\u00f1as y medianas empresas\u201d Leonel Castellanos Duarte afirma que los planes para una reforma fiscal deben ser retomados en el 2025 El presidente de la Uni\u00f3n Nacional de Empresarios (UNE), ingeniero Leonel Castellanos Duarte, dijo que el punto neur\u00e1lgico de la discusi\u00f3n sobre [&hellip;]<\/p>\n","protected":false},"author":28,"featured_media":583096,"comment_status":"closed","ping_status":"closed","sticky":true,"template":"","format":"standard","meta":{"footnotes":""},"categories":[36,18],"tags":[],"class_list":["post-583095","post","type-post","status-publish","format-standard","has-post-thumbnail","hentry","category-hombresmujeresycosas","category-economia"],"_links":{"self":[{"href":"https:\/\/diariodominicano.com\/index.php?rest_route=\/wp\/v2\/posts\/583095","targetHints":{"allow":["GET"]}}],"collection":[{"href":"https:\/\/diariodominicano.com\/index.php?rest_route=\/wp\/v2\/posts"}],"about":[{"href":"https:\/\/diariodominicano.com\/index.php?rest_route=\/wp\/v2\/types\/post"}],"author":[{"embeddable":true,"href":"https:\/\/diariodominicano.com\/index.php?rest_route=\/wp\/v2\/users\/28"}],"replies":[{"embeddable":true,"href":"https:\/\/diariodominicano.com\/index.php?rest_route=%2Fwp%2Fv2%2Fcomments&post=583095"}],"version-history":[{"count":2,"href":"https:\/\/diariodominicano.com\/index.php?rest_route=\/wp\/v2\/posts\/583095\/revisions"}],"predecessor-version":[{"id":583102,"href":"https:\/\/diariodominicano.com\/index.php?rest_route=\/wp\/v2\/posts\/583095\/revisions\/583102"}],"wp:featuredmedia":[{"embeddable":true,"href":"https:\/\/diariodominicano.com\/index.php?rest_route=\/wp\/v2\/media\/583096"}],"wp:attachment":[{"href":"https:\/\/diariodominicano.com\/index.php?rest_route=%2Fwp%2Fv2%2Fmedia&parent=583095"}],"wp:term":[{"taxonomy":"category","embeddable":true,"href":"https:\/\/diariodominicano.com\/index.php?rest_route=%2Fwp%2Fv2%2Fcategories&post=583095"},{"taxonomy":"post_tag","embeddable":true,"href":"https:\/\/diariodominicano.com\/index.php?rest_route=%2Fwp%2Fv2%2Ftags&post=583095"}],"curies":[{"name":"wp","href":"https:\/\/api.w.org\/{rel}","templated":true}]}}