{"id":583086,"date":"2024-12-16T00:53:36","date_gmt":"2024-12-16T04:53:36","guid":{"rendered":"https:\/\/diariodominicano.com\/?p=583086"},"modified":"2024-12-16T00:54:49","modified_gmt":"2024-12-16T04:54:49","slug":"pld-celebra-51-aniversario","status":"publish","type":"post","link":"https:\/\/diariodominicano.com\/?p=583086","title":{"rendered":"PLD celebra 51 aniversario"},"content":{"rendered":"\n<p><em>El compromiso del&nbsp;<strong>PLD<\/strong>&nbsp;es con la calidad y el progreso del pa\u00eds, siguiendo el ejemplo de su fundador para continuar con la labor de transformaci\u00f3n social que le caracteriza desde su fundaci\u00f3n.<\/em><\/p>\n\n\n\n<figure class=\"wp-block-image size-large\"><img loading=\"lazy\" decoding=\"async\" width=\"1024\" height=\"683\" src=\"https:\/\/diariodominicano.com\/wp-content\/uploads\/2024\/12\/IzamientoCN-12-1024x683.jpeg\" alt=\"\" class=\"wp-image-583088\" srcset=\"https:\/\/diariodominicano.com\/wp-content\/uploads\/2024\/12\/IzamientoCN-12-1024x683.jpeg 1024w, https:\/\/diariodominicano.com\/wp-content\/uploads\/2024\/12\/IzamientoCN-12-300x200.jpeg 300w, https:\/\/diariodominicano.com\/wp-content\/uploads\/2024\/12\/IzamientoCN-12-768x512.jpeg 768w, https:\/\/diariodominicano.com\/wp-content\/uploads\/2024\/12\/IzamientoCN-12-1536x1024.jpeg 1536w, https:\/\/diariodominicano.com\/wp-content\/uploads\/2024\/12\/IzamientoCN-12-2048x1365.jpeg 2048w, https:\/\/diariodominicano.com\/wp-content\/uploads\/2024\/12\/IzamientoCN-12-816x544.jpeg 816w\" sizes=\"auto, (max-width: 1024px) 100vw, 1024px\" \/><\/figure>\n\n\n\n<p><strong>El Partido de la Liberaci\u00f3n Dominicana (PLD)<\/strong>&nbsp;celebr\u00f3 este domingo el 51 aniversario de su fundaci\u00f3n con un tradicional acto de izamiento de banderas, realizado en la escalinata de la Casa Nacional Reinaldo Pared P\u00e9rez.<\/p>\n\n\n\n<p>Esta actividad, que rememora el Congreso Constitutivo Juan Pablo Duarte celebrado el 15 de diciembre de 1973, cont\u00f3 con la participaci\u00f3n de destacados dirigentes del PLD.<\/p>\n\n\n\n<p>Al hablar en representaci\u00f3n de la dirigencia del PLD,&nbsp;<strong>Andr\u00e9s de las Mercedes, Secretario de Educaci\u00f3n,<\/strong>&nbsp;afirm\u00f3 que hoy el PLD est\u00e1 viviendo un \u201cnuevo comienzo\u201d y que, tal como en sus or\u00edgenes, es necesario trabajar con ah\u00ednco, dedicaci\u00f3n y devoci\u00f3n para que el partido regrese al poder en el 2028.<\/p>\n\n\n\n<figure class=\"wp-block-image size-large\"><img loading=\"lazy\" decoding=\"async\" width=\"1024\" height=\"683\" src=\"https:\/\/diariodominicano.com\/wp-content\/uploads\/2024\/12\/IzamientoCN-13-1024x683.jpeg\" alt=\"\" class=\"wp-image-583091\" srcset=\"https:\/\/diariodominicano.com\/wp-content\/uploads\/2024\/12\/IzamientoCN-13-1024x683.jpeg 1024w, https:\/\/diariodominicano.com\/wp-content\/uploads\/2024\/12\/IzamientoCN-13-300x200.jpeg 300w, https:\/\/diariodominicano.com\/wp-content\/uploads\/2024\/12\/IzamientoCN-13-768x512.jpeg 768w, https:\/\/diariodominicano.com\/wp-content\/uploads\/2024\/12\/IzamientoCN-13-1536x1024.jpeg 1536w, https:\/\/diariodominicano.com\/wp-content\/uploads\/2024\/12\/IzamientoCN-13-2048x1365.jpeg 2048w, https:\/\/diariodominicano.com\/wp-content\/uploads\/2024\/12\/IzamientoCN-13-816x544.jpeg 816w\" sizes=\"auto, (max-width: 1024px) 100vw, 1024px\" \/><\/figure>\n\n\n\n<p>En su discurso, el dirigente pelede\u00edsta destac\u00f3 que, al pensar en la trayectoria del PLD, se recuerda su lucha constante durante m\u00e1s de cinco d\u00e9cadas, siempre guiados por la visi\u00f3n de su fundador, el Profesor Juan Bosch, quien ense\u00f1\u00f3 que el trabajo por la calidad es el camino hacia la cantidad.<\/p>\n\n\n\n<p>\u201cJuan Bosch siempre dec\u00eda que debemos trabajar por la calidad, porque ella traer\u00e1 la cantidad. La calidad ha tra\u00eddo muchas cosas al pa\u00eds, como los 20 a\u00f1os de gobierno del PLD, que fueron muy fruct\u00edferos para la Rep\u00fablica Dominicana\u201d, expres\u00f3 De las Mercedes.<\/p>\n\n\n\n<p>En este sentido, subray\u00f3 que el progreso que experiment\u00f3 el pa\u00eds se debe a la obra del PLD, \u201cuna obra de gran magnitud de la que todos los pelede\u00edstas y los dominicanos deben sentirse orgullosos\u201d.<\/p>\n\n\n\n<p>Al conmemorar los 51 a\u00f1os de existencia del PLD, el Secretario de Educaci\u00f3n del partido record\u00f3 con gratitud al Profesor Juan Bosch, a quien calific\u00f3 como \u201cun pr\u00f3cer del siglo XX\u201d.<\/p>\n\n\n\n<p>\u201cBosch fue un hombre que no solo brill\u00f3 en la literatura, sino que dej\u00f3 un legado pol\u00edtico invaluable para la Rep\u00fablica Dominicana, siendo el Partido de la Liberaci\u00f3n Dominicana su obra m\u00e1s fecunda\u201d, se\u00f1al\u00f3.<\/p>\n\n\n\n<p>Con esta reflexi\u00f3n, Andr\u00e9s de las Mercedes reafirm\u00f3 el compromiso del PLD con la calidad y el progreso del pa\u00eds, destacando la importancia de seguir el ejemplo de su fundador para continuar con la labor de transformaci\u00f3n social que caracteriza al partido.<\/p>\n\n\n\n<p>El izamiento de banderas es un tradicional acto que realiza el Partido de la Liberaci\u00f3n Dominicana en su fecha de aniversario, recordando el Congreso Constitutivo Juan Pablo Duarte realizado el 15 de diciembre de 1973.<\/p>\n\n\n\n<p>La actividad desarrollada en la escalinata de la Casa Nacional del PLD consisti\u00f3 en el momento de izar sendas banderas, la Nacional y la del PLD con los acordes del Himno Nacional y del PLD.<\/p>\n\n\n\n<p>A seguidas, Margarita Pimentel, integrante del Comit\u00e9 Pol\u00edtico y Marius de Le\u00f3n, del Comit\u00e9 Central, izaron ambos lienzos en las actas colocadas en los jardines de la Casa Nacional Reinaldo Pared P\u00e9rez.<\/p>\n\n\n\n<p>Posteriormente, Aura Toribio, del Comit\u00e9 Pol\u00edtico y William Espinosa, presidente de la Circunscripci\u00f3n Electoral 3 del Distrito Nacional, depositaron el arreglo de flores amarillas con el n\u00famero 51 en flores moradas al centro al pie del busto del Profesor Juan Bosch.<\/p>\n\n\n\n<p>Terminada la actividad, conducida por H\u00e9ctor Olivo, miembro del Comit\u00e9 Pol\u00edtico, la sede pelede\u00edsta se anim\u00f3 con villancicos y merengues navide\u00f1os, al tiempo que exhib\u00edan los arreglos en globos con los colores del PLD.&nbsp;<\/p>\n\n\n\n<p><strong>SECRETAR\u00cdA DE COMUNICACIONES<\/strong><\/p>\n\n\n\n<p><strong>15 DE DICIEMBRE, 2024.-<\/strong><\/p>\n","protected":false},"excerpt":{"rendered":"<p>El compromiso del&nbsp;PLD&nbsp;es con la calidad y el progreso del pa\u00eds, siguiendo el ejemplo de su fundador para continuar con la labor de transformaci\u00f3n social que le caracteriza desde su fundaci\u00f3n. El Partido de la Liberaci\u00f3n Dominicana (PLD)&nbsp;celebr\u00f3 este domingo el 51 aniversario de su fundaci\u00f3n con un tradicional acto de izamiento de banderas, realizado [&hellip;]<\/p>\n","protected":false},"author":28,"featured_media":583087,"comment_status":"closed","ping_status":"closed","sticky":true,"template":"","format":"standard","meta":{"footnotes":""},"categories":[26,22],"tags":[],"class_list":["post-583086","post","type-post","status-publish","format-standard","has-post-thumbnail","hentry","category-efemerides","category-politica"],"_links":{"self":[{"href":"https:\/\/diariodominicano.com\/index.php?rest_route=\/wp\/v2\/posts\/583086","targetHints":{"allow":["GET"]}}],"collection":[{"href":"https:\/\/diariodominicano.com\/index.php?rest_route=\/wp\/v2\/posts"}],"about":[{"href":"https:\/\/diariodominicano.com\/index.php?rest_route=\/wp\/v2\/types\/post"}],"author":[{"embeddable":true,"href":"https:\/\/diariodominicano.com\/index.php?rest_route=\/wp\/v2\/users\/28"}],"replies":[{"embeddable":true,"href":"https:\/\/diariodominicano.com\/index.php?rest_route=%2Fwp%2Fv2%2Fcomments&post=583086"}],"version-history":[{"count":2,"href":"https:\/\/diariodominicano.com\/index.php?rest_route=\/wp\/v2\/posts\/583086\/revisions"}],"predecessor-version":[{"id":583092,"href":"https:\/\/diariodominicano.com\/index.php?rest_route=\/wp\/v2\/posts\/583086\/revisions\/583092"}],"wp:featuredmedia":[{"embeddable":true,"href":"https:\/\/diariodominicano.com\/index.php?rest_route=\/wp\/v2\/media\/583087"}],"wp:attachment":[{"href":"https:\/\/diariodominicano.com\/index.php?rest_route=%2Fwp%2Fv2%2Fmedia&parent=583086"}],"wp:term":[{"taxonomy":"category","embeddable":true,"href":"https:\/\/diariodominicano.com\/index.php?rest_route=%2Fwp%2Fv2%2Fcategories&post=583086"},{"taxonomy":"post_tag","embeddable":true,"href":"https:\/\/diariodominicano.com\/index.php?rest_route=%2Fwp%2Fv2%2Ftags&post=583086"}],"curies":[{"name":"wp","href":"https:\/\/api.w.org\/{rel}","templated":true}]}}