{"id":583064,"date":"2024-12-15T21:24:29","date_gmt":"2024-12-16T01:24:29","guid":{"rendered":"https:\/\/diariodominicano.com\/?p=583064"},"modified":"2024-12-16T00:23:59","modified_gmt":"2024-12-16T04:23:59","slug":"presidente-abinader-almuerza-con-miembros-del-ejercito-y-la-policia-nacional","status":"publish","type":"post","link":"https:\/\/diariodominicano.com\/?p=583064","title":{"rendered":"Presidente Abinader almuerza con miembros del Ej\u00e9rcito y la Polic\u00eda Nacional"},"content":{"rendered":"\n<p>diariodominicano.com<\/p>\n\n\n\n<p>Santo Domingo, R. D.,\u200215 de diciembre, 2024.-\u00a0 <strong>El presidente Luis Abinader<\/strong>\u00a0encabez\u00f3 el domingo\u00a0<strong>dos almuerzos navide\u00f1os<\/strong>, \u00a0uno con miembros del\u00a0<strong>Ej\u00e9rcito<\/strong>\u00a0de Rep\u00fablica Dominicana y otro con miembros de la\u00a0<strong>Polic\u00eda Nacional<\/strong>, a quienes\u00a0<strong>agradeci\u00f3<\/strong>\u00a0sus servicios en favor de\u00a0<strong>la paz y soberan\u00eda nacional<\/strong>. Los exhort\u00f3 a continuar trabajando arduamente.<\/p>\n\n\n\n<p>Durante el&nbsp;<strong>primer almuerzo<\/strong>, realizado en el&nbsp;<strong>Campamento Militar 16 de Agosto<\/strong>, el mandatario manifest\u00f3 que, como ha sido una costumbre durante su gobierno,&nbsp;<strong>comparte las fiestas navide\u00f1as con los miembros del Ej\u00e9rcito<\/strong>&nbsp;y que as\u00ed lo seguir\u00e1 haciendo mientras sea presidente.&nbsp;<em>\u00abY vengo aqu\u00ed cada a\u00f1o a agradecerles por su servicio a la patria, por poner sus vidas para defender nuestra naci\u00f3n desde la frontera hasta todo el territorio nacional\u00bb.&nbsp;<\/em><\/p>\n\n\n\n<p>Dijo que el Ej\u00e9rcito y sus Fuerzas Armadas han avanzado en su gesti\u00f3n de gobierno y asegur\u00f3 que, en la medida de sus posibilidades\u00a0<strong>seguir\u00e1n mejorando en los pr\u00f3ximos a\u00f1os<\/strong>, en cuanto a la\u00a0<strong>dignidad<\/strong>\u00a0y la forma en que deben ser atendidos los hombres y mujeres de la instituci\u00f3n, as\u00ed como los equipos necesarios para realizar sus labores.\u00a0<\/p>\n\n\n\n<p><em>\u00abYo les puedo decir que cada d\u00eda que he estado en el Gobierno, que cada a\u00f1o que ha pasado yo me siento m\u00e1s orgulloso del Ej\u00e9rcito, m\u00e1s orgulloso de las Fuerzas Armadas, m\u00e1s orgulloso de los hombres y mujeres de uniforme. El pr\u00f3ximo a\u00f1o lo vamos a tomar con esperanza y optimistas de que vamos a ir cada d\u00eda mejorando, haciendo un Ej\u00e9rcito y una Rep\u00fablica Dominicana mucho m\u00e1s fuerte\u00bb,<\/em>&nbsp;expres\u00f3 el presidente Abinader.&nbsp;<\/p>\n\n\n\n<p><strong>Agradece contribuci\u00f3n de la Polic\u00eda Nacional al pa\u00eds<\/strong><\/p>\n\n\n\n<p><strong>En el almuerzo con miembros de la Polic\u00eda Nacional<\/strong>, el presidente Abinader dijo que el principal objetivo del encuentro es agradecer a los miembros de la instituci\u00f3n&nbsp;<strong>su contribuci\u00f3n a la paz del pa\u00eds<\/strong>, en muchas ocasiones arriesgando sus vidas y la tranquilidad de sus familias, lo que para \u00e9l y el pueblo dominicano es de gran valor.<\/p>\n\n\n\n<p>\u00ab<em>Y cada d\u00eda que yo he estado en esta posici\u00f3n de presidente de la Rep\u00fablica, cada d\u00eda admiro y agradezco m\u00e1s a los miembros de la Polic\u00eda Nacional por su trabajo, por su dedicaci\u00f3n y por el riesgo que toman cada d\u00eda para garantizar la paz y la tranquilidad como la han hecho estos a\u00f1os y como hoy celebramos que la han hecho durante este a\u00f1o 2024&#8243;<\/em>, expres\u00f3.<\/p>\n\n\n\n<p>En su mensaje, agradeci\u00f3 a Dios por los avances y lo logrado en este 2024 al igual que\u00a0<strong>record\u00f3 a los agentes ca\u00eddos<\/strong>\u00a0defendiendo la paz y cuidando la vida de los dominicanos.<\/p>\n\n\n\n<p><em>\u00abTambi\u00e9n lloramos a los que se han ido de la Polic\u00eda Nacional en defensa de la paz y salvando vidas y le pedimos a Dios por un a\u00f1o 2025 para seguir mejorando, para seguir avanzando con la esperanza de tener una Rep\u00fablica Dominicana con m\u00e1s paz y menos acciones violentas, en la cual se salvaguarde la vida de todos los ciudadano, especialmente de todos los miembros de Polic\u00eda Nacional\u00bb,<\/em>&nbsp;manifest\u00f3.<\/p>\n\n\n\n<p>Em los dos  almuerzos el presidente Abinader fue recibido con los\u00a0<strong>honores militares<\/strong>\u00a0de estilo.\u00a0<\/p>\n\n\n\n<p><strong>El presidente que mayor atenci\u00f3n ha prestado a FF. AA. en \u00faltimas d\u00e9cadas<\/strong><\/p>\n\n\n\n<p>El  comandante general del Ej\u00e9rcito, mayor general\u00a0<strong>Jorge Iv\u00e1n Camino P\u00e9rez<\/strong>, afirm\u00f3 que el presidente Abinader ha sido el presidente que\u00a0<strong>mayor atenci\u00f3n le ha prestado a las necesidades de las Fuerzas Armadas<\/strong>\u00a0en las \u00faltimas d\u00e9cadas.\u00a0<em>\u00abSi la sensatez se impone, prevalecer\u00e1 en el alma y memoria de nuestros soldados su incuestionable preocupaci\u00f3n de velar por el bienestar de nuestras Fuerzas Armadas y de garantizar la seguridad de nuestro pa\u00eds\u00bb.\u00a0<\/em><\/p>\n\n\n\n<p><strong>Comparte almuerzo navide\u00f1o con polic\u00edas<\/strong><\/p>\n\n\n\n<p>Ell jefe de Estado se traslad\u00f3 a la&nbsp;<strong>Academia 2 de Marzo de la Polic\u00eda Nacional,<\/strong>&nbsp;en Hatillo, San Crist\u00f3bal, para compartir un almuerzo navide\u00f1o con&nbsp;<strong>oficiales, subalternos y cadetes.<\/strong><\/p>\n\n\n\n<p>En el acto,  recibi\u00f3 una\u00a0<strong>placa de reconocimiento<\/strong><em>\u00a0\u00abpor su liderazgo y confianza en la transformaci\u00f3n de la Polic\u00eda Nacional\u00bb<\/em>, de manos del director general de la Polic\u00eda Nacional, mayor general\u00a0<strong>Ram\u00f3n Antonio Guzm\u00e1n Peralta.<\/strong><\/p>\n\n\n\n<p>En compa\u00f1\u00eda del mandatario estuvieron el ministro de Defensa, teniente general&nbsp;<strong>Carlos Antonio Fern\u00e1ndez Onofre<\/strong>; la ministra de Interior y Polic\u00eda,&nbsp;<strong>Faride Raful<\/strong>; el comisionado para la Reforma, Modernizaci\u00f3n y Transformaci\u00f3n Policial, general (R), PNC,&nbsp;<strong>Luis Ernesto Garc\u00eda Hern\u00e1ndez<\/strong>.<\/p>\n\n\n\n<p>Tambi\u00e9n, la presidenta de la Junta Directiva para la Reestructuraci\u00f3n del Sistema Educativo de la Polic\u00eda Nacional,&nbsp;<strong>Mu-Kien Adriana Sang Ben,<\/strong>&nbsp;y la miembro de la Comisi\u00f3n Ejecutiva,&nbsp;<strong>Elena Viyella de Paliza.<\/strong><\/p>\n\n\n\n<p>Fuente: Direcci\u00f3n de Estrategia y Comunicaci\u00f3n<\/p>\n\n\n\n<p>Ministerio Administrativo de la Presidencia de la Rep\u00fablica Dominicana<\/p>\n\n\n\n<p>#Abinader\u2003\u2003 <\/p>\n","protected":false},"excerpt":{"rendered":"<p>diariodominicano.com Santo Domingo, R. D.,\u200215 de diciembre, 2024.-\u00a0 El presidente Luis Abinader\u00a0encabez\u00f3 el domingo\u00a0dos almuerzos navide\u00f1os, \u00a0uno con miembros del\u00a0Ej\u00e9rcito\u00a0de Rep\u00fablica Dominicana y otro con miembros de la\u00a0Polic\u00eda Nacional, a quienes\u00a0agradeci\u00f3\u00a0sus servicios en favor de\u00a0la paz y soberan\u00eda nacional. Los exhort\u00f3 a continuar trabajando arduamente. Durante el&nbsp;primer almuerzo, realizado en el&nbsp;Campamento Militar 16 de Agosto, [&hellip;]<\/p>\n","protected":false},"author":5,"featured_media":583065,"comment_status":"closed","ping_status":"closed","sticky":true,"template":"","format":"standard","meta":{"footnotes":""},"categories":[20,27],"tags":[],"class_list":["post-583064","post","type-post","status-publish","format-standard","has-post-thumbnail","hentry","category-dominicana-hoy","category-portada"],"_links":{"self":[{"href":"https:\/\/diariodominicano.com\/index.php?rest_route=\/wp\/v2\/posts\/583064","targetHints":{"allow":["GET"]}}],"collection":[{"href":"https:\/\/diariodominicano.com\/index.php?rest_route=\/wp\/v2\/posts"}],"about":[{"href":"https:\/\/diariodominicano.com\/index.php?rest_route=\/wp\/v2\/types\/post"}],"author":[{"embeddable":true,"href":"https:\/\/diariodominicano.com\/index.php?rest_route=\/wp\/v2\/users\/5"}],"replies":[{"embeddable":true,"href":"https:\/\/diariodominicano.com\/index.php?rest_route=%2Fwp%2Fv2%2Fcomments&post=583064"}],"version-history":[{"count":2,"href":"https:\/\/diariodominicano.com\/index.php?rest_route=\/wp\/v2\/posts\/583064\/revisions"}],"predecessor-version":[{"id":583071,"href":"https:\/\/diariodominicano.com\/index.php?rest_route=\/wp\/v2\/posts\/583064\/revisions\/583071"}],"wp:featuredmedia":[{"embeddable":true,"href":"https:\/\/diariodominicano.com\/index.php?rest_route=\/wp\/v2\/media\/583065"}],"wp:attachment":[{"href":"https:\/\/diariodominicano.com\/index.php?rest_route=%2Fwp%2Fv2%2Fmedia&parent=583064"}],"wp:term":[{"taxonomy":"category","embeddable":true,"href":"https:\/\/diariodominicano.com\/index.php?rest_route=%2Fwp%2Fv2%2Fcategories&post=583064"},{"taxonomy":"post_tag","embeddable":true,"href":"https:\/\/diariodominicano.com\/index.php?rest_route=%2Fwp%2Fv2%2Ftags&post=583064"}],"curies":[{"name":"wp","href":"https:\/\/api.w.org\/{rel}","templated":true}]}}