{"id":583061,"date":"2024-12-15T20:48:05","date_gmt":"2024-12-16T00:48:05","guid":{"rendered":"https:\/\/diariodominicano.com\/?p=583061"},"modified":"2024-12-16T00:25:12","modified_gmt":"2024-12-16T04:25:12","slug":"qatar-reabrira-embajada-en-siria-el-martes","status":"publish","type":"post","link":"https:\/\/diariodominicano.com\/?p=583061","title":{"rendered":"Qatar reabrir\u00e1 embajada en Siria el martes"},"content":{"rendered":"\n<p>diariodominicano.com<\/p>\n\n\n\n<p>DOHA, 15 dic (Xinhua) &#8212; Qatar anunci\u00f3 hoy que reanudar\u00e1 las operaciones en su embajada en Siria a partir del martes y que Khalifa Abdullah Al Mahmoud Al Sharif fue nombrado como encargado de negocios. En una declaraci\u00f3n, el Ministerio de Relaciones Exteriores de Qatar destac\u00f3 que esta medida representa el restablecimiento de las relaciones diplom\u00e1ticas con Siria luego de una pausa de 13 a\u00f1os. El ministerio enfatiz\u00f3 que la reapertura de la embajada ampliar\u00e1 los esfuerzos humanitarios actuales de Qatar, incluyendo el traslado a\u00e9reo de provisiones humanitarias para apoyar al pueblo sirio durante la etapa de transici\u00f3n y atender necesidades humanitarias urgentes. El mi\u00e9rcoles, Qatar anunci\u00f3 la reapertura de su embajada en Damasco, d\u00edas despu\u00e9s de que una coalici\u00f3n de milicianos dirigida por Hayat Tahrir al-Sham depusiera la semana pasada al expresidente Bashar al-Assad. En 2011, Qatar cerr\u00f3 su embajada en Damasco tras el comienzo de las protestas contra el Gobierno sirio.<\/p>\n","protected":false},"excerpt":{"rendered":"<p>diariodominicano.com DOHA, 15 dic (Xinhua) &#8212; Qatar anunci\u00f3 hoy que reanudar\u00e1 las operaciones en su embajada en Siria a partir del martes y que Khalifa Abdullah Al Mahmoud Al Sharif fue nombrado como encargado de negocios. En una declaraci\u00f3n, el Ministerio de Relaciones Exteriores de Qatar destac\u00f3 que esta medida representa el restablecimiento de las [&hellip;]<\/p>\n","protected":false},"author":5,"featured_media":583062,"comment_status":"closed","ping_status":"closed","sticky":true,"template":"","format":"standard","meta":{"footnotes":""},"categories":[23],"tags":[],"class_list":["post-583061","post","type-post","status-publish","format-standard","has-post-thumbnail","hentry","category-internacional"],"_links":{"self":[{"href":"https:\/\/diariodominicano.com\/index.php?rest_route=\/wp\/v2\/posts\/583061","targetHints":{"allow":["GET"]}}],"collection":[{"href":"https:\/\/diariodominicano.com\/index.php?rest_route=\/wp\/v2\/posts"}],"about":[{"href":"https:\/\/diariodominicano.com\/index.php?rest_route=\/wp\/v2\/types\/post"}],"author":[{"embeddable":true,"href":"https:\/\/diariodominicano.com\/index.php?rest_route=\/wp\/v2\/users\/5"}],"replies":[{"embeddable":true,"href":"https:\/\/diariodominicano.com\/index.php?rest_route=%2Fwp%2Fv2%2Fcomments&post=583061"}],"version-history":[{"count":1,"href":"https:\/\/diariodominicano.com\/index.php?rest_route=\/wp\/v2\/posts\/583061\/revisions"}],"predecessor-version":[{"id":583063,"href":"https:\/\/diariodominicano.com\/index.php?rest_route=\/wp\/v2\/posts\/583061\/revisions\/583063"}],"wp:featuredmedia":[{"embeddable":true,"href":"https:\/\/diariodominicano.com\/index.php?rest_route=\/wp\/v2\/media\/583062"}],"wp:attachment":[{"href":"https:\/\/diariodominicano.com\/index.php?rest_route=%2Fwp%2Fv2%2Fmedia&parent=583061"}],"wp:term":[{"taxonomy":"category","embeddable":true,"href":"https:\/\/diariodominicano.com\/index.php?rest_route=%2Fwp%2Fv2%2Fcategories&post=583061"},{"taxonomy":"post_tag","embeddable":true,"href":"https:\/\/diariodominicano.com\/index.php?rest_route=%2Fwp%2Fv2%2Ftags&post=583061"}],"curies":[{"name":"wp","href":"https:\/\/api.w.org\/{rel}","templated":true}]}}