{"id":583054,"date":"2024-12-15T20:39:10","date_gmt":"2024-12-16T00:39:10","guid":{"rendered":"https:\/\/diariodominicano.com\/?p=583054"},"modified":"2024-12-15T20:40:40","modified_gmt":"2024-12-16T00:40:40","slug":"351-nuevos-profesionales-se-graduan-en-96-investidura-de-la-ucsd","status":"publish","type":"post","link":"https:\/\/diariodominicano.com\/?p=583054","title":{"rendered":"En 96\u00b0 investidura la UCSD  grad\u00faa 351 nuevos profesionales"},"content":{"rendered":"\n<p>diariodominicano.com<\/p>\n\n\n\n<p><strong>Santo Domingo., R. D.,<\/strong>\u2002<strong>15 de diciembre, 2024.-<\/strong> La Universidad Cat\u00f3lica Santo Domingo (UCSD) realiz\u00f3 la 96\u00b0 graduaci\u00f3n ordinaria, en que 351 j\u00f3venes de diversas nacionalidades fueron investidos como licenciados. Esta nueva cohorte de egresados tuvo una representaci\u00f3n femenina del 67%, siendo la licenciatura en Rehabilitaci\u00f3n F\u00edsica, de la Facultad de Ciencias de la Salud, la carrera m\u00e1s numerosa.\u00a0<\/p>\n\n\n<div class=\"wp-block-image\">\n<figure class=\"alignleft size-full is-resized\"><img loading=\"lazy\" decoding=\"async\" width=\"670\" height=\"447\" src=\"https:\/\/diariodominicano.com\/wp-content\/uploads\/2024\/12\/Autoridades-academicas-UCSD-y-disertante-invitado-1.jpg\" alt=\"\" class=\"wp-image-583057\" style=\"width:365px;height:auto\" srcset=\"https:\/\/diariodominicano.com\/wp-content\/uploads\/2024\/12\/Autoridades-academicas-UCSD-y-disertante-invitado-1.jpg 670w, https:\/\/diariodominicano.com\/wp-content\/uploads\/2024\/12\/Autoridades-academicas-UCSD-y-disertante-invitado-1-300x200.jpg 300w\" sizes=\"auto, (max-width: 670px) 100vw, 670px\" \/><\/figure>\n<\/div>\n\n\n<p>El acto fue encabezado por el presb\u00edtero y doctor Jos\u00e9 Luis de la Cruz, rector de la UCSD, quien exhort\u00f3 a los graduados a no limitarse y encontrar siempre nuevas formas de hacer las cosas, porque \u201c<em>ser profesional, supone estar en continua b\u00fasqueda del conocimiento, la verdad y la innovaci\u00f3n\u201d.<\/em><\/p>\n\n\n\n<p>Como invitado especial particip\u00f3 monse\u00f1or Alfredo de la Cruz, obispo de San Francisco de Macor\u00eds, quien exhort\u00f3 a los presentes a abrazar la maravilla de la tecnolog\u00eda sin perder de vista la humanidad, porque <em>la inteligencia artificial nunca podr\u00e1 reemplazar la compasi\u00f3n, la creatividad ni el amor que brotan de un coraz\u00f3n humano.<\/em>&nbsp;<\/p>\n\n\n\n<p>Adem\u00e1s, indic\u00f3 que ante el miedo por las grandes tensiones geopol\u00edticas que parecen amenazar la estabilidad del mundo y las guerras que siembran odio en lugar de esperanza, los nuevos profesionales representan una <em>generaci\u00f3n llamada a ser luz en medio de la incertidumbre, a construir puentes en un mundo fragmentado; y a restaurar los valores que promueven el respeto, la justicia y la paz.<\/em><\/p>\n\n\n\n<p><em>\u201cHan sido formados en una universidad que no solo busca transmitir conocimientos, sino tambi\u00e9n valores. Aqu\u00ed han aprendido que el verdadero \u00e9xito no radica en cu\u00e1nto acumulan, sino en cu\u00e1nto aportan al bien com\u00fan. Han descubierto que la fe no es un escape, sino una fuerza transformadora capaz de dar sentido a sus vidas y al mundo\u201d<\/em>, especific\u00f3 finalmente el prelado.&nbsp;<\/p>\n\n\n\n<p>En representaci\u00f3n de la cohorte, el licenciado en Ciencias Religiosas Daniel Muse, m\u00e1ximo honor acad\u00e9mico, manifest\u00f3 que en la UCSD<em> <\/em>tuvo la oportunidad de integrar la fe y la raz\u00f3n, la religi\u00f3n y la ciencia; balance esencial para avanzar hacia la verdad de una manera profunda y equilibrada.&nbsp;<\/p>\n\n\n\n<p>Adem\u00e1s, agreg\u00f3 que<em> <\/em>una de las principales causas de ansiedad en los j\u00f3venes es la falta de prop\u00f3sito en sus vidas, la cual en algunos casos conduce al suicidio.<em> Por tanto, a medida que seguimos adelante, es esencial que cada uno busque no solo una carrera, sino un prop\u00f3sito. La b\u00fasqueda de la verdad tambi\u00e9n nos lleva a descubrir cu\u00e1l es nuestro fin en la vida, <\/em>indic\u00f3 finalmente.<\/p>\n\n\n\n<p>En la actividad, realizada en el auditorio de la Casa San Pablo, tambi\u00e9n estuvieron presentes Ynmaculada Torres, vicerrectora acad\u00e9mica; Jos\u00e9 Armando Tav\u00e1rez, vicerrector de Investigaci\u00f3n, Vinculaci\u00f3n y Aseguramiento de la Calidad; decanos y directores de las diversas \u00e1reas.&nbsp;<\/p>\n\n\n\n<p><strong>Contactos<\/strong><\/p>\n\n\n\n<p>Direcci\u00f3n de Comunicaciones Corporativas UCSD<\/p>\n","protected":false},"excerpt":{"rendered":"<p>diariodominicano.com Santo Domingo., R. D.,\u200215 de diciembre, 2024.- La Universidad Cat\u00f3lica Santo Domingo (UCSD) realiz\u00f3 la 96\u00b0 graduaci\u00f3n ordinaria, en que 351 j\u00f3venes de diversas nacionalidades fueron investidos como licenciados. Esta nueva cohorte de egresados tuvo una representaci\u00f3n femenina del 67%, siendo la licenciatura en Rehabilitaci\u00f3n F\u00edsica, de la Facultad de Ciencias de la Salud, [&hellip;]<\/p>\n","protected":false},"author":5,"featured_media":583056,"comment_status":"closed","ping_status":"closed","sticky":true,"template":"","format":"standard","meta":{"footnotes":""},"categories":[20,27],"tags":[],"class_list":["post-583054","post","type-post","status-publish","format-standard","has-post-thumbnail","hentry","category-dominicana-hoy","category-portada"],"_links":{"self":[{"href":"https:\/\/diariodominicano.com\/index.php?rest_route=\/wp\/v2\/posts\/583054","targetHints":{"allow":["GET"]}}],"collection":[{"href":"https:\/\/diariodominicano.com\/index.php?rest_route=\/wp\/v2\/posts"}],"about":[{"href":"https:\/\/diariodominicano.com\/index.php?rest_route=\/wp\/v2\/types\/post"}],"author":[{"embeddable":true,"href":"https:\/\/diariodominicano.com\/index.php?rest_route=\/wp\/v2\/users\/5"}],"replies":[{"embeddable":true,"href":"https:\/\/diariodominicano.com\/index.php?rest_route=%2Fwp%2Fv2%2Fcomments&post=583054"}],"version-history":[{"count":2,"href":"https:\/\/diariodominicano.com\/index.php?rest_route=\/wp\/v2\/posts\/583054\/revisions"}],"predecessor-version":[{"id":583060,"href":"https:\/\/diariodominicano.com\/index.php?rest_route=\/wp\/v2\/posts\/583054\/revisions\/583060"}],"wp:featuredmedia":[{"embeddable":true,"href":"https:\/\/diariodominicano.com\/index.php?rest_route=\/wp\/v2\/media\/583056"}],"wp:attachment":[{"href":"https:\/\/diariodominicano.com\/index.php?rest_route=%2Fwp%2Fv2%2Fmedia&parent=583054"}],"wp:term":[{"taxonomy":"category","embeddable":true,"href":"https:\/\/diariodominicano.com\/index.php?rest_route=%2Fwp%2Fv2%2Fcategories&post=583054"},{"taxonomy":"post_tag","embeddable":true,"href":"https:\/\/diariodominicano.com\/index.php?rest_route=%2Fwp%2Fv2%2Ftags&post=583054"}],"curies":[{"name":"wp","href":"https:\/\/api.w.org\/{rel}","templated":true}]}}