{"id":583051,"date":"2024-12-15T20:19:48","date_gmt":"2024-12-16T00:19:48","guid":{"rendered":"https:\/\/diariodominicano.com\/?p=583051"},"modified":"2024-12-16T00:26:29","modified_gmt":"2024-12-16T04:26:29","slug":"sheinbaum-busca-consolidar-el-tren-maya-en-el-sureste-de-mexico-y-ampliar-vias-ferreas-al-norte","status":"publish","type":"post","link":"https:\/\/diariodominicano.com\/?p=583051","title":{"rendered":"Sheinbaum busca consolidar el Tren Maya en el sureste de M\u00e9xico y ampliar v\u00edas f\u00e9rreas al norte"},"content":{"rendered":"\n<p>diariodominicano.com<\/p>\n\n\n\n<p>M\u00c9XICO, 15 dic (Xinhua) &#8212; La presidenta de M\u00e9xico, Claudia Sheinbaum, asegur\u00f3 hoy domingo que su Gobierno consolidar\u00e1 la operaci\u00f3n del Tren Maya en el sureste del pa\u00eds y reafirm\u00f3 planes para llevar v\u00edas f\u00e9rreas hacia el norte. Al conmemorar el primer a\u00f1o de operaci\u00f3n del Tren Maya, uno de los principales proyectos de infraestructura del ex presidente Andr\u00e9s Manuel L\u00f3pez Obrador (2018-2024), Sheinbaum calific\u00f3 la obra como \u00abuna haza\u00f1a\u00bb por la conclusi\u00f3n de gran parte del proyecto en un lapso de cuatro a\u00f1os. \u00abVamos a consolidar el Tren Maya como el gran destino tur\u00edstico del mundo\u00bb, resalt\u00f3 la mandataria que propuso el pasado 1 de octubre, al inaugurar tambi\u00e9n los tramos 6 y 7 del Tren Maya, en la ciudad de Chetumal, capital del estado de Quintana. Roo, en el Caribe mexicano. Sheinbaum dijo que el Tren Maya significa justicia social porque lleva bienestar y desarrollo para las comunidades del sureste mexicano, adem\u00e1s de comentar que la obra se conectar\u00e1 con el Tren Interoce\u00e1nico, otro de los proyectos de L\u00f3pez Obrador. Dijo que su administraci\u00f3n impulsar\u00e1 tambi\u00e9n obras f\u00e9rreas que cubran el norte del pa\u00eds con rutas como M\u00e9xico-Nuevo Laredo, en el estado de Tamaulipas (noreste) y M\u00e9xico-Nogales, en el estado de Sonora (noroeste), ambos destinos colindantes con Estados Unidos. . \u00abEl Tren Maya le dice al mundo que M\u00e9xico es una gran naci\u00f3n\u00bb, abund\u00f3 la mandataria en la ceremonia de aniversario y ante numerosos invitados. El proyecto consta de m\u00e1s de 1,500 kil\u00f3metros de v\u00edas f\u00e9rreas y comunica los principales centros arqueol\u00f3gicos de la cultura maya en cinco estados del sureste mexicano.<\/p>\n","protected":false},"excerpt":{"rendered":"<p>diariodominicano.com M\u00c9XICO, 15 dic (Xinhua) &#8212; La presidenta de M\u00e9xico, Claudia Sheinbaum, asegur\u00f3 hoy domingo que su Gobierno consolidar\u00e1 la operaci\u00f3n del Tren Maya en el sureste del pa\u00eds y reafirm\u00f3 planes para llevar v\u00edas f\u00e9rreas hacia el norte. Al conmemorar el primer a\u00f1o de operaci\u00f3n del Tren Maya, uno de los principales proyectos de [&hellip;]<\/p>\n","protected":false},"author":5,"featured_media":583052,"comment_status":"closed","ping_status":"closed","sticky":true,"template":"","format":"standard","meta":{"footnotes":""},"categories":[23],"tags":[],"class_list":["post-583051","post","type-post","status-publish","format-standard","has-post-thumbnail","hentry","category-internacional"],"_links":{"self":[{"href":"https:\/\/diariodominicano.com\/index.php?rest_route=\/wp\/v2\/posts\/583051","targetHints":{"allow":["GET"]}}],"collection":[{"href":"https:\/\/diariodominicano.com\/index.php?rest_route=\/wp\/v2\/posts"}],"about":[{"href":"https:\/\/diariodominicano.com\/index.php?rest_route=\/wp\/v2\/types\/post"}],"author":[{"embeddable":true,"href":"https:\/\/diariodominicano.com\/index.php?rest_route=\/wp\/v2\/users\/5"}],"replies":[{"embeddable":true,"href":"https:\/\/diariodominicano.com\/index.php?rest_route=%2Fwp%2Fv2%2Fcomments&post=583051"}],"version-history":[{"count":1,"href":"https:\/\/diariodominicano.com\/index.php?rest_route=\/wp\/v2\/posts\/583051\/revisions"}],"predecessor-version":[{"id":583053,"href":"https:\/\/diariodominicano.com\/index.php?rest_route=\/wp\/v2\/posts\/583051\/revisions\/583053"}],"wp:featuredmedia":[{"embeddable":true,"href":"https:\/\/diariodominicano.com\/index.php?rest_route=\/wp\/v2\/media\/583052"}],"wp:attachment":[{"href":"https:\/\/diariodominicano.com\/index.php?rest_route=%2Fwp%2Fv2%2Fmedia&parent=583051"}],"wp:term":[{"taxonomy":"category","embeddable":true,"href":"https:\/\/diariodominicano.com\/index.php?rest_route=%2Fwp%2Fv2%2Fcategories&post=583051"},{"taxonomy":"post_tag","embeddable":true,"href":"https:\/\/diariodominicano.com\/index.php?rest_route=%2Fwp%2Fv2%2Ftags&post=583051"}],"curies":[{"name":"wp","href":"https:\/\/api.w.org\/{rel}","templated":true}]}}