{"id":583048,"date":"2024-12-15T20:08:56","date_gmt":"2024-12-16T00:08:56","guid":{"rendered":"https:\/\/diariodominicano.com\/?p=583048"},"modified":"2024-12-16T00:29:38","modified_gmt":"2024-12-16T04:29:38","slug":"republica-dominicana-y-canada-amplian-conectividad-aerea","status":"publish","type":"post","link":"https:\/\/diariodominicano.com\/?p=583048","title":{"rendered":"Rep\u00fablica Dominicana y Canad\u00e1 ampl\u00edan conectividad a\u00e9rea: Ministro de Turismo"},"content":{"rendered":"\n<p>diariodominicano.com<\/p>\n\n\n\n<p>Santo Domingo, 15 dic (Prensa Latina) Rep\u00fablica Dominicana y Canad\u00e1 ampliar\u00e1n la conectividad a\u00e9rea entre ciudades de los dos pa\u00edses, tras lograrse acuerdos con varias aerol\u00edneas de esa naci\u00f3n que aportar\u00e1n un total de 50 mil asientos adicionales, trascendi\u00f3 hoy.<\/p>\n\n\n\n<p>La informaci\u00f3n la dio a conocer el ministro dominicano de Turismo, David Collado, en sus redes sociales, ocasi\u00f3n en la que resalt\u00f3 la importancia del fortalecimiento de las relaciones con estas compa\u00f1\u00edas que conf\u00edan en el mercado de Quisqueya.<\/p>\n\n\n\n<p>Seg\u00fan se indic\u00f3, Air Transat abrir\u00e1 cuatro nuevas rutas, que conectar\u00e1n Canad\u00e1 con las ciudades de Punta Cana, Saman\u00e1, Puerto Plata y La Romana durante la temporada alta de 2025, mientras la l\u00ednea a\u00e9rea Sunwing agregar\u00e1 siete frecuencias durante esa \u00e9poca del a\u00f1o.<\/p>\n\n\n\n<p>\u201cPara Rep\u00fablica Dominicana es de vital importancia vigorizar los v\u00ednculos con estas aerol\u00edneas que conf\u00edan en nuestro mercado, y que contribuyen a que Canad\u00e1 se consolide como el segundo pa\u00eds m\u00e1s importante en emisi\u00f3n de turistas a Quisqueya\u00bb, asegur\u00f3 Collado.<\/p>\n\n\n\n<p>El Ministerio dominicano de Turismo realiz\u00f3 dos eventos en Toronto y Montreal la semana pasada con la participaci\u00f3n de m\u00e1s de 300 tour operadores y agentes de viajes en dichas ciudades.<\/p>\n\n\n\n<p>En este contexto, el titular Collado sostuvo reuniones privadas con estas aerol\u00edneas, inform\u00f3 esa cartera.<\/p>\n\n\n\n<p>jha\/mpv<\/p>\n","protected":false},"excerpt":{"rendered":"<p>diariodominicano.com Santo Domingo, 15 dic (Prensa Latina) Rep\u00fablica Dominicana y Canad\u00e1 ampliar\u00e1n la conectividad a\u00e9rea entre ciudades de los dos pa\u00edses, tras lograrse acuerdos con varias aerol\u00edneas de esa naci\u00f3n que aportar\u00e1n un total de 50 mil asientos adicionales, trascendi\u00f3 hoy. La informaci\u00f3n la dio a conocer el ministro dominicano de Turismo, David Collado, en [&hellip;]<\/p>\n","protected":false},"author":5,"featured_media":583049,"comment_status":"closed","ping_status":"closed","sticky":true,"template":"","format":"standard","meta":{"footnotes":""},"categories":[36,18,23],"tags":[],"class_list":["post-583048","post","type-post","status-publish","format-standard","has-post-thumbnail","hentry","category-hombresmujeresycosas","category-economia","category-internacional"],"_links":{"self":[{"href":"https:\/\/diariodominicano.com\/index.php?rest_route=\/wp\/v2\/posts\/583048","targetHints":{"allow":["GET"]}}],"collection":[{"href":"https:\/\/diariodominicano.com\/index.php?rest_route=\/wp\/v2\/posts"}],"about":[{"href":"https:\/\/diariodominicano.com\/index.php?rest_route=\/wp\/v2\/types\/post"}],"author":[{"embeddable":true,"href":"https:\/\/diariodominicano.com\/index.php?rest_route=\/wp\/v2\/users\/5"}],"replies":[{"embeddable":true,"href":"https:\/\/diariodominicano.com\/index.php?rest_route=%2Fwp%2Fv2%2Fcomments&post=583048"}],"version-history":[{"count":2,"href":"https:\/\/diariodominicano.com\/index.php?rest_route=\/wp\/v2\/posts\/583048\/revisions"}],"predecessor-version":[{"id":583072,"href":"https:\/\/diariodominicano.com\/index.php?rest_route=\/wp\/v2\/posts\/583048\/revisions\/583072"}],"wp:featuredmedia":[{"embeddable":true,"href":"https:\/\/diariodominicano.com\/index.php?rest_route=\/wp\/v2\/media\/583049"}],"wp:attachment":[{"href":"https:\/\/diariodominicano.com\/index.php?rest_route=%2Fwp%2Fv2%2Fmedia&parent=583048"}],"wp:term":[{"taxonomy":"category","embeddable":true,"href":"https:\/\/diariodominicano.com\/index.php?rest_route=%2Fwp%2Fv2%2Fcategories&post=583048"},{"taxonomy":"post_tag","embeddable":true,"href":"https:\/\/diariodominicano.com\/index.php?rest_route=%2Fwp%2Fv2%2Ftags&post=583048"}],"curies":[{"name":"wp","href":"https:\/\/api.w.org\/{rel}","templated":true}]}}