{"id":583033,"date":"2024-12-15T19:48:29","date_gmt":"2024-12-15T23:48:29","guid":{"rendered":"https:\/\/diariodominicano.com\/?p=583033"},"modified":"2024-12-16T00:15:00","modified_gmt":"2024-12-16T04:15:00","slug":"alcaldia-del-distrito-nacional-develiza-calle-en-honor-a-gladys-gutierrez","status":"publish","type":"post","link":"https:\/\/diariodominicano.com\/?p=583033","title":{"rendered":"Alcald\u00eda del Distrito Nacional develiza nombre de calle en honor a Gladys Guti\u00e9rrez"},"content":{"rendered":"\n<p>diariodominicano.com<\/p>\n\n\n\n<p>Santo Domingo, R. D.,\u200215 de diciembre, 2024.\u2013 Con la presencia de la procuradora general de la Rep\u00fablica,  Miriam Germ\u00e1n, la Alcald\u00eda del Distrito Nacional develiz\u00f3 el nombre de la calle en honor a Gladys Guti\u00e9rrez,  luchadora social y destacada dirigente pol\u00edtica fallecida en 2015.<\/p>\n\n\n\n<p>En sus palabras centrales Germ\u00e1n Brito se refiri\u00f3 a  Gladys como su amiga cercana y como una hermana.<\/p>\n\n\n\n<p>El acto estuvo marcado por las palabras de Yovany Moya, presidente del Concejo de Regidores; Geovanny Nina Cruz, nieto de Gladys Guti\u00e9rrez en representaci\u00f3n de la familia;  Miriam Germ\u00e1n, procuradora general de la Rep\u00fablica; y Elizabeth Mateo, secretaria general de la Alcald\u00eda del Distrito Nacional.<\/p>\n\n\n\n<p>En representaci\u00f3n de la Alcald\u00eda del Distrito Nacional, Elizabeth Mateo\u2002dijo que las calles del pa\u00eds deben llevar los nombres de quienes como Gladys Guti\u00e9rrez trabajaron por \u00e9l con amor, siendo un ejemplo con su legado de servicio.\u00a0<\/p>\n\n\n\n<p>\u201cComo madre, como hija, como ciudadana dominicana me siento muy orgullosa de haber podido canalizar junto a este equipo extraordinario de hombres y mujeres de la Alcald\u00eda del Distrito Nacional, y con la visi\u00f3n de la alcaldesa Carolina Mej\u00eda, para que hoy estemos aqu\u00ed en este acto porque honrar honra\u201d, manifest\u00f3 la secretaria general.<\/p>\n\n\n\n<p>De igual modo, tambi\u00e9n  fue presentada la biograf\u00eda de  Guti\u00e9rrez a cargo de Jorge Feliz Pacheco, en representaci\u00f3n del Bloque de Regidores del PLD. \u201cEste evento representa la memoria viva de una mujer que luch\u00f3 incansablemente por la democracia, por la libertad y el derecho de las mujeres\u201d, agreg\u00f3.<\/p>\n\n\n\n<p>La decisi\u00f3n contenida en la Ley 10-24, facult\u00f3 al ayuntamiento a realizar la se\u00f1alizaci\u00f3n y rotulaci\u00f3n de la calle 23 Este del sector La Castellana con el nombre de Gladys Guti\u00e9rrez.<\/p>\n\n\n\n<p>Los presentes valoraron su legado de honestidad a toda prueba y sus aportes a la lucha democr\u00e1tica del pueblo en cada uno de los espacios en que le toc\u00f3 actuar.<\/p>\n\n\n\n<p>Gladys Guti\u00e9rrez se convirti\u00f3 en el s\u00edmbolo de las viudas que perdieron a sus esposos por la represi\u00f3n pol\u00edtica, cuando el dirigente de izquierda Henry Segarra fue apresado y desaparecido.<\/p>\n\n\n\n<p>Guti\u00e9rrez fue la primera secretaria de la Mujer en 1996, puesto que volvi\u00f3 a ocupar en 2004, tambi\u00e9n fue diputada y regidora. Falleci\u00f3 en 2015, aquejada de problemas de salud.<\/p>\n\n\n\n<p>La banda de m\u00fasica del Cuerpo de Bomberos cerr\u00f3 el acto interpretando la canci\u00f3n \u201cA mi manera\u201d, una de las piezas favoritas de la se\u00f1ora Guti\u00e9rrez.<\/p>\n\n\n\n<p>Tambi\u00e9n asistieron al  acto  Juan Ariel Jim\u00e9nez, Sergia Galv\u00e1n, Lenchy Vargas, Altagracia Salazar, Charles Mariotti, Claudia Rita y  Carmen Mazar, entre otros.<\/p>\n\n\n\n<p>Con informaci\u00f3n de la <strong>Direcci\u00f3n de Comunicaciones\u00a0\u2002del ADN\u2002<\/strong><\/p>\n\n\n\n<p><strong>Domingo 15 de diciembre 2024<\/strong><\/p>\n","protected":false},"excerpt":{"rendered":"<p>diariodominicano.com Santo Domingo, R. D.,\u200215 de diciembre, 2024.\u2013 Con la presencia de la procuradora general de la Rep\u00fablica, Miriam Germ\u00e1n, la Alcald\u00eda del Distrito Nacional develiz\u00f3 el nombre de la calle en honor a Gladys Guti\u00e9rrez, luchadora social y destacada dirigente pol\u00edtica fallecida en 2015. En sus palabras centrales Germ\u00e1n Brito se refiri\u00f3 a Gladys [&hellip;]<\/p>\n","protected":false},"author":5,"featured_media":583040,"comment_status":"closed","ping_status":"closed","sticky":true,"template":"","format":"standard","meta":{"footnotes":""},"categories":[20,27],"tags":[],"class_list":["post-583033","post","type-post","status-publish","format-standard","has-post-thumbnail","hentry","category-dominicana-hoy","category-portada"],"_links":{"self":[{"href":"https:\/\/diariodominicano.com\/index.php?rest_route=\/wp\/v2\/posts\/583033","targetHints":{"allow":["GET"]}}],"collection":[{"href":"https:\/\/diariodominicano.com\/index.php?rest_route=\/wp\/v2\/posts"}],"about":[{"href":"https:\/\/diariodominicano.com\/index.php?rest_route=\/wp\/v2\/types\/post"}],"author":[{"embeddable":true,"href":"https:\/\/diariodominicano.com\/index.php?rest_route=\/wp\/v2\/users\/5"}],"replies":[{"embeddable":true,"href":"https:\/\/diariodominicano.com\/index.php?rest_route=%2Fwp%2Fv2%2Fcomments&post=583033"}],"version-history":[{"count":2,"href":"https:\/\/diariodominicano.com\/index.php?rest_route=\/wp\/v2\/posts\/583033\/revisions"}],"predecessor-version":[{"id":583069,"href":"https:\/\/diariodominicano.com\/index.php?rest_route=\/wp\/v2\/posts\/583033\/revisions\/583069"}],"wp:featuredmedia":[{"embeddable":true,"href":"https:\/\/diariodominicano.com\/index.php?rest_route=\/wp\/v2\/media\/583040"}],"wp:attachment":[{"href":"https:\/\/diariodominicano.com\/index.php?rest_route=%2Fwp%2Fv2%2Fmedia&parent=583033"}],"wp:term":[{"taxonomy":"category","embeddable":true,"href":"https:\/\/diariodominicano.com\/index.php?rest_route=%2Fwp%2Fv2%2Fcategories&post=583033"},{"taxonomy":"post_tag","embeddable":true,"href":"https:\/\/diariodominicano.com\/index.php?rest_route=%2Fwp%2Fv2%2Ftags&post=583033"}],"curies":[{"name":"wp","href":"https:\/\/api.w.org\/{rel}","templated":true}]}}