{"id":583018,"date":"2024-12-15T19:28:36","date_gmt":"2024-12-15T23:28:36","guid":{"rendered":"https:\/\/diariodominicano.com\/?p=583018"},"modified":"2024-12-16T00:32:19","modified_gmt":"2024-12-16T04:32:19","slug":"lula-da-silva-dice-que-se-asusto-por-hemorragia-en-la-cabeza-pero-que-esta-listo-para-volver-al-trabajo","status":"publish","type":"post","link":"https:\/\/diariodominicano.com\/?p=583018","title":{"rendered":"Lula da Silva dice que se asust\u00f3 por hemorragia en la cabeza pero que est\u00e1 listo para volver al trabajo"},"content":{"rendered":"\n<p>diariodominicano.com<\/p>\n\n\n\n<p>SAO PAULO, 15 dic (Xinhua) &#8212; El presidente de Brasil, Luiz In\u00e1cio Lula da Silva, afirm\u00f3 hoy que est\u00e1 listo para volver a trabajar, aunque se asust\u00f3 y tuvo miedo de morir a ra\u00edz de la hemorragia interna craneal por la que fue operado de urgencia el pasado 10 de diciembre. Lula da Silva hizo este domingo su primer pronunciamiento p\u00fablico a la prensa, tras recibir la alta m\u00e9dica del Hospital Sirio-Liban\u00e9s de la ciudad de Sao Paulo. \u00abNunca pienso que me voy a morir, pero tengo miedo\u00bb, dijo Lula da Silva, al usar un sombrero que seg\u00fan explic\u00f3 le sirve para no exhibir las heridas, adem\u00e1s de mostrarse al lado de su equipo m\u00e9dico y de la primera dama, Ros\u00e1ngela. da Silva. El mandatario brasile\u00f1o de 79 a\u00f1os, dijo que se llev\u00f3 un \u00abgran susto\u00bb con los s\u00edntomas y la urgencia con la que fue trasladado para la operaci\u00f3n de emergencia del martes, condici\u00f3n que fue producto de un golpe en la cabeza el 19 de octubre pasado. durante un accidente dom\u00e9stico. \u00abMe asust\u00e9 de la cantidad de l\u00edquido que hab\u00eda en mi cabeza por el cual tuve que ser operado\u00bb, dijo el presidente. \u00abAgradezco al equipo de m\u00e9dicos y enfermeros que me cuidaron no como un paciente y s\u00ed como un hermano\u00bb, dijo el fundador del Partido de los Trabajadores (PT). Lula da Silva fue dado de alta este domingo por los m\u00e9dicos y deber\u00e1 permanecer unos 60 d\u00edas sin hacer deporte o ejercicios intensos como hace de manera habitual. El mandatario trabajar\u00e1 desde este domingo en su residencia de la ciudad de Sao Paulo hasta el pr\u00f3ximo jueves, cuando se le practicar\u00e1 una tomograf\u00eda para poder tener \u00abluz verde\u00bb y as\u00ed viajar a la ciudad de Brasilia, donde podr\u00e1 trabajar en el Palacio. del Planalto (sede del Gobierno). Dijo tambi\u00e9n que pasar\u00e1 las fiestas de Navidad y A\u00f1o Nuevo en su casa, as\u00ed que no viajar\u00e1 a alguna playa a descansar como lo hacen de forma habitual los mandatarios. Lula da Silva agradeci\u00f3 las oraciones y los mensajes de cari\u00f1o que recibi\u00f3 durante su hospitalizaci\u00f3n, adem\u00e1s de perdonar a quienes difundieron mensajes de odio a trav\u00e9s de redes sociales.<\/p>\n","protected":false},"excerpt":{"rendered":"<p>diariodominicano.com SAO PAULO, 15 dic (Xinhua) &#8212; El presidente de Brasil, Luiz In\u00e1cio Lula da Silva, afirm\u00f3 hoy que est\u00e1 listo para volver a trabajar, aunque se asust\u00f3 y tuvo miedo de morir a ra\u00edz de la hemorragia interna craneal por la que fue operado de urgencia el pasado 10 de diciembre. Lula da Silva [&hellip;]<\/p>\n","protected":false},"author":5,"featured_media":583020,"comment_status":"closed","ping_status":"closed","sticky":true,"template":"","format":"standard","meta":{"footnotes":""},"categories":[23],"tags":[],"class_list":["post-583018","post","type-post","status-publish","format-standard","has-post-thumbnail","hentry","category-internacional"],"_links":{"self":[{"href":"https:\/\/diariodominicano.com\/index.php?rest_route=\/wp\/v2\/posts\/583018","targetHints":{"allow":["GET"]}}],"collection":[{"href":"https:\/\/diariodominicano.com\/index.php?rest_route=\/wp\/v2\/posts"}],"about":[{"href":"https:\/\/diariodominicano.com\/index.php?rest_route=\/wp\/v2\/types\/post"}],"author":[{"embeddable":true,"href":"https:\/\/diariodominicano.com\/index.php?rest_route=\/wp\/v2\/users\/5"}],"replies":[{"embeddable":true,"href":"https:\/\/diariodominicano.com\/index.php?rest_route=%2Fwp%2Fv2%2Fcomments&post=583018"}],"version-history":[{"count":1,"href":"https:\/\/diariodominicano.com\/index.php?rest_route=\/wp\/v2\/posts\/583018\/revisions"}],"predecessor-version":[{"id":583021,"href":"https:\/\/diariodominicano.com\/index.php?rest_route=\/wp\/v2\/posts\/583018\/revisions\/583021"}],"wp:featuredmedia":[{"embeddable":true,"href":"https:\/\/diariodominicano.com\/index.php?rest_route=\/wp\/v2\/media\/583020"}],"wp:attachment":[{"href":"https:\/\/diariodominicano.com\/index.php?rest_route=%2Fwp%2Fv2%2Fmedia&parent=583018"}],"wp:term":[{"taxonomy":"category","embeddable":true,"href":"https:\/\/diariodominicano.com\/index.php?rest_route=%2Fwp%2Fv2%2Fcategories&post=583018"},{"taxonomy":"post_tag","embeddable":true,"href":"https:\/\/diariodominicano.com\/index.php?rest_route=%2Fwp%2Fv2%2Ftags&post=583018"}],"curies":[{"name":"wp","href":"https:\/\/api.w.org\/{rel}","templated":true}]}}