{"id":583000,"date":"2024-12-15T19:01:48","date_gmt":"2024-12-15T23:01:48","guid":{"rendered":"https:\/\/diariodominicano.com\/?p=583000"},"modified":"2024-12-15T19:02:25","modified_gmt":"2024-12-15T23:02:25","slug":"en-ofrenda-floral-jaime-david-fernandez-mirabal-resalta-la-fe-de-duarte-al-fundar-la-republica-dominicana-y-de-juan-bosch-al-fundar-el-pld","status":"publish","type":"post","link":"https:\/\/diariodominicano.com\/?p=583000","title":{"rendered":"En Ofrenda Floral\u00a0Jaime David Fern\u00e1ndez Mirabal\u00a0resalta la fe de Duarte al fundar la Rep\u00fablica Dominicana y de Juan Bosch al fundar el PLD"},"content":{"rendered":"\n<p><strong>El ex vicepresidente de la Rep\u00fablica, Jaime David Fern\u00e1ndez Mirabal, miembro del Comit\u00e9 Pol\u00edtico del Partido de la Liberaci\u00f3n Dominicana (PLD),&nbsp;<\/strong>destac\u00f3 la fe predominante en el Patricio, Juan Pablo Duarte, procurando la Independencia de la Rep\u00fablica, como fe tuvo el Profesor Juan Bosch al crear una organizaci\u00f3n pol\u00edtica que devino en un Partido \u00danico en Am\u00e9rica.<\/p>\n\n\n\n<figure class=\"wp-block-image size-large\"><img loading=\"lazy\" decoding=\"async\" width=\"1024\" height=\"683\" src=\"https:\/\/diariodominicano.com\/wp-content\/uploads\/2024\/12\/OfrendaFloral-11-1024x683.jpeg\" alt=\"\" class=\"wp-image-583004\" srcset=\"https:\/\/diariodominicano.com\/wp-content\/uploads\/2024\/12\/OfrendaFloral-11-1024x683.jpeg 1024w, https:\/\/diariodominicano.com\/wp-content\/uploads\/2024\/12\/OfrendaFloral-11-300x200.jpeg 300w, https:\/\/diariodominicano.com\/wp-content\/uploads\/2024\/12\/OfrendaFloral-11-768x512.jpeg 768w, https:\/\/diariodominicano.com\/wp-content\/uploads\/2024\/12\/OfrendaFloral-11-1536x1024.jpeg 1536w, https:\/\/diariodominicano.com\/wp-content\/uploads\/2024\/12\/OfrendaFloral-11-2048x1365.jpeg 2048w, https:\/\/diariodominicano.com\/wp-content\/uploads\/2024\/12\/OfrendaFloral-11-816x544.jpeg 816w\" sizes=\"auto, (max-width: 1024px) 100vw, 1024px\" \/><\/figure>\n\n\n\n<figure class=\"wp-block-image size-large\"><img loading=\"lazy\" decoding=\"async\" width=\"1024\" height=\"577\" src=\"https:\/\/diariodominicano.com\/wp-content\/uploads\/2024\/12\/OfrendaFloral-2-1024x577.jpeg\" alt=\"\" class=\"wp-image-583002\" srcset=\"https:\/\/diariodominicano.com\/wp-content\/uploads\/2024\/12\/OfrendaFloral-2-1024x577.jpeg 1024w, https:\/\/diariodominicano.com\/wp-content\/uploads\/2024\/12\/OfrendaFloral-2-300x169.jpeg 300w, https:\/\/diariodominicano.com\/wp-content\/uploads\/2024\/12\/OfrendaFloral-2-768x433.jpeg 768w, https:\/\/diariodominicano.com\/wp-content\/uploads\/2024\/12\/OfrendaFloral-2-1536x866.jpeg 1536w, https:\/\/diariodominicano.com\/wp-content\/uploads\/2024\/12\/OfrendaFloral-2-2048x1155.jpeg 2048w, https:\/\/diariodominicano.com\/wp-content\/uploads\/2024\/12\/OfrendaFloral-2-816x460.jpeg 816w\" sizes=\"auto, (max-width: 1024px) 100vw, 1024px\" \/><\/figure>\n\n\n\n<p>&nbsp;\u00abPor eso nosotros en el 51 aniversario del Partido de la Liberaci\u00f3n Dominicana venimos a rendir tributo al padre fundador de la nacionalidad, Juan Pablo Duarte, a la memoria de Juan Bosch y rendir tributo a la convicci\u00f3n de que debemos seguir sirviendo a la Patria desde el PLD\u00bb, dijo Fern\u00e1ndez Mirabal en la dedicatoria de la Ofrenda Floral realizada la ma\u00f1ana de este domingo en el Altar de la Patria.<\/p>\n\n\n\n<p>Aprovech\u00f3 el escenario para resaltar la obra de los gobiernos del PLD, inspir\u00e1ndose en el pensamiento de los Trinitarios y de su l\u00edder hist\u00f3rico, el Profesor Juan Bosch.<\/p>\n\n\n\n<figure class=\"wp-block-image size-large\"><img loading=\"lazy\" decoding=\"async\" width=\"1024\" height=\"683\" src=\"https:\/\/diariodominicano.com\/wp-content\/uploads\/2024\/12\/OfrendaFloral-12-1024x683.jpeg\" alt=\"\" class=\"wp-image-583003\" srcset=\"https:\/\/diariodominicano.com\/wp-content\/uploads\/2024\/12\/OfrendaFloral-12-1024x683.jpeg 1024w, https:\/\/diariodominicano.com\/wp-content\/uploads\/2024\/12\/OfrendaFloral-12-300x200.jpeg 300w, https:\/\/diariodominicano.com\/wp-content\/uploads\/2024\/12\/OfrendaFloral-12-768x512.jpeg 768w, https:\/\/diariodominicano.com\/wp-content\/uploads\/2024\/12\/OfrendaFloral-12-1536x1024.jpeg 1536w, https:\/\/diariodominicano.com\/wp-content\/uploads\/2024\/12\/OfrendaFloral-12-2048x1365.jpeg 2048w, https:\/\/diariodominicano.com\/wp-content\/uploads\/2024\/12\/OfrendaFloral-12-816x544.jpeg 816w\" sizes=\"auto, (max-width: 1024px) 100vw, 1024px\" \/><\/figure>\n\n\n\n<p>\u201c20 a\u00f1os de estabilidad, crecimiento, desarrollo, paz social, respeto a los derechos humanos. Eso siempre tendr\u00e1 una fuerza que garantice, que nos de la satisfacci\u00f3n, que nos de la fuerza de ser o de sentirnos orgullosos de ser del PLD, de sentir la fuerza, la potencia en las ideas, en la convicci\u00f3n en la que Don Juan cre\u00f3 el Partido \u201c, dijo.<\/p>\n\n\n\n<p>La dedicatoria de la ofrenda floral coron\u00f3 el desfile interno en el Parque Independencia,&nbsp;realizado por cientos de dirigentes quienes se congregaron en la Puerta del Conde desplaz\u00e1ndose a ritmo de las marchas Quisqueya y Por Amor a cargo de la Banda de M\u00fasica del cuerpo de Bomberos del Distrito Nacional, hasta el altar de la Patria.<\/p>\n\n\n\n<p>El ex presidente Danilo Medina, Presidente del PLD, Johnny Pujols, secretario general, los vicepresidentes del PLD Zoraima Cuello e Yvan Lorenzo encabezaron los cientos de miembros del Comit\u00e9 Pol\u00edtico, del Comit\u00e9 Central y profesionales quienes participaron en el acto de ofrenda a los padres de la Patria.<\/p>\n\n\n\n<p>Los profesores Alejandrina German y Radham\u00e9s Camacho fueron los portadores de la bandera nacional mientras los soldados que protegen el pante\u00f3n de la Patria transportaron el arreglo floral, colocado al pie de las estatuas de Duarte, S\u00e1nchez y Mella.<\/p>\n\n\n\n<p>Antes de las palabras de Jaime David Fern\u00e1ndez Mirabal se escuch\u00f3 el Himno Nacional y los presentes colocaron rosas blancas en la parte superior del muro del mausoleo.<\/p>\n\n\n\n<p>\u201cY nosotros, en representaci\u00f3n del liderazgo del partido queremos reafirmar ante la figura del patricio, de los fundadores de la naci\u00f3n de que el PLD deber\u00e1 siempre seguir firmemente convencido de hacer todo lo que sea necesario para lograr superar toda forma de pobreza, violencia y exclusi\u00f3n en la Rep\u00fablica Dominicana\u00bb, concluy\u00f3 Jaime David Fern\u00e1ndez Mirabal con un \u00abViva a &nbsp;los padres fundadores de la nacionalidad, viva Juan Pablo Duarte, viva Juan Bosch, viva el Partido de la Liberaci\u00f3n Dominicana\u00bb, concluy\u00f3.<\/p>\n\n\n\n<p>Una impresionante fotograf\u00eda teniendo la dirigencia del PLD en la escalinata para ascender al Altar de la Patria, coron\u00f3 la Ofrenda Floral, mientras los asistentes se retiraron del interior del Parque Independencia con la canci\u00f3n Por Amor.<\/p>\n\n\n\n<p><strong>SECRETARIA DE COMUNICACIONES<\/strong><\/p>\n\n\n\n<p><strong>15 DE DICIEMBRE, 2024.-<\/strong><\/p>\n","protected":false},"excerpt":{"rendered":"<p>El ex vicepresidente de la Rep\u00fablica, Jaime David Fern\u00e1ndez Mirabal, miembro del Comit\u00e9 Pol\u00edtico del Partido de la Liberaci\u00f3n Dominicana (PLD),&nbsp;destac\u00f3 la fe predominante en el Patricio, Juan Pablo Duarte, procurando la Independencia de la Rep\u00fablica, como fe tuvo el Profesor Juan Bosch al crear una organizaci\u00f3n pol\u00edtica que devino en un Partido \u00danico en [&hellip;]<\/p>\n","protected":false},"author":28,"featured_media":583001,"comment_status":"closed","ping_status":"closed","sticky":true,"template":"","format":"standard","meta":{"footnotes":""},"categories":[26,22],"tags":[],"class_list":["post-583000","post","type-post","status-publish","format-standard","has-post-thumbnail","hentry","category-efemerides","category-politica"],"_links":{"self":[{"href":"https:\/\/diariodominicano.com\/index.php?rest_route=\/wp\/v2\/posts\/583000","targetHints":{"allow":["GET"]}}],"collection":[{"href":"https:\/\/diariodominicano.com\/index.php?rest_route=\/wp\/v2\/posts"}],"about":[{"href":"https:\/\/diariodominicano.com\/index.php?rest_route=\/wp\/v2\/types\/post"}],"author":[{"embeddable":true,"href":"https:\/\/diariodominicano.com\/index.php?rest_route=\/wp\/v2\/users\/28"}],"replies":[{"embeddable":true,"href":"https:\/\/diariodominicano.com\/index.php?rest_route=%2Fwp%2Fv2%2Fcomments&post=583000"}],"version-history":[{"count":2,"href":"https:\/\/diariodominicano.com\/index.php?rest_route=\/wp\/v2\/posts\/583000\/revisions"}],"predecessor-version":[{"id":583006,"href":"https:\/\/diariodominicano.com\/index.php?rest_route=\/wp\/v2\/posts\/583000\/revisions\/583006"}],"wp:featuredmedia":[{"embeddable":true,"href":"https:\/\/diariodominicano.com\/index.php?rest_route=\/wp\/v2\/media\/583001"}],"wp:attachment":[{"href":"https:\/\/diariodominicano.com\/index.php?rest_route=%2Fwp%2Fv2%2Fmedia&parent=583000"}],"wp:term":[{"taxonomy":"category","embeddable":true,"href":"https:\/\/diariodominicano.com\/index.php?rest_route=%2Fwp%2Fv2%2Fcategories&post=583000"},{"taxonomy":"post_tag","embeddable":true,"href":"https:\/\/diariodominicano.com\/index.php?rest_route=%2Fwp%2Fv2%2Ftags&post=583000"}],"curies":[{"name":"wp","href":"https:\/\/api.w.org\/{rel}","templated":true}]}}