{"id":582988,"date":"2024-12-15T18:54:01","date_gmt":"2024-12-15T22:54:01","guid":{"rendered":"https:\/\/diariodominicano.com\/?p=582988"},"modified":"2024-12-15T18:57:28","modified_gmt":"2024-12-15T22:57:28","slug":"danilo-medina-resalta-legado-de-euclides-gutierrez-felix-y-reafirma-vision-del-pld-en-su-51-aniversario","status":"publish","type":"post","link":"https:\/\/diariodominicano.com\/?p=582988","title":{"rendered":"Danilo Medina resalta legado de Euclides Guti\u00e9rrez F\u00e9lix y reafirma visi\u00f3n del PLD en su 51 aniversario"},"content":{"rendered":"\n<p><strong><em>Danilo Medina y Flavia Garc\u00eda<\/em><\/strong><em>&nbsp;resaltan Legado de Juan Bosch en la Conmemoraci\u00f3n del 51 Aniversario de la fundaci\u00f3n del PLD.<\/em><\/p>\n\n\n\n<figure class=\"wp-block-image size-large\"><img loading=\"lazy\" decoding=\"async\" width=\"1024\" height=\"683\" src=\"https:\/\/diariodominicano.com\/wp-content\/uploads\/2024\/12\/Image-n-65-1024x683.jpeg\" alt=\"\" class=\"wp-image-582991\" srcset=\"https:\/\/diariodominicano.com\/wp-content\/uploads\/2024\/12\/Image-n-65-1024x683.jpeg 1024w, https:\/\/diariodominicano.com\/wp-content\/uploads\/2024\/12\/Image-n-65-300x200.jpeg 300w, https:\/\/diariodominicano.com\/wp-content\/uploads\/2024\/12\/Image-n-65-768x512.jpeg 768w, https:\/\/diariodominicano.com\/wp-content\/uploads\/2024\/12\/Image-n-65-1536x1024.jpeg 1536w, https:\/\/diariodominicano.com\/wp-content\/uploads\/2024\/12\/Image-n-65-2048x1366.jpeg 2048w, https:\/\/diariodominicano.com\/wp-content\/uploads\/2024\/12\/Image-n-65-816x544.jpeg 816w\" sizes=\"auto, (max-width: 1024px) 100vw, 1024px\" \/><\/figure>\n\n\n\n<p>En un emotivo acto celebrado en el marco del 51 aniversario del&nbsp;<strong>Partido de la Liberaci\u00f3n Dominicana (PLD),<\/strong>&nbsp;el presidente de la organizaci\u00f3n,&nbsp;<strong>Danilo Medina,<\/strong>&nbsp;destac\u00f3 el valioso legado de&nbsp;<strong>Euclides Guti\u00e9rrez F\u00e9lix,<\/strong>&nbsp;reconocido como uno de los pilares fundamentales del Partido y declarado recientemente miembro Ad Vitam de su Comit\u00e9 Pol\u00edtico.<\/p>\n\n\n\n<p>Durante su intervenci\u00f3n, Medina record\u00f3 la estrecha relaci\u00f3n de Guti\u00e9rrez F\u00e9lix con la historia del PLD y su fundador, el profesor Juan Bosch. Euclides, un aut\u00e9ntico dirigente del PLD, \u201ces un hombre leal, \u00edntegro y siempre comprometido con los ideales de nuestro partido\u201d, precis\u00f3 en declaraciones rese\u00f1adas por la Secretar\u00eda de Comunicaciones del PLD.<\/p>\n\n\n\n<figure class=\"wp-block-image size-large\"><img loading=\"lazy\" decoding=\"async\" width=\"1024\" height=\"553\" src=\"https:\/\/diariodominicano.com\/wp-content\/uploads\/2024\/12\/Image-n-67-1024x553.jpeg\" alt=\"\" class=\"wp-image-582993\" srcset=\"https:\/\/diariodominicano.com\/wp-content\/uploads\/2024\/12\/Image-n-67-1024x553.jpeg 1024w, https:\/\/diariodominicano.com\/wp-content\/uploads\/2024\/12\/Image-n-67-300x162.jpeg 300w, https:\/\/diariodominicano.com\/wp-content\/uploads\/2024\/12\/Image-n-67-768x415.jpeg 768w, https:\/\/diariodominicano.com\/wp-content\/uploads\/2024\/12\/Image-n-67-1536x829.jpeg 1536w, https:\/\/diariodominicano.com\/wp-content\/uploads\/2024\/12\/Image-n-67-2048x1106.jpeg 2048w, https:\/\/diariodominicano.com\/wp-content\/uploads\/2024\/12\/Image-n-67-816x441.jpeg 816w\" sizes=\"auto, (max-width: 1024px) 100vw, 1024px\" \/><\/figure>\n\n\n\n<p>El l\u00edder pol\u00edtico resalt\u00f3 los logros alcanzados por el PLD bajo la gu\u00eda de Bosch y sus disc\u00edpulos, entre ellos la erradicaci\u00f3n del analfabetismo, la electrificaci\u00f3n del pa\u00eds y la mejora de las condiciones de vida en el campo a trav\u00e9s de iniciativas como las visitas sorpresa. Medina enfatiz\u00f3 que estos avances son el resultado directo del compromiso y la visi\u00f3n del partido por construir una Rep\u00fablica Dominicana m\u00e1s justa y equitativa.<\/p>\n\n\n\n<p>En su discurso, Danilo Medina tambi\u00e9n inst\u00f3 a los miembros del Partido a mantenerse unidos, trabajar con humildad y reforzar los valores que dieron origen al PLD.<\/p>\n\n\n\n<p>Afirm\u00f3 que para ganar en el 2028 necesitan recuperar el respeto y la credibilidad del pueblo dominicano, permaneciendo fieles a los principios que definieron desde el inicio al PLD.<\/p>\n\n\n\n<figure class=\"wp-block-image size-large\"><img loading=\"lazy\" decoding=\"async\" width=\"1024\" height=\"683\" src=\"https:\/\/diariodominicano.com\/wp-content\/uploads\/2024\/12\/Image-n-70-1024x683.jpeg\" alt=\"\" class=\"wp-image-582994\" srcset=\"https:\/\/diariodominicano.com\/wp-content\/uploads\/2024\/12\/Image-n-70-1024x683.jpeg 1024w, https:\/\/diariodominicano.com\/wp-content\/uploads\/2024\/12\/Image-n-70-300x200.jpeg 300w, https:\/\/diariodominicano.com\/wp-content\/uploads\/2024\/12\/Image-n-70-768x512.jpeg 768w, https:\/\/diariodominicano.com\/wp-content\/uploads\/2024\/12\/Image-n-70-1536x1024.jpeg 1536w, https:\/\/diariodominicano.com\/wp-content\/uploads\/2024\/12\/Image-n-70-2048x1366.jpeg 2048w, https:\/\/diariodominicano.com\/wp-content\/uploads\/2024\/12\/Image-n-70-816x544.jpeg 816w\" sizes=\"auto, (max-width: 1024px) 100vw, 1024px\" \/><\/figure>\n\n\n\n<p>El acto cont\u00f3 con la presencia de otros miembros fundadores del partido, como Melanio Paredes, a quien Medina tambi\u00e9n reconoci\u00f3 por su trayectoria y aportes. Asimismo, hizo menci\u00f3n especial de Tem\u00edstocles Mont\u00e1s, quien, aunque ausente por motivos de salud, fue destacado como otro de los grandes l\u00edderes que han moldeado la historia del PLD, al igual que Pantale\u00f3n Mar\u00eda Arias, miembro del Primer Comit\u00e9 Central.<\/p>\n\n\n\n<p>Con una mirada hacia el futuro, Danilo Medina exhort\u00f3 a la militancia a trabajar con firmeza para superar los desaf\u00edos de la oposici\u00f3n y devolver el partido a la direcci\u00f3n del pa\u00eds.<\/p>\n\n\n\n<figure class=\"wp-block-image size-large\"><img loading=\"lazy\" decoding=\"async\" width=\"1024\" height=\"683\" src=\"https:\/\/diariodominicano.com\/wp-content\/uploads\/2024\/12\/Imagen-2-1-1024x683.jpeg\" alt=\"\" class=\"wp-image-582996\" srcset=\"https:\/\/diariodominicano.com\/wp-content\/uploads\/2024\/12\/Imagen-2-1-1024x683.jpeg 1024w, https:\/\/diariodominicano.com\/wp-content\/uploads\/2024\/12\/Imagen-2-1-300x200.jpeg 300w, https:\/\/diariodominicano.com\/wp-content\/uploads\/2024\/12\/Imagen-2-1-768x512.jpeg 768w, https:\/\/diariodominicano.com\/wp-content\/uploads\/2024\/12\/Imagen-2-1-1536x1024.jpeg 1536w, https:\/\/diariodominicano.com\/wp-content\/uploads\/2024\/12\/Imagen-2-1-2048x1366.jpeg 2048w, https:\/\/diariodominicano.com\/wp-content\/uploads\/2024\/12\/Imagen-2-1-816x544.jpeg 816w\" sizes=\"auto, (max-width: 1024px) 100vw, 1024px\" \/><\/figure>\n\n\n\n<p>Dijo que el PLD est\u00e1 de pie, con una militancia firme y comprometida a continuar la obra de Juan Bosch y los ideales de Juan Pablo Duarte, para seguir transformando la Rep\u00fablica Dominicana.<\/p>\n\n\n\n<p>\u201cEl PLD debe sentirse orgulloso, porque ha trabajado en la direcci\u00f3n que quiso su l\u00edder y fundador.&nbsp; Si Juan Bosch estuviera vivo, estar\u00eda orgulloso de la obra que ha hecho su partido, que ha transformado la Rep\u00fablica Dominicana y la va a seguir transformando hasta cumplir el ideario del Partido de la Liberaci\u00f3n Dominicana de completar la obra de Juan Pablo Duarte\u201d, puntualiz\u00f3 Danilo Medina.<\/p>\n\n\n\n<figure class=\"wp-block-image size-large\"><img loading=\"lazy\" decoding=\"async\" width=\"1024\" height=\"683\" src=\"https:\/\/diariodominicano.com\/wp-content\/uploads\/2024\/12\/Image-n-74-1024x683.jpeg\" alt=\"\" class=\"wp-image-582998\" srcset=\"https:\/\/diariodominicano.com\/wp-content\/uploads\/2024\/12\/Image-n-74-1024x683.jpeg 1024w, https:\/\/diariodominicano.com\/wp-content\/uploads\/2024\/12\/Image-n-74-300x200.jpeg 300w, https:\/\/diariodominicano.com\/wp-content\/uploads\/2024\/12\/Image-n-74-768x512.jpeg 768w, https:\/\/diariodominicano.com\/wp-content\/uploads\/2024\/12\/Image-n-74-1536x1024.jpeg 1536w, https:\/\/diariodominicano.com\/wp-content\/uploads\/2024\/12\/Image-n-74-2048x1366.jpeg 2048w, https:\/\/diariodominicano.com\/wp-content\/uploads\/2024\/12\/Image-n-74-816x544.jpeg 816w\" sizes=\"auto, (max-width: 1024px) 100vw, 1024px\" \/><\/figure>\n\n\n\n<p><strong>Flavia Garc\u00eda Resalta el Legado de Juan Bosch en el 51 Aniversario del PLD<\/strong><\/p>\n\n\n\n<p>En la conmemoraci\u00f3n del 51 aniversario de la fundaci\u00f3n del Partido de la Liberaci\u00f3n Dominicana (PLD), Flavia Garc\u00eda, miembro del Comit\u00e9 Central y esposa de Euclides Guti\u00e9rrez F\u00e9lix, habl\u00f3 en representaci\u00f3n de este, destacando el legado de valent\u00eda, fortaleza y compromiso que han caracterizado tanto al partido como a su compa\u00f1ero de vida en toda su trayectoria.<\/p>\n\n\n\n<p>En su intervenci\u00f3n, Garc\u00eda transmiti\u00f3 el mensaje de Euclides Guti\u00e9rrez F\u00e9lix, recordando la importancia de la fundaci\u00f3n del PLD en 1973, liderada por el profesor Juan Bosch.<\/p>\n\n\n\n<p>&nbsp;\u201cCelebramos hoy una de las fechas pol\u00edticas m\u00e1s importantes de la \u00e9poca contempor\u00e1nea dominicana, el nacimiento del PLD, junto a una de las figuras intelectuales y pol\u00edticas m\u00e1s trascendentales de nuestra historia\u201d, expres\u00f3 Garc\u00eda.<\/p>\n\n\n\n<p>El acto, que cont\u00f3 con la participaci\u00f3n del presidente del PLD, Danilo Medina, el secretario general Johnny Pujols, y representantes de los comit\u00e9s Pol\u00edtico y Central, sirvi\u00f3 de espacio para reflexionar sobre los desaf\u00edos actuales del pa\u00eds y reafirmar el compromiso de la organizaci\u00f3n con el pueblo dominicano.<\/p>\n\n\n\n<p>En el mensaje transmitido por Garc\u00eda, Euclides Guti\u00e9rrez F\u00e9lix subray\u00f3 el car\u00e1cter visionario de Juan Bosch, quien dedic\u00f3 su vida a combatir la pobreza y las desigualdades sociales.<\/p>\n\n\n\n<p>\u201cJuan Bosch dej\u00f3 una herencia y una responsabilidad para que esta organizaci\u00f3n admirable, valiente y responsable termine de hacer realidad la obra de los fundadores de la Rep\u00fablica. Hagamos conciencia del momento dram\u00e1tico que vive nuestra naci\u00f3n\u201d, expresa Guti\u00e9rrez F\u00e9lix en el texto le\u00eddo por Flavia Garc\u00eda.<\/p>\n\n\n\n<p>Asimismo, se enfatiz\u00f3 el llamamiento a la unidad del partido para enfrentar los retos pol\u00edticos y sociales del momento y, con miras al 2028, retomar el liderazgo en la conducci\u00f3n del pa\u00eds.<\/p>\n\n\n\n<p>Reiter\u00f3 que el PLD es la \u00fanica organizaci\u00f3n pol\u00edtica capaz de encauzar al pueblo dominicano para completar la obra de Duarte, S\u00e1nchez y Mella, y garantizar un futuro de bienestar para nuestra naci\u00f3n.<\/p>\n\n\n\n<p>El mensaje de Guti\u00e9rrez F\u00e9lix concluy\u00f3 con una emotiva reafirmaci\u00f3n de los valores fundamentales del partido, reflejados en la consigna \u201cServir al Partido para servir al Pueblo\u201d, y un homenaje al maestro Juan Bosch, cuyo legado sigue siendo gu\u00eda e inspiraci\u00f3n para el PLD.<\/p>\n\n\n\n<p>Cristina Lizardo present\u00f3 una s\u00edntesis de la hoja de vida de Euclides Guti\u00e9rrez F\u00e9lix y H\u00e9ctor Olivo dio lectura a la Resoluci\u00f3n del X Congreso Ordinario Reinaldo Pared P\u00e9rez que declara a Guti\u00e9rrez F\u00e9lix, Miembro Ad Vitam del Comit\u00e9 Pol\u00edtico del PLD<\/p>\n\n\n\n<p>Danilo Medina, Johnny Pujols y Cristina Lizardo entregaron a Guti\u00e9rrez Feliz el certificado que lo acredita como miembro Ad Vitam del Comit\u00e9 pol\u00edtico del PLD, categor\u00eda que tienen el Profesor Juan Bosch, Reinaldo Pared P\u00e9rez y ahora, Guti\u00e9rrez, F\u00e9lix, tal y como resalt\u00f3 Danilo Medina en su intervenci\u00f3n.<\/p>\n\n\n\n<p><strong>SECRETAR\u00cdA DE COMUNICACIONES<\/strong><\/p>\n\n\n\n<p><strong>15 DE DICIEMBRE, 2024.-<\/strong><\/p>\n","protected":false},"excerpt":{"rendered":"<p>Danilo Medina y Flavia Garc\u00eda&nbsp;resaltan Legado de Juan Bosch en la Conmemoraci\u00f3n del 51 Aniversario de la fundaci\u00f3n del PLD. En un emotivo acto celebrado en el marco del 51 aniversario del&nbsp;Partido de la Liberaci\u00f3n Dominicana (PLD),&nbsp;el presidente de la organizaci\u00f3n,&nbsp;Danilo Medina,&nbsp;destac\u00f3 el valioso legado de&nbsp;Euclides Guti\u00e9rrez F\u00e9lix,&nbsp;reconocido como uno de los pilares fundamentales del [&hellip;]<\/p>\n","protected":false},"author":28,"featured_media":582989,"comment_status":"closed","ping_status":"closed","sticky":true,"template":"","format":"standard","meta":{"footnotes":""},"categories":[36,26,22,27],"tags":[],"class_list":["post-582988","post","type-post","status-publish","format-standard","has-post-thumbnail","hentry","category-hombresmujeresycosas","category-efemerides","category-politica","category-portada"],"_links":{"self":[{"href":"https:\/\/diariodominicano.com\/index.php?rest_route=\/wp\/v2\/posts\/582988","targetHints":{"allow":["GET"]}}],"collection":[{"href":"https:\/\/diariodominicano.com\/index.php?rest_route=\/wp\/v2\/posts"}],"about":[{"href":"https:\/\/diariodominicano.com\/index.php?rest_route=\/wp\/v2\/types\/post"}],"author":[{"embeddable":true,"href":"https:\/\/diariodominicano.com\/index.php?rest_route=\/wp\/v2\/users\/28"}],"replies":[{"embeddable":true,"href":"https:\/\/diariodominicano.com\/index.php?rest_route=%2Fwp%2Fv2%2Fcomments&post=582988"}],"version-history":[{"count":3,"href":"https:\/\/diariodominicano.com\/index.php?rest_route=\/wp\/v2\/posts\/582988\/revisions"}],"predecessor-version":[{"id":582999,"href":"https:\/\/diariodominicano.com\/index.php?rest_route=\/wp\/v2\/posts\/582988\/revisions\/582999"}],"wp:featuredmedia":[{"embeddable":true,"href":"https:\/\/diariodominicano.com\/index.php?rest_route=\/wp\/v2\/media\/582989"}],"wp:attachment":[{"href":"https:\/\/diariodominicano.com\/index.php?rest_route=%2Fwp%2Fv2%2Fmedia&parent=582988"}],"wp:term":[{"taxonomy":"category","embeddable":true,"href":"https:\/\/diariodominicano.com\/index.php?rest_route=%2Fwp%2Fv2%2Fcategories&post=582988"},{"taxonomy":"post_tag","embeddable":true,"href":"https:\/\/diariodominicano.com\/index.php?rest_route=%2Fwp%2Fv2%2Ftags&post=582988"}],"curies":[{"name":"wp","href":"https:\/\/api.w.org\/{rel}","templated":true}]}}