{"id":582979,"date":"2024-12-15T18:46:07","date_gmt":"2024-12-15T22:46:07","guid":{"rendered":"https:\/\/diariodominicano.com\/?p=582979"},"modified":"2024-12-15T18:46:10","modified_gmt":"2024-12-15T22:46:10","slug":"el-pld-en-santiago-realiza-ofrenda-al-profesor-juan-bosch-en-aniversario-del-pld-en-el-mausoleo-que-guarda-restos-del-fundador-en-la-vega","status":"publish","type":"post","link":"https:\/\/diariodominicano.com\/?p=582979","title":{"rendered":"El PLD en Santiago\u00a0realiza Ofrenda al Profesor Juan Bosch en aniversario del PLD en el mausoleo que guarda  restos del fundador en La Vega"},"content":{"rendered":"\n<p><strong>Antonio Pe\u00f1a Mirabal, Presidente Provincial del Partido de la Liberaci\u00f3n Dominicana en Santiago<\/strong>&nbsp;hizo un llamado a la militancia de esa organizaci\u00f3n en la provincia de Santiago a fortalecer las estructuras partidarias en toda la provincia, pero sobre todo, garantizar la unidad de la organizaci\u00f3n, para junto al candidato o candidata presidencial que se escoja, arribar al poder en el 2028, para beneficio del pueblo dominicano.<\/p>\n\n\n\n<figure class=\"wp-block-image size-large\"><img loading=\"lazy\" decoding=\"async\" width=\"1024\" height=\"768\" src=\"https:\/\/diariodominicano.com\/wp-content\/uploads\/2024\/12\/Imagen-5-1-1024x768.jpeg\" alt=\"\" class=\"wp-image-582981\" srcset=\"https:\/\/diariodominicano.com\/wp-content\/uploads\/2024\/12\/Imagen-5-1-1024x768.jpeg 1024w, https:\/\/diariodominicano.com\/wp-content\/uploads\/2024\/12\/Imagen-5-1-300x225.jpeg 300w, https:\/\/diariodominicano.com\/wp-content\/uploads\/2024\/12\/Imagen-5-1-768x576.jpeg 768w, https:\/\/diariodominicano.com\/wp-content\/uploads\/2024\/12\/Imagen-5-1-816x612.jpeg 816w, https:\/\/diariodominicano.com\/wp-content\/uploads\/2024\/12\/Imagen-5-1.jpeg 1280w\" sizes=\"auto, (max-width: 1024px) 100vw, 1024px\" \/><\/figure>\n\n\n\n<p>Pe\u00f1a Mirabal encabez\u00f3 una representaci\u00f3n de dirigentes del PLD quienes participaron en una ofrenda ante el mausoleo del Profesor Juan Bosch en el Cementerio Ornamental de La Vega. &nbsp;<\/p>\n\n\n\n<p>Destac\u00f3 en sus palabras la visi\u00f3n del Prof. Juan Bosch al momento de abandonar el PRD y conformar el partido de la Estrella amarilla.<\/p>\n\n\n\n<p>\u201cEl PLD, en sus 20 a\u00f1os de gobierno, transform\u00f3 y moderniz\u00f3 el pa\u00eds, creando las infraestructuras viales necesarias para impulsar el desarrollo econ\u00f3mico; tambi\u00e9n cre\u00f3 las condiciones necesarias para garantizar la estabilidad macroecon\u00f3mica que disfruta hoy d\u00eda el pa\u00eds\u201d.<\/p>\n\n\n\n<p>Junto a Pe\u00f1a Mirabal participaron los tres presidentes de las tres circunscripciones de Santiago, Johnny Pichardo, Fernando Santos y Santiago Rodr\u00edguez; y la de los presidentes de los municipios de Villa Gonz\u00e1lez, Lito Parra; el de Licey al Medio, Jos\u00e9 Duran; la de Pu\u00f1al, Tercida Franco; el presidente de J\u00e1nico, Dauris Salcedo; de igual forma el presidente del Distrito Municipal Santiago Oeste, Alberto S\u00e1nchez; el del DM Pedro Garc\u00eda, Ram\u00f3n Rodr\u00edguez; la presidenta del DM a Canabacoa, &nbsp;Rosalba Estrella, y la presencia de decenas de miembros del Comit\u00e9 Central y Presidentes de Comit\u00e9s Intermedios, el PLD.<\/p>\n\n\n\n<p><strong>SECRETARIA DE COMUNICACIONES<\/strong><\/p>\n\n\n\n<p><strong>15 DE DICIEMBRE, 2024.-&nbsp;<\/strong><\/p>\n","protected":false},"excerpt":{"rendered":"<p>Antonio Pe\u00f1a Mirabal, Presidente Provincial del Partido de la Liberaci\u00f3n Dominicana en Santiago&nbsp;hizo un llamado a la militancia de esa organizaci\u00f3n en la provincia de Santiago a fortalecer las estructuras partidarias en toda la provincia, pero sobre todo, garantizar la unidad de la organizaci\u00f3n, para junto al candidato o candidata presidencial que se escoja, arribar [&hellip;]<\/p>\n","protected":false},"author":28,"featured_media":582980,"comment_status":"closed","ping_status":"closed","sticky":true,"template":"","format":"standard","meta":{"footnotes":""},"categories":[26,22],"tags":[],"class_list":["post-582979","post","type-post","status-publish","format-standard","has-post-thumbnail","hentry","category-efemerides","category-politica"],"_links":{"self":[{"href":"https:\/\/diariodominicano.com\/index.php?rest_route=\/wp\/v2\/posts\/582979","targetHints":{"allow":["GET"]}}],"collection":[{"href":"https:\/\/diariodominicano.com\/index.php?rest_route=\/wp\/v2\/posts"}],"about":[{"href":"https:\/\/diariodominicano.com\/index.php?rest_route=\/wp\/v2\/types\/post"}],"author":[{"embeddable":true,"href":"https:\/\/diariodominicano.com\/index.php?rest_route=\/wp\/v2\/users\/28"}],"replies":[{"embeddable":true,"href":"https:\/\/diariodominicano.com\/index.php?rest_route=%2Fwp%2Fv2%2Fcomments&post=582979"}],"version-history":[{"count":1,"href":"https:\/\/diariodominicano.com\/index.php?rest_route=\/wp\/v2\/posts\/582979\/revisions"}],"predecessor-version":[{"id":582982,"href":"https:\/\/diariodominicano.com\/index.php?rest_route=\/wp\/v2\/posts\/582979\/revisions\/582982"}],"wp:featuredmedia":[{"embeddable":true,"href":"https:\/\/diariodominicano.com\/index.php?rest_route=\/wp\/v2\/media\/582980"}],"wp:attachment":[{"href":"https:\/\/diariodominicano.com\/index.php?rest_route=%2Fwp%2Fv2%2Fmedia&parent=582979"}],"wp:term":[{"taxonomy":"category","embeddable":true,"href":"https:\/\/diariodominicano.com\/index.php?rest_route=%2Fwp%2Fv2%2Fcategories&post=582979"},{"taxonomy":"post_tag","embeddable":true,"href":"https:\/\/diariodominicano.com\/index.php?rest_route=%2Fwp%2Fv2%2Ftags&post=582979"}],"curies":[{"name":"wp","href":"https:\/\/api.w.org\/{rel}","templated":true}]}}