{"id":582936,"date":"2024-12-15T01:50:55","date_gmt":"2024-12-15T05:50:55","guid":{"rendered":"https:\/\/diariodominicano.com\/?p=582936"},"modified":"2024-12-15T01:56:43","modified_gmt":"2024-12-15T05:56:43","slug":"presidente-abinader-pasa-revista-a-proyectos-y-obras-en-barahona-se-reune-con-empresarios-e-inversionistas","status":"publish","type":"post","link":"https:\/\/diariodominicano.com\/?p=582936","title":{"rendered":"Presidente Abinader encabez\u00f3  el s\u00e1bado una\u00a0mesa de trabajo\u00a0con funcionarios del Gobierno y empresarios de Barahona"},"content":{"rendered":"\n<p>14 de Diciembre 2024 | 17:10<\/p>\n\n\n\n<figure class=\"wp-block-image\"><img decoding=\"async\" src=\"https:\/\/platform-cdn.sharethis.com\/img\/sharethis.svg\" alt=\"sharethis sharing button\"\/><\/figure>\n\n\n\n<p>Barahona.-\u00a0<strong>El presidente Luis Abinader<\/strong>\u00a0encabez\u00f3 el s\u00e1bado una\u00a0<strong>mesa de trabajo<\/strong>\u00a0<strong>con funcionarios del gobierno y empresarios locales<\/strong>, con quienes pas\u00f3 revista a diferentes proyectos que se llevan a cabo en esta provincia como parte del\u00a0<strong>seguimiento a los planes de desarrollo de la regi\u00f3n Enriquillo.\u00a0<\/strong><\/p>\n\n\n\n<p>La noche del viernes el mandatario tambi\u00e9n sostuvo un encuentro con importantes&nbsp;<strong>empresarios e inversionistas interesados<\/strong>&nbsp;en el desarrollo de dicha regi\u00f3n.<\/p>\n\n\n\n<p>Durante una breve conversaci\u00f3n con los medios de prensa, el presidente Abinader se mostr\u00f3 optimista con los planes de desarrollo de Barahona, al tiempo de indicar que&nbsp;<strong>continuar\u00e1 apoyando los proyectos para bien de toda la regi\u00f3n.<\/strong><\/p>\n\n\n\n<p><em>\u00abEstamos construyendo el muelle tur\u00edstico de aqu\u00ed de Barahona; hay otros proyectos muy interesantes que se est\u00e1n construyendo y van a haber muchos m\u00e1s, apoyando el sector p\u00fablico o los que desarrolla el sector privado\u00bb<\/em>&nbsp;indic\u00f3.<\/p>\n\n\n\n<p>El jefe de Estado comunic\u00f3 que las \u00e1reas a ser impactadas en la provincia ser\u00e1n las del&nbsp;<strong>sector inmobiliario y hotelero<\/strong>, donde se espera que haya&nbsp;<strong>11 proyectos para ejecutarse.&nbsp;<\/strong><\/p>\n\n\n\n<p>Tambi\u00e9n se refiri\u00f3 a la construcci\u00f3n del mercado, respecto a lo cual indic\u00f3 que&nbsp;<em>\u201cah\u00ed debe haber una soluci\u00f3n dual. Un mercado m\u00e1s tur\u00edstico en el centro de la ciudad y una especie de mercado, ya m\u00e1s hacia el norte, un mercado m\u00e1s popular\u00bb<\/em>, expres\u00f3 el mandatario.<\/p>\n\n\n\n<p>En ese sentido, explic\u00f3 que se encuentran actualmente en el dise\u00f1o y se tiene que llegar a un&nbsp;<strong>consenso con los vendedores<\/strong>&nbsp;para poder identificar la&nbsp;<strong>ubicaci\u00f3n de cada uno.&nbsp;<\/strong><\/p>\n\n\n\n<p>El presidente Abinader se mostr\u00f3 de acuerdo con que deben existir&nbsp;<strong>cambios de regulaciones<\/strong>&nbsp;para que puedan desarrollarse en mejor medida los proyectos de desarrollo social y econ\u00f3mico de la provincia Barahona.<\/p>\n\n\n\n<p><strong>Encabeza graduaci\u00f3n de 1,645 j\u00f3venes del programa Oportunidad 14-24 regi\u00f3n Suroeste<\/strong><\/p>\n\n\n\n<figure class=\"wp-block-image\"><img decoding=\"async\" src=\"https:\/\/presidencia.gob.do\/sites\/default\/files\/inline-images\/WhatsApp%20Image%202024-12-14%20at%2017.02.28.jpeg\" alt=\"\"\/><\/figure>\n\n\n\n<p>Posteriormente, el presidente Abinader encabez\u00f3 la&nbsp;<strong>Sexta Graduaci\u00f3n Ordinaria del Programa Oportunidad 14-24<\/strong>, en el Auditorio Antonio M\u00e9ndez del Centro UASD-Barahona, donde&nbsp;<strong>1,645 j\u00f3venes<\/strong>&nbsp;provenientes de las provincias Bahoruco, Barahona, Independencia, Pedernales, Azua, El\u00edas Pi\u00f1a y San Juan recibieron sus&nbsp;<strong>certificados de formaci\u00f3n t\u00e9cnico-profesional<\/strong>.<\/p>\n\n\n\n<p>El mandatario expres\u00f3 su&nbsp;<strong>felicitaci\u00f3n<\/strong>&nbsp;a los j\u00f3venes por escoger el camino de la formaci\u00f3n, la luz y el progreso sano, adem\u00e1s de exhortar a la juventud dominicana para que, al igual que los graduandos, tomen el camino inteligente,<em>&nbsp;\u00abque es el camino del estudio para el trabajo, que realmente les va a dar los resultados positivos a ustedes y a sus familias\u00bb<\/em>, por lo que dijo sentirse orgulloso de ellos.<\/p>\n\n\n\n<p>En el acto, el coordinador del Gabinete de Pol\u00edtica Social,&nbsp;<strong>Tony Pe\u00f1a,<\/strong>&nbsp;y el director ejecutivo del Programa Oportunidad 14-24,&nbsp;<strong>Alex Mord\u00e1n<\/strong>, enfatizaron que, a trav\u00e9s del programa que ha impactado a&nbsp;<strong>m\u00e1s de 12,000 j\u00f3venes en sus cuatro a\u00f1os<\/strong>&nbsp;<strong>de funcionamiento<\/strong>, se han transformado sus vidas, al ofrecer no s\u00f3lo capacitaci\u00f3n t\u00e9cnica, sino tambi\u00e9n la&nbsp;<strong>esperanza de un futuro mejor<\/strong>.<\/p>\n\n\n\n<p>Los graduandos completaron las rutas formativas en \u00e1reas como: mantenimiento de habitaciones (camarista), recepci\u00f3n hotelera, inform\u00e1tica, peluquer\u00eda masculina y para damas, formaci\u00f3n en ventas, secretariado, contabilidad, cajero comercial, electricidad, panader\u00eda y reposter\u00eda, farmac\u00e9utico b\u00e1sico, decoraci\u00f3n y dise\u00f1o de eventos y cursos de ingl\u00e9s.<\/p>\n\n\n\n<p><strong>Recorrido por la zona costera<\/strong><\/p>\n\n\n\n<p>Previamente, el mandatario realiz\u00f3 un&nbsp;<strong>recorrido por la zona costera de Barahona,<\/strong>&nbsp;donde supervis\u00f3 las diferentes obras que est\u00e1n ejecutando&nbsp;<strong>empresarios privados<\/strong>&nbsp;para beneficio de la provincia.&nbsp;<\/p>\n\n\n\n<p>All\u00ed el presidente Abinader fue observando los diferentes paisajes donde se estar\u00e1n ejecutando los proyectos y conversando con los empresarios sobre su&nbsp;<strong>ejecuci\u00f3n e impacto<\/strong>&nbsp;en la poblaci\u00f3n.&nbsp;<\/p>\n\n\n\n<p>En su visita a Barahona, el presidente Abinader estuvo acompa\u00f1ado por los ministros, de Obras P\u00fablicas,&nbsp;<strong>Deligne Ascensi\u00f3n<\/strong>; de Vivienda y Edificaciones,&nbsp;<strong>Carlos Bonilla<\/strong>; de Medio Ambiente,&nbsp;<strong>Pa\u00edno Henr\u00edquez<\/strong>; el presidente ejecutivo del Banco de Reservas,&nbsp;<strong>Samuel Pereyra<\/strong>; su vicepresidente&nbsp;<strong>Ysidro Garcia<\/strong>; la gobernadora de Barahona,&nbsp;<strong>Genara Gonz\u00e1lez<\/strong>; el senador por la provincia,&nbsp;<strong>Mois\u00e9s Ayala,<\/strong>&nbsp;y el exsenador de Santiago,&nbsp;<strong>Eduardo Estrella<\/strong>.&nbsp;<\/p>\n\n\n\n<p>Tambi\u00e9n, los directores, de Autoridad Portuaria, Jean Luis Rodr\u00edguez; de los Comedores Econ\u00f3micos, Edgar F\u00e9liz; del Instituto para el Desarrollo del Suroeste (INDESUR), Noel Octavio Suberv\u00ed; el alcalde del municipio de Barahona, Victor Fern\u00e1ndez; los diputados, Jos\u00e9 Montero, Sara F\u00e9liz y Aquiles Ledesma; el viceministro de Supervisi\u00f3n (MOPC), Roberto Herrera; en representaci\u00f3n del ministro de Turismo, David Collado, Carlos Peguero, Arq. Am\u00edn Abel Santos y Arq. Nicole Polanco.&nbsp;<\/p>\n\n\n\n<p>De igual forma, German P\u00e9rez, Julio Vargas, Pedro Nicol\u00e1s Vargas, Freddy D\u00edaz, Manuel Toral, Guaroa V\u00e1squez, Juan Francisco Lafaontaine, Manuel Jerez, Luz P\u00e9rez, Natanael Guti\u00e9rrez, \u00c1ngel F\u00e9liz, Juan Mustaf\u00e1 y Jose Manuel Almonte.<\/p>\n\n\n\n<p>Con informaci\u00f3n de la Presidencia de la Rep\u00fablica Dominicana.<\/p>\n\n\n\n<p>#Barahona\u2003\u2003\u2003\u2003\u2002#Luis Abinader<\/p>\n","protected":false},"excerpt":{"rendered":"<p>14 de Diciembre 2024 | 17:10 Barahona.-\u00a0El presidente Luis Abinader\u00a0encabez\u00f3 el s\u00e1bado una\u00a0mesa de trabajo\u00a0con funcionarios del gobierno y empresarios locales, con quienes pas\u00f3 revista a diferentes proyectos que se llevan a cabo en esta provincia como parte del\u00a0seguimiento a los planes de desarrollo de la regi\u00f3n Enriquillo.\u00a0 La noche del viernes el mandatario tambi\u00e9n [&hellip;]<\/p>\n","protected":false},"author":28,"featured_media":582937,"comment_status":"closed","ping_status":"closed","sticky":true,"template":"","format":"standard","meta":{"footnotes":""},"categories":[20,18],"tags":[],"class_list":["post-582936","post","type-post","status-publish","format-standard","has-post-thumbnail","hentry","category-dominicana-hoy","category-economia"],"_links":{"self":[{"href":"https:\/\/diariodominicano.com\/index.php?rest_route=\/wp\/v2\/posts\/582936","targetHints":{"allow":["GET"]}}],"collection":[{"href":"https:\/\/diariodominicano.com\/index.php?rest_route=\/wp\/v2\/posts"}],"about":[{"href":"https:\/\/diariodominicano.com\/index.php?rest_route=\/wp\/v2\/types\/post"}],"author":[{"embeddable":true,"href":"https:\/\/diariodominicano.com\/index.php?rest_route=\/wp\/v2\/users\/28"}],"replies":[{"embeddable":true,"href":"https:\/\/diariodominicano.com\/index.php?rest_route=%2Fwp%2Fv2%2Fcomments&post=582936"}],"version-history":[{"count":4,"href":"https:\/\/diariodominicano.com\/index.php?rest_route=\/wp\/v2\/posts\/582936\/revisions"}],"predecessor-version":[{"id":582943,"href":"https:\/\/diariodominicano.com\/index.php?rest_route=\/wp\/v2\/posts\/582936\/revisions\/582943"}],"wp:featuredmedia":[{"embeddable":true,"href":"https:\/\/diariodominicano.com\/index.php?rest_route=\/wp\/v2\/media\/582937"}],"wp:attachment":[{"href":"https:\/\/diariodominicano.com\/index.php?rest_route=%2Fwp%2Fv2%2Fmedia&parent=582936"}],"wp:term":[{"taxonomy":"category","embeddable":true,"href":"https:\/\/diariodominicano.com\/index.php?rest_route=%2Fwp%2Fv2%2Fcategories&post=582936"},{"taxonomy":"post_tag","embeddable":true,"href":"https:\/\/diariodominicano.com\/index.php?rest_route=%2Fwp%2Fv2%2Ftags&post=582936"}],"curies":[{"name":"wp","href":"https:\/\/api.w.org\/{rel}","templated":true}]}}