{"id":582929,"date":"2024-12-15T01:45:03","date_gmt":"2024-12-15T05:45:03","guid":{"rendered":"https:\/\/diariodominicano.com\/?p=582929"},"modified":"2024-12-15T01:49:12","modified_gmt":"2024-12-15T05:49:12","slug":"presidente-abinader-entrega-450-titulos-de-propiedad-en-las-clavellinas-de-azua","status":"publish","type":"post","link":"https:\/\/diariodominicano.com\/?p=582929","title":{"rendered":"Abinader entrega 450 t\u00edtulos de propiedad en Las Clavellinas de Azua"},"content":{"rendered":"\n<p>14 de Diciembre 2024 | 17:13<\/p>\n\n\n\n<figure class=\"wp-block-image\"><img decoding=\"async\" src=\"https:\/\/platform-cdn.sharethis.com\/img\/sharethis.svg\" alt=\"sharethis sharing button\"\/><\/figure>\n\n\n\n<p>Azua.-\u00a0<strong>El presidente Luis Abinader<\/strong>\u00a0concluy\u00f3 su\u00a0<strong>agenda de trabajo<\/strong>\u00a0el  s\u00e1bado con la entrega de\u00a0<strong>450 t\u00edtulos de propiedad\u00a0<\/strong>para beneficiar a\u00a0<strong>2,404 personas<\/strong>\u00a0en el distrito municipal\u00a0<strong>Las Clavellinas,\u00a0<\/strong>en provincia de<strong>\u00a0Azua<\/strong>.<\/p>\n\n\n\n<p>Al dirigirse a los beneficiarios, el jefe de Estado anunci\u00f3 que el&nbsp;<strong>pr\u00f3ximo a\u00f1o se entregar\u00e1n decenas de miles de t\u00edtulos<\/strong>&nbsp;en todo el territorio nacional, para llevar la felicidad que hoy tienen quienes los recibieron.<\/p>\n\n\n\n<p>Llam\u00f3 a los beneficiarios a cuidar sus t\u00edtulos porque desde el momento en que les fueron entregadas, sus propiedades triplicaron el valor.&nbsp;<\/p>\n\n\n\n<p><em>\u00abPero, adem\u00e1s, ustedes podr\u00e1n hacer una segunda planta para su familia, para rentarla o para poner un negocito en la parte delantera, porque ya ustedes entran en la parte de la formalizaci\u00f3n de la econom\u00eda\u00bb,<\/em>&nbsp;expres\u00f3.&nbsp;<\/p>\n\n\n\n<p>Reiter\u00f3 la importancia de ese proyecto porque con \u00e9l&nbsp;<strong>se cambia la vida de los beneficiarios.<\/strong><\/p>\n\n\n\n<p>Dijo que a entrega se realiz\u00f3 en esta fecha porque es&nbsp;<strong>el mejor regalo para las familias beneficiadas.<\/strong><\/p>\n\n\n\n<p><em>\u00abAs\u00ed que, este es el regalo que traemos de Navidad y tambi\u00e9n de A\u00f1o Nuevo. Y cuiden sus t\u00edtulos; cuiden su propiedad porque ahora es verdaderamente de ustedes y pueden hacer todas esas cosas que les dije\u00bb,<\/em>&nbsp;manifest\u00f3.&nbsp;<\/p>\n\n\n\n<p><strong>Titulaci\u00f3n en Azua<\/strong><\/p>\n\n\n\n<figure class=\"wp-block-image\"><img decoding=\"async\" src=\"https:\/\/presidencia.gob.do\/sites\/default\/files\/inline-images\/WhatsApp%20Image%202024-12-14%20at%2017.03.15%20%282%29.jpeg\" alt=\"\"\/><\/figure>\n\n\n\n<p>Con el proyecto total se entregar\u00e1 los t\u00edtulos a&nbsp;<strong>601 beneficiarios<\/strong>, en un \u00e1rea geogr\u00e1fica de 615,279.79 metros cuadrados.<\/p>\n\n\n\n<p><strong>Este proceso ahorr\u00f3 un total de RD 48,080,000.00&nbsp;<\/strong>a los beneficiarios, dijo el director de la Unidad T\u00e9cnica Ejecutora de Titulaci\u00f3n de Terrenos del Estado (Utect),&nbsp;<strong>Duarte M\u00e9ndez<\/strong>.<\/p>\n\n\n\n<p><em>\u00abY es que si ustedes hubiesen decidido realizar de manera privada los trabajos hubiesen tenido que pagar como m\u00ednimo RD 80,000.00, por cada vivienda o solar que ustedes ocupan y hoy los recibir\u00e1n de manera gratuita de manos de nuestro presidente Luis Abinader\u00bb<\/em>, expres\u00f3.<\/p>\n\n\n\n<p>Resalt\u00f3 que, con los que fueron entregados este s\u00e1bado, en la provincia Azua se totalizan 9,824 beneficiados, quienes recibieron los certificados de propiedad de sus terrenos de manos del presidente Luis Abinader.<\/p>\n\n\n\n<p>M\u00e9ndez adelant\u00f3 que trabajan para\u00a0 entregar en 2025\u00a0<strong>otros 4,317 nuevos t\u00edtulos en esta provincia.<\/strong><\/p>\n\n\n\n<p>Con informaci\u00f3n de la Presidencia de la Rep\u00fablica Dominicana.<\/p>\n\n\n\n<p>#Abinader\u2003\u2003\u2003\u2003 #T\u00edtulos de propiedad<\/p>\n","protected":false},"excerpt":{"rendered":"<p>14 de Diciembre 2024 | 17:13 Azua.-\u00a0El presidente Luis Abinader\u00a0concluy\u00f3 su\u00a0agenda de trabajo\u00a0el s\u00e1bado con la entrega de\u00a0450 t\u00edtulos de propiedad\u00a0para beneficiar a\u00a02,404 personas\u00a0en el distrito municipal\u00a0Las Clavellinas,\u00a0en provincia de\u00a0Azua. Al dirigirse a los beneficiarios, el jefe de Estado anunci\u00f3 que el&nbsp;pr\u00f3ximo a\u00f1o se entregar\u00e1n decenas de miles de t\u00edtulos&nbsp;en todo el territorio nacional, para [&hellip;]<\/p>\n","protected":false},"author":28,"featured_media":582930,"comment_status":"closed","ping_status":"closed","sticky":true,"template":"","format":"standard","meta":{"footnotes":""},"categories":[20,27],"tags":[],"class_list":["post-582929","post","type-post","status-publish","format-standard","has-post-thumbnail","hentry","category-dominicana-hoy","category-portada"],"_links":{"self":[{"href":"https:\/\/diariodominicano.com\/index.php?rest_route=\/wp\/v2\/posts\/582929","targetHints":{"allow":["GET"]}}],"collection":[{"href":"https:\/\/diariodominicano.com\/index.php?rest_route=\/wp\/v2\/posts"}],"about":[{"href":"https:\/\/diariodominicano.com\/index.php?rest_route=\/wp\/v2\/types\/post"}],"author":[{"embeddable":true,"href":"https:\/\/diariodominicano.com\/index.php?rest_route=\/wp\/v2\/users\/28"}],"replies":[{"embeddable":true,"href":"https:\/\/diariodominicano.com\/index.php?rest_route=%2Fwp%2Fv2%2Fcomments&post=582929"}],"version-history":[{"count":3,"href":"https:\/\/diariodominicano.com\/index.php?rest_route=\/wp\/v2\/posts\/582929\/revisions"}],"predecessor-version":[{"id":582935,"href":"https:\/\/diariodominicano.com\/index.php?rest_route=\/wp\/v2\/posts\/582929\/revisions\/582935"}],"wp:featuredmedia":[{"embeddable":true,"href":"https:\/\/diariodominicano.com\/index.php?rest_route=\/wp\/v2\/media\/582930"}],"wp:attachment":[{"href":"https:\/\/diariodominicano.com\/index.php?rest_route=%2Fwp%2Fv2%2Fmedia&parent=582929"}],"wp:term":[{"taxonomy":"category","embeddable":true,"href":"https:\/\/diariodominicano.com\/index.php?rest_route=%2Fwp%2Fv2%2Fcategories&post=582929"},{"taxonomy":"post_tag","embeddable":true,"href":"https:\/\/diariodominicano.com\/index.php?rest_route=%2Fwp%2Fv2%2Ftags&post=582929"}],"curies":[{"name":"wp","href":"https:\/\/api.w.org\/{rel}","templated":true}]}}