{"id":582927,"date":"2024-12-15T01:41:57","date_gmt":"2024-12-15T05:41:57","guid":{"rendered":"https:\/\/diariodominicano.com\/?p=582927"},"modified":"2024-12-15T01:42:03","modified_gmt":"2024-12-15T05:42:03","slug":"cumbre-del-alba-tcp-culmina-con-nuevos-acuerdos-de-cooperacion-en-agricultura-energia-y-comercio","status":"publish","type":"post","link":"https:\/\/diariodominicano.com\/?p=582927","title":{"rendered":"Cumbre del ALBA-TCP culmina con nuevos acuerdos de cooperaci\u00f3n en agricultura, energ\u00eda y comercio"},"content":{"rendered":"\n<p><em>spanish.news.cn<\/em>|<em>&nbsp;2024-12-15 10:29:00<\/em>|<\/p>\n\n\n\n<p>CARACAS, 14 dic (Xinhua) &#8212; La XXIV Cumbre de Jefes de Estado de la Alianza Bolivariana para los Pueblos de Nuestra Am\u00e9rica-Tratado de Comercio de los Pueblos (ALBA-TCP) culmin\u00f3 este s\u00e1bado con importantes acuerdos de cooperaci\u00f3n en las \u00e1reas de la agricultura, la energ\u00eda y el comercio.<\/p>\n\n\n\n<p>En la reuni\u00f3n efectuada en Caracas, los mandatarios y jefes de delegaci\u00f3n de los pa\u00edses miembros del ALBA-TCP, suscribieron un acuerdo para el intercambio en agricultura denominado AgroAlba.<\/p>\n\n\n\n<p>AgroAlba tendr\u00e1 el objetivo de fortalecer \u00abla producci\u00f3n, el abastecimiento y la seguridad alimentaria\u00bb entre los pa\u00edses integrantes del bloque, asegur\u00f3 el presidente venezolano Nicol\u00e1s Maduro.<\/p>\n\n\n\n<p>El proyecto integrar\u00e1, no s\u00f3lo a los pa\u00edses del ALBA-TCP, sino tambi\u00e9n a otras naciones de Am\u00e9rica Latina y el Caribe y del continente africano.<\/p>\n\n\n\n<p>\u00abEsta iniciativa de AgroAlba es un excelente ejemplo de un proyecto innovador con el potencial para transformar el panorama agr\u00edcola entre los miembros del ALBA\u00bb, se\u00f1al\u00f3 en su intervenci\u00f3n el Primer Ministro de Antigua y Barbuda, Gaston Browne.<\/p>\n\n\n\n<p>\u00abAgroAlba es una iniciativa ganar-ganar, que se basa en el desarrollo productivo y sustentable de nuestros pa\u00edses dentro de una perspectiva geopol\u00edtica compartida que promueve la consolidaci\u00f3n de la independencia econ\u00f3mica\u00bb, agreg\u00f3 Browne.<\/p>\n\n\n\n<p>El presidente venezolano Maduro tambi\u00e9n detall\u00f3 que los pa\u00edses del ALBA-TCP hab\u00edan acordado avanzar hacia una nueva etapa del proyecto de cooperaci\u00f3n energ\u00e9tica llamado PetroCaribe.<\/p>\n\n\n\n<p>Maduro indic\u00f3 que se trataba de una nueva \u00abmodalidad productiva, para que juntos vayamos a invertir y producir petr\u00f3leo, gas y derivados en empresas conjuntos\u00bb.<\/p>\n\n\n\n<p>\u00abLos grandes campos de la Faja Petrol\u00edfera del Orinoco se convertir\u00e1n en epicentro del desarrollo de un gran proyecto, de una nueva etapa productiva de PetroCaribe\u00bb, indic\u00f3 Maduro al respecto.<\/p>\n\n\n\n<p>El mandatario venezolano tambi\u00e9n destac\u00f3 los acuerdos del bloque para avanzar en la firma de acuerdos comerciales y retomar el proyecto de la moneda com\u00fan de intercambio, denominada Sucre.<\/p>\n\n\n\n<p>En el \u00e1rea econ\u00f3mica, Maduro dijo que estaban avanzando en los \u00abelementos fundamentales para la firma del Tratado de Comercio de los Pueblos\u00bb, para as\u00ed, incrementar las facilidades de comercio entre los pa\u00edses del bloque.<\/p>\n\n\n\n<p>En el plano pol\u00edtico, los jefes de delegaciones de los pa\u00edses parte del ALBA-TCP, resaltaron la importancia de la Alianza para la regi\u00f3n.<\/p>\n\n\n\n<p>El presidente boliviano Luis Arce se\u00f1al\u00f3 que, \u00abel ALBA-TCP es m\u00e1s que un proyecto pol\u00edtico, es un s\u00edmbolo de resistencia viva ante las injusticias y la dominaci\u00f3n\u00bb.<\/p>\n\n\n\n<p>A su vez, el presidente cubano Miguel D\u00edaz-Canel, indic\u00f3 que la \u00abf\u00e9rrea voluntad\u00bb de los pa\u00edses de la Alianza, permiti\u00f3 que \u00abse consolidara en un proceso de integraci\u00f3n inclusivo, que se distingue en la coordinaci\u00f3n de acciones para hacerle frente a los peligros comunes\u00bb.<\/p>\n\n\n\n<p>En la Cumbre del ALBA-TCP, que culmin\u00f3 hoy, en la capital venezolana, participan como invitados, adem\u00e1s de los 10 pa\u00edses del bloque, Hait\u00ed, Honduras y Palestina.<\/p>\n\n\n\n<p>ALBA-TCP est\u00e1 integrado por Bolivia, Nicaragua, Dominica, Antigua y Barbuda, San Vicente y las Granadinas, Santa Luc\u00eda, San Crist\u00f3bal y Nieves, Grenada, Cuba y Venezuela.&nbsp;<\/p>\n","protected":false},"excerpt":{"rendered":"<p>spanish.news.cn|&nbsp;2024-12-15 10:29:00| CARACAS, 14 dic (Xinhua) &#8212; La XXIV Cumbre de Jefes de Estado de la Alianza Bolivariana para los Pueblos de Nuestra Am\u00e9rica-Tratado de Comercio de los Pueblos (ALBA-TCP) culmin\u00f3 este s\u00e1bado con importantes acuerdos de cooperaci\u00f3n en las \u00e1reas de la agricultura, la energ\u00eda y el comercio. En la reuni\u00f3n efectuada en Caracas, [&hellip;]<\/p>\n","protected":false},"author":28,"featured_media":0,"comment_status":"closed","ping_status":"closed","sticky":true,"template":"","format":"standard","meta":{"footnotes":""},"categories":[36,23],"tags":[],"class_list":["post-582927","post","type-post","status-publish","format-standard","hentry","category-hombresmujeresycosas","category-internacional"],"_links":{"self":[{"href":"https:\/\/diariodominicano.com\/index.php?rest_route=\/wp\/v2\/posts\/582927","targetHints":{"allow":["GET"]}}],"collection":[{"href":"https:\/\/diariodominicano.com\/index.php?rest_route=\/wp\/v2\/posts"}],"about":[{"href":"https:\/\/diariodominicano.com\/index.php?rest_route=\/wp\/v2\/types\/post"}],"author":[{"embeddable":true,"href":"https:\/\/diariodominicano.com\/index.php?rest_route=\/wp\/v2\/users\/28"}],"replies":[{"embeddable":true,"href":"https:\/\/diariodominicano.com\/index.php?rest_route=%2Fwp%2Fv2%2Fcomments&post=582927"}],"version-history":[{"count":1,"href":"https:\/\/diariodominicano.com\/index.php?rest_route=\/wp\/v2\/posts\/582927\/revisions"}],"predecessor-version":[{"id":582928,"href":"https:\/\/diariodominicano.com\/index.php?rest_route=\/wp\/v2\/posts\/582927\/revisions\/582928"}],"wp:attachment":[{"href":"https:\/\/diariodominicano.com\/index.php?rest_route=%2Fwp%2Fv2%2Fmedia&parent=582927"}],"wp:term":[{"taxonomy":"category","embeddable":true,"href":"https:\/\/diariodominicano.com\/index.php?rest_route=%2Fwp%2Fv2%2Fcategories&post=582927"},{"taxonomy":"post_tag","embeddable":true,"href":"https:\/\/diariodominicano.com\/index.php?rest_route=%2Fwp%2Fv2%2Ftags&post=582927"}],"curies":[{"name":"wp","href":"https:\/\/api.w.org\/{rel}","templated":true}]}}