{"id":582921,"date":"2024-12-15T01:36:54","date_gmt":"2024-12-15T05:36:54","guid":{"rendered":"https:\/\/diariodominicano.com\/?p=582921"},"modified":"2024-12-15T01:36:59","modified_gmt":"2024-12-15T05:36:59","slug":"recibe-raul-castro-en-cuba-a-alto-jefe-militar-de-china","status":"publish","type":"post","link":"https:\/\/diariodominicano.com\/?p=582921","title":{"rendered":"Recibe Ra\u00fal Castro en Cuba a alto jefe militar de China"},"content":{"rendered":"\n<p>La Habana, 14 dic (Prensa Latina) El l\u00edder de la Revoluci\u00f3n cubana General de Ej\u00e9rcito Ra\u00fal Castro recibi\u00f3 hoy en esta capital al Coronel General He Weidong, vicepresidente de la Comisi\u00f3n Militar Central de China.<\/p>\n\n\n\n<ul class=\"wp-block-list\">\n<li><a href=\"https:\/\/www.prensa-latina.cu\/2024\/12\/14\/\"><time>diciembre 14, 2024 | 14:00<\/time><\/a><\/li>\n<\/ul>\n\n\n\n<ul class=\"wp-block-list\">\n<li><a href=\"https:\/\/www.prensa-latina.cu\/2024\/12\/14\/recibe-raul-castro-en-cuba-a-alto-jefe-militar-de-china\/#\"><\/a><\/li>\n\n\n\n<li><a href=\"https:\/\/www.prensa-latina.cu\/2024\/12\/14\/recibe-raul-castro-en-cuba-a-alto-jefe-militar-de-china\/#\"><\/a><\/li>\n\n\n\n<li><a href=\"https:\/\/www.prensa-latina.cu\/2024\/12\/14\/recibe-raul-castro-en-cuba-a-alto-jefe-militar-de-china\/#\"><\/a><\/li>\n\n\n\n<li><a href=\"https:\/\/www.prensa-latina.cu\/2024\/12\/14\/recibe-raul-castro-en-cuba-a-alto-jefe-militar-de-china\/#\"><\/a><\/li>\n<\/ul>\n\n\n\n<p>En el encuentro ambos interlocutores constataron el excelente estado de las relaciones entre ambos pueblos, partidos, gobiernos y fuerzas armadas.<\/p>\n\n\n\n<p>Ra\u00fal Castro aprovech\u00f3 esta visita oficial para transmitir un fuerte abrazo al presidente del esa naci\u00f3n asi\u00e1tica, Xi Jinping.<\/p>\n\n\n\n<p>Por la parte cubana estuvo presente el ministro de las Fuerzas Armadas Revolucionarias, General de Cuerpo de Ej\u00e9rcito \u00c1lvaro L\u00f3pez Miera.<\/p>\n\n\n\n<p>Junto al visitante participaron Hua Xin, embajador de la Rep\u00fablica Popular China en Cuba y otros miembros de la delegaci\u00f3n que acompa\u00f1a a He Weidong.<\/p>\n\n\n\n<p>La v\u00edspera, el militar chino se entrevist\u00f3 con el presidente Miguel D\u00edaz-Canel en el Palacio de la Revoluci\u00f3n, sede del ejecutivo.<\/p>\n\n\n\n<p>En el encuentro, el mandatario cubano resalt\u00f3 que en ambas naciones las fuerzas armadas son un baluarte importante en la construcci\u00f3n socialista, por lo que constituye un honor la visita de alto nivel del Ej\u00e9rcito Popular de Liberaci\u00f3n de China.<\/p>\n\n\n\n<p>El jefe de Estado reconoci\u00f3, asimismo, el apoyo y la solidaridad de la naci\u00f3n asi\u00e1tica, en medio de complejas circunstancias por causa del bloqueo estadounidense, recrudecido en los \u00faltimos a\u00f1os.<\/p>\n\n\n\n<p>jcm\/evm<\/p>\n\n\n\n<ul class=\"wp-block-list\">\n<li>#<a href=\"https:\/\/www.prensa-latina.cu\/etiqueta\/china\/\">China<\/a>\u00a0#<a href=\"https:\/\/www.prensa-latina.cu\/etiqueta\/cuba\/\">cuba<\/a>\u00a0#<a href=\"https:\/\/www.prensa-latina.cu\/etiqueta\/he-weidong\/\">He Weidong<\/a><\/li>\n<\/ul>\n","protected":false},"excerpt":{"rendered":"<p>La Habana, 14 dic (Prensa Latina) El l\u00edder de la Revoluci\u00f3n cubana General de Ej\u00e9rcito Ra\u00fal Castro recibi\u00f3 hoy en esta capital al Coronel General He Weidong, vicepresidente de la Comisi\u00f3n Militar Central de China. En el encuentro ambos interlocutores constataron el excelente estado de las relaciones entre ambos pueblos, partidos, gobiernos y fuerzas armadas. [&hellip;]<\/p>\n","protected":false},"author":28,"featured_media":582922,"comment_status":"closed","ping_status":"closed","sticky":true,"template":"","format":"standard","meta":{"footnotes":""},"categories":[23],"tags":[],"class_list":["post-582921","post","type-post","status-publish","format-standard","has-post-thumbnail","hentry","category-internacional"],"_links":{"self":[{"href":"https:\/\/diariodominicano.com\/index.php?rest_route=\/wp\/v2\/posts\/582921","targetHints":{"allow":["GET"]}}],"collection":[{"href":"https:\/\/diariodominicano.com\/index.php?rest_route=\/wp\/v2\/posts"}],"about":[{"href":"https:\/\/diariodominicano.com\/index.php?rest_route=\/wp\/v2\/types\/post"}],"author":[{"embeddable":true,"href":"https:\/\/diariodominicano.com\/index.php?rest_route=\/wp\/v2\/users\/28"}],"replies":[{"embeddable":true,"href":"https:\/\/diariodominicano.com\/index.php?rest_route=%2Fwp%2Fv2%2Fcomments&post=582921"}],"version-history":[{"count":1,"href":"https:\/\/diariodominicano.com\/index.php?rest_route=\/wp\/v2\/posts\/582921\/revisions"}],"predecessor-version":[{"id":582923,"href":"https:\/\/diariodominicano.com\/index.php?rest_route=\/wp\/v2\/posts\/582921\/revisions\/582923"}],"wp:featuredmedia":[{"embeddable":true,"href":"https:\/\/diariodominicano.com\/index.php?rest_route=\/wp\/v2\/media\/582922"}],"wp:attachment":[{"href":"https:\/\/diariodominicano.com\/index.php?rest_route=%2Fwp%2Fv2%2Fmedia&parent=582921"}],"wp:term":[{"taxonomy":"category","embeddable":true,"href":"https:\/\/diariodominicano.com\/index.php?rest_route=%2Fwp%2Fv2%2Fcategories&post=582921"},{"taxonomy":"post_tag","embeddable":true,"href":"https:\/\/diariodominicano.com\/index.php?rest_route=%2Fwp%2Fv2%2Ftags&post=582921"}],"curies":[{"name":"wp","href":"https:\/\/api.w.org\/{rel}","templated":true}]}}