{"id":582905,"date":"2024-12-15T01:22:29","date_gmt":"2024-12-15T05:22:29","guid":{"rendered":"https:\/\/diariodominicano.com\/?p=582905"},"modified":"2024-12-15T01:24:22","modified_gmt":"2024-12-15T05:24:22","slug":"xi-asistira-a-celebracion-por-25o-aniversario-de-retorno-de-macao-2","status":"publish","type":"post","link":"https:\/\/diariodominicano.com\/?p=582905","title":{"rendered":"Xi asistir\u00e1 a celebraci\u00f3n por 25\u00ba aniversario de retorno de Macao"},"content":{"rendered":"\n<p>ARCHIVO: El presidente chino Xi Jinping y el presidente de Francia Emmanuel Macron<\/p>\n\n\n\n<p><\/p>\n\n\n\n<p><em>spanish.news.cn<\/em>|<em>\u00a02024-12-14 09:17:46<\/em>|<\/p>\n\n\n\n<p>BEIJING, 14 dic (Xinhua) &#8212; El presidente chino, Xi Jinping, estar\u00e1 en Macao del 18 al 20 de diciembre para asistir a una reuni\u00f3n con motivo del 25\u00ba aniversario del retorno de Macao a la patria.<\/p>\n\n\n\n<p>Xi, tambi\u00e9n secretario general del Comit\u00e9 Central del Partido Comunista de China y presidente de la Comisi\u00f3n Militar Central, estar\u00e1 presente en la ceremonia de inauguraci\u00f3n del sexto mandato del Gobierno de la Regi\u00f3n Administrativa Especial (RAE) de Macao.<\/p>\n\n\n\n<p>El mandatario tambi\u00e9n llevar\u00e1 a cabo una visita de inspecci\u00f3n durante su estancia en la RAE de Macao.<\/p>\n\n\n\n<p><a href=\"https:\/\/www.facebook.com\/sharer\/sharer.php?u=https:\/\/spanish.xinhuanet.com\/20241214\/6357f9ce797e4eea880b63d784785df7\/c.html\" target=\"_blank\" rel=\"noreferrer noopener\"><\/a>&nbsp;<a href=\"https:\/\/twitter.com\/intent\/tweet?text=%0A%20%20%20%20%20%20%20%20%20%20%20%20%20%20%20%20%20%20%20%20Xi%20asistir%C3%A1%20a%20celebraci%C3%B3n%20por%2025%C2%BA%20aniversario%20de%20retorno%20de%20Macao%0A%20%20%20%20%20%20%20%20%20%20%20%20%20%20%20%20&amp;url=https:\/\/spanish.xinhuanet.com\/20241214\/6357f9ce797e4eea880b63d784785df7\/c.html\" target=\"_blank\" rel=\"noreferrer noopener\"><\/a>&nbsp;<a target=\"_blank\" href=\"https:\/\/service.weibo.com\/share\/share.php?title=%0A%20%20%20%20%20%20%20%20%20%20%20%20%20%20%20%20%20%20%20%20Xi%20asistir%C3%A1%20a%20celebraci%C3%B3n%20por%2025%C2%BA%20aniversario%20de%20retorno%20de%20Macao%0A%20%20%20%20%20%20%20%20%20%20%20%20%20%20%20%20&amp;url=https:\/\/spanish.xinhuanet.com\/20241214\/6357f9ce797e4eea880b63d784785df7\/c.html\" rel=\"noreferrer noopener\"><\/a>&nbsp;<a><\/a><\/p>\n\n\n\n<figure class=\"wp-block-image\"><img decoding=\"async\" src=\"https:\/\/imgs.news.cn\/res\/xhwimg\/spanish\/20170522\/img\/jc-xfa.png\" alt=\"\"\/><\/figure>\n","protected":false},"excerpt":{"rendered":"<p>ARCHIVO: El presidente chino Xi Jinping y el presidente de Francia Emmanuel Macron spanish.news.cn|\u00a02024-12-14 09:17:46| BEIJING, 14 dic (Xinhua) &#8212; El presidente chino, Xi Jinping, estar\u00e1 en Macao del 18 al 20 de diciembre para asistir a una reuni\u00f3n con motivo del 25\u00ba aniversario del retorno de Macao a la patria. Xi, tambi\u00e9n secretario general [&hellip;]<\/p>\n","protected":false},"author":28,"featured_media":582906,"comment_status":"closed","ping_status":"closed","sticky":true,"template":"","format":"standard","meta":{"footnotes":""},"categories":[23],"tags":[],"class_list":["post-582905","post","type-post","status-publish","format-standard","has-post-thumbnail","hentry","category-internacional"],"_links":{"self":[{"href":"https:\/\/diariodominicano.com\/index.php?rest_route=\/wp\/v2\/posts\/582905","targetHints":{"allow":["GET"]}}],"collection":[{"href":"https:\/\/diariodominicano.com\/index.php?rest_route=\/wp\/v2\/posts"}],"about":[{"href":"https:\/\/diariodominicano.com\/index.php?rest_route=\/wp\/v2\/types\/post"}],"author":[{"embeddable":true,"href":"https:\/\/diariodominicano.com\/index.php?rest_route=\/wp\/v2\/users\/28"}],"replies":[{"embeddable":true,"href":"https:\/\/diariodominicano.com\/index.php?rest_route=%2Fwp%2Fv2%2Fcomments&post=582905"}],"version-history":[{"count":2,"href":"https:\/\/diariodominicano.com\/index.php?rest_route=\/wp\/v2\/posts\/582905\/revisions"}],"predecessor-version":[{"id":582909,"href":"https:\/\/diariodominicano.com\/index.php?rest_route=\/wp\/v2\/posts\/582905\/revisions\/582909"}],"wp:featuredmedia":[{"embeddable":true,"href":"https:\/\/diariodominicano.com\/index.php?rest_route=\/wp\/v2\/media\/582906"}],"wp:attachment":[{"href":"https:\/\/diariodominicano.com\/index.php?rest_route=%2Fwp%2Fv2%2Fmedia&parent=582905"}],"wp:term":[{"taxonomy":"category","embeddable":true,"href":"https:\/\/diariodominicano.com\/index.php?rest_route=%2Fwp%2Fv2%2Fcategories&post=582905"},{"taxonomy":"post_tag","embeddable":true,"href":"https:\/\/diariodominicano.com\/index.php?rest_route=%2Fwp%2Fv2%2Ftags&post=582905"}],"curies":[{"name":"wp","href":"https:\/\/api.w.org\/{rel}","templated":true}]}}