{"id":582898,"date":"2024-12-15T01:13:24","date_gmt":"2024-12-15T05:13:24","guid":{"rendered":"https:\/\/diariodominicano.com\/?p=582898"},"modified":"2024-12-15T01:14:13","modified_gmt":"2024-12-15T05:14:13","slug":"diplomaticos-de-eeuu-y-de-la-region-se-reunen-para-debatir-el-futuro-de-siria","status":"publish","type":"post","link":"https:\/\/diariodominicano.com\/?p=582898","title":{"rendered":"Diplom\u00e1ticos de EEUU y de la regi\u00f3n se re\u00fanen para debatir el futuro de Siria"},"content":{"rendered":"\n<p>El ministro de Asuntos Exteriores de Turqu\u00eda, Hakan Fidan, habla con el secretario de Estado de Estados Unidos, Antony Blinken, durante una reuni\u00f3n con los ministros de Asuntos Exteriores del Grupo de Contacto \u00c1rabe sobre Siria en Aqaba, Jordania, el 14 de diciembre de 2024<\/p>\n\n\n\n<p>diciembre 14, 2024<\/p>\n\n\n\n<ul class=\"wp-block-list\">\n<li><a href=\"https:\/\/www.vozdeamerica.com\/author\/reuters\/riv_i\">Reuters<\/a><\/li>\n<\/ul>\n\n\n\n<ul class=\"wp-block-list\">\n<li><a href=\"https:\/\/facebook.com\/sharer.php?u=https%3a%2f%2fwww.vozdeamerica.com%2fa%2fdiplomaticos-de-eeuu-y-de-la-region-se-reunen-para-debatir-el-futuro-de-siria%2f7901386.html\" target=\"_blank\" rel=\"noreferrer noopener\"><\/a><\/li>\n\n\n\n<li><a href=\"https:\/\/twitter.com\/share?url=https%3a%2f%2fwww.vozdeamerica.com%2fa%2fdiplomaticos-de-eeuu-y-de-la-region-se-reunen-para-debatir-el-futuro-de-siria%2f7901386.html&amp;text=Diplom%c3%a1ticos+de+EEUU+y+de+la+regi%c3%b3n+se+re%c3%banen+para+debatir+el+futuro+de+Siria\" target=\"_blank\" rel=\"noreferrer noopener\"><\/a><\/li>\n\n\n\n<li><\/li>\n\n\n\n<li><a href=\"mailto:?body=https%3a%2f%2fwww.vozdeamerica.com%2fa%2fdiplomaticos-de-eeuu-y-de-la-region-se-reunen-para-debatir-el-futuro-de-siria%2f7901386.html&amp;subject=Diplom%C3%A1ticos%20de%20EEUU%20y%20de%20la%20regi%C3%B3n%20se%20re%C3%BAnen%20para%20debatir%20el%20futuro%20de%20Siria\"><\/a><\/li>\n<\/ul>\n\n\n\n<p><a href=\"https:\/\/www.vozdeamerica.com\/a\/diplomaticos-de-eeuu-y-de-la-region-se-reunen-para-debatir-el-futuro-de-siria\/7901386.html#comments\">&nbsp;Vea comentarios<\/a><\/p>\n\n\n\n<p>Representantes de Estados Unidos, Turqu\u00eda, la Uni\u00f3n Europea y pa\u00edses \u00e1rabes se reunieron en Jordania para dialogar sobre la situaci\u00f3n en Siria y la transici\u00f3n hacia un gobierno inclusivo despu\u00e9s de m\u00e1s de 50 a\u00f1os de gobierno autoritario de la familia Assad.<\/p>\n\n\n\n<p>\u00c1QABA, Jordania \u2014&nbsp;<\/p>\n\n\n\n<p>Altos cargos diplom\u00e1ticos de Estados Unidos, Turqu\u00eda, la Uni\u00f3n Europea y pa\u00edses \u00e1rabes se reunieron el s\u00e1bado en Jordania para mantener conversaciones sobre Siria, en un momento en que las potencias regionales y mundiales luchan por influir en el gobierno que sustituya al derrocado presidente Bashar al Assad.<\/p>\n\n\n\n<p>El Gobierno del presidente saliente de Estados Unidos, Joe Biden, ha comenzado a colaborar con los grupos rebeldes victoriosos, entre ellos Hayat Tahrir al-Sham (HTS), que dirigi\u00f3 un asalto rel\u00e1mpago que termin\u00f3 con la toma de Damasco el domingo.<\/p>\n\n\n\n<p>Biden&nbsp;<em><strong><a href=\"https:\/\/www.vozdeamerica.com\/a\/ee-uu-y-turquia-comparten-un-amplio-consenso-sobre-siria\/7900192.html\" target=\"_blank\" rel=\"noreferrer noopener\">envi\u00f3 esta semana a la regi\u00f3n al secretario de Estado, Antony Blinken<\/a><\/strong><\/em>, para buscar apoyos a los principios que Washington espera que gu\u00eden la transici\u00f3n pol\u00edtica siria, como el respeto a las minor\u00edas.<\/p>\n\n\n\n<p>En tanto, Turqu\u00eda, vecino del norte de Siria, lleva a\u00f1os apoyando a las fuerzas de la oposici\u00f3n siria que quieren derrocar a Assad y est\u00e1 dispuesta a desempe\u00f1ar un papel influyente en Damasco.<\/p>\n\n\n\n<p><video poster=\"https:\/\/gdb.voanews.com\/f064c5e4-74d2-49e9-a627-83c4639ad687_tv_w650_r1.jpg\" src=\"blob:https:\/\/www.vozdeamerica.com\/14209ab7-3d1d-4124-a5ea-c0a4d85e1980\" height=\"381\" width=\"676\"><\/video><\/p>\n\n\n\n<h5 class=\"wp-block-heading\"><a href=\"https:\/\/www.vozdeamerica.com\/a\/7900834.html\" target=\"_blank\" rel=\"noreferrer noopener\">J\u00fabilo en el primer viernes de rezo en Siria tras el derrocamiento de Assad<\/a><\/h5>\n\n\n\n<ul class=\"wp-block-list\">\n<li><a href=\"https:\/\/facebook.com\/sharer.php?u=https%3a%2f%2fwww.vozdeamerica.com%2fa%2f7900834.html\" target=\"_blank\" rel=\"noreferrer noopener\">Comparta en Facebook<\/a><\/li>\n\n\n\n<li><a href=\"https:\/\/twitter.com\/share?url=https%3a%2f%2fwww.vozdeamerica.com%2fa%2f7900834.html&amp;text=J%c3%babilo+en+el+primer+viernes+de+rezo+en+Siria+tras+el+derrocamiento+de+Assad\" target=\"_blank\" rel=\"noreferrer noopener\">Comparta en Twitter<\/a><\/li>\n<\/ul>\n\n\n\n<hr class=\"wp-block-separator has-alpha-channel-opacity\"\/>\n\n\n\n<p><a href=\"https:\/\/www.vozdeamerica.com\/embed\/player\/Article\/7900834.html?type=video&amp;FullScreenMode=True\" target=\"_blank\" rel=\"noreferrer noopener\"><\/a><\/p>\n\n\n\n<p>&nbsp;Descargar&nbsp;<\/p>\n\n\n\n<p>El ministro de Asuntos Exteriores turco, Hakan Fidan, dijo el viernes que la embajada de su pa\u00eds en la capital siria reanudar\u00eda su actividad el s\u00e1bado, tras la visita esta semana del jefe de los servicios de inteligencia turcos.<\/p>\n\n\n\n<p>Jordania, vecina de Siria, acog\u00eda la reuni\u00f3n del s\u00e1bado en \u00c1qaba. Rusia e Ir\u00e1n, principales partidarios de Assad, no fueron invitados.<\/p>\n\n\n\n<p>Blinken, el enviado especial de la ONU para Siria, Geir Pederson, la responsable de pol\u00edtica exterior de la UE, Kaja Kallas, Fidan y los ministros de Asuntos Exteriores de Jordania, Arabia Saudita, Irak, L\u00edbano, Egipto, Emiratos \u00c1rabes Unidos, Bahr\u00e9in y Qatar se reunieron en torno a una mesa circular en una casa de hu\u00e9spedes del gobierno jordano. En la mesa no hab\u00eda ning\u00fan representante sirio.<\/p>\n\n\n\n<p>Los diplom\u00e1ticos \u00e1rabes se reunieron antes por separado y emitieron un comunicado en el que ped\u00edan una transici\u00f3n pol\u00edtica pac\u00edfica e integradora que conduzca a la celebraci\u00f3n de elecciones y a una nueva constituci\u00f3n para Siria. Los ministros de Asuntos Exteriores manifestaron su compromiso de combatir el terrorismo, que calificaron de amenaza para la seguridad en Siria, la regi\u00f3n y el mundo.<\/p>\n\n\n\n<p>Blinken, que se reuni\u00f3 con Pederson en su hotel a primera hora del s\u00e1bado, dijo que era un momento de \u00aboportunidades pero tambi\u00e9n de verdaderos retos\u00bb para Siria.<\/p>\n\n\n\n<p><a href=\"https:\/\/www.vozdeamerica.com\/a\/ucrania-y-siria-puntos-clave-en-las-conversaciones-de-biden-con-el-g7\/7900738.html\"><\/a><\/p>\n\n\n\n<p><a href=\"https:\/\/www.vozdeamerica.com\/a\/ucrania-y-siria-puntos-clave-en-las-conversaciones-de-biden-con-el-g7\/7900738.html\">Tambi\u00e9n lea<\/a><\/p>\n\n\n\n<h4 class=\"wp-block-heading\"><a href=\"https:\/\/www.vozdeamerica.com\/a\/ucrania-y-siria-puntos-clave-en-las-conversaciones-de-biden-con-el-g7\/7900738.html\">Ucrania y Siria: puntos clave en las conversaciones de Biden con el G7<\/a><\/h4>\n\n\n\n<p>Los diplom\u00e1ticos \u00e1rabes que asistieron a las conversaciones dijeron a Reuters que buscaban garant\u00edas de Turqu\u00eda de que apoya un proceso pol\u00edtico inclusivo que evite la partici\u00f3n de Siria por motivos sectarios.<\/p>\n\n\n\n<p>Turqu\u00eda y Estados Unidos, ambos miembros de la OTAN, tienen intereses contrapuestos en lo que respecta a algunos de los rebeldes. Los rebeldes respaldados por Turqu\u00eda en el norte de Siria se han enfrentado a las Fuerzas Democr\u00e1ticas Sirias (FDS) dirigidas por kurdos.<\/p>\n\n\n\n<p>Las FDS, que controlan algunos de los mayores yacimientos petroleros de Siria, son el principal aliado de la coalici\u00f3n estadounidense contra los militantes del Estado Isl\u00e1mico. Est\u00e1 encabezada por la milicia YPG, un grupo que Ankara considera una extensi\u00f3n de los militantes del Partido de los Trabajadores del Kurdist\u00e1n (PKK) que han luchado contra el Estado turco durante 40 a\u00f1os y a los que proscribe.<\/p>\n\n\n\n<p>Blinken dijo a los funcionarios turcos durante una visita a Ankara el jueves y el viernes que el Estado Isl\u00e1mico no debe ser capaz de reagruparse, y las FDS no deben ser distra\u00eddas de su papel de asegurar los campamentos que albergan combatientes del Estado Isl\u00e1mico, seg\u00fan un funcionario de Estados Unidos. Los l\u00edderes turcos estuvieron de acuerdo, dijo el funcionario de la delegaci\u00f3n estadounidense.<\/p>\n\n\n\n<p>Fidan declar\u00f3 a la televisi\u00f3n turca m\u00e1s tarde el viernes que la eliminaci\u00f3n de las YPG era el \u00abobjetivo estrat\u00e9gico\u00bb de Turqu\u00eda e inst\u00f3 a los comandantes del grupo a abandonar Siria.<\/p>\n","protected":false},"excerpt":{"rendered":"<p>El ministro de Asuntos Exteriores de Turqu\u00eda, Hakan Fidan, habla con el secretario de Estado de Estados Unidos, Antony Blinken, durante una reuni\u00f3n con los ministros de Asuntos Exteriores del Grupo de Contacto \u00c1rabe sobre Siria en Aqaba, Jordania, el 14 de diciembre de 2024 diciembre 14, 2024 &nbsp;Vea comentarios Representantes de Estados Unidos, Turqu\u00eda, [&hellip;]<\/p>\n","protected":false},"author":28,"featured_media":582899,"comment_status":"closed","ping_status":"closed","sticky":true,"template":"","format":"standard","meta":{"footnotes":""},"categories":[23],"tags":[],"class_list":["post-582898","post","type-post","status-publish","format-standard","has-post-thumbnail","hentry","category-internacional"],"_links":{"self":[{"href":"https:\/\/diariodominicano.com\/index.php?rest_route=\/wp\/v2\/posts\/582898","targetHints":{"allow":["GET"]}}],"collection":[{"href":"https:\/\/diariodominicano.com\/index.php?rest_route=\/wp\/v2\/posts"}],"about":[{"href":"https:\/\/diariodominicano.com\/index.php?rest_route=\/wp\/v2\/types\/post"}],"author":[{"embeddable":true,"href":"https:\/\/diariodominicano.com\/index.php?rest_route=\/wp\/v2\/users\/28"}],"replies":[{"embeddable":true,"href":"https:\/\/diariodominicano.com\/index.php?rest_route=%2Fwp%2Fv2%2Fcomments&post=582898"}],"version-history":[{"count":2,"href":"https:\/\/diariodominicano.com\/index.php?rest_route=\/wp\/v2\/posts\/582898\/revisions"}],"predecessor-version":[{"id":582902,"href":"https:\/\/diariodominicano.com\/index.php?rest_route=\/wp\/v2\/posts\/582898\/revisions\/582902"}],"wp:featuredmedia":[{"embeddable":true,"href":"https:\/\/diariodominicano.com\/index.php?rest_route=\/wp\/v2\/media\/582899"}],"wp:attachment":[{"href":"https:\/\/diariodominicano.com\/index.php?rest_route=%2Fwp%2Fv2%2Fmedia&parent=582898"}],"wp:term":[{"taxonomy":"category","embeddable":true,"href":"https:\/\/diariodominicano.com\/index.php?rest_route=%2Fwp%2Fv2%2Fcategories&post=582898"},{"taxonomy":"post_tag","embeddable":true,"href":"https:\/\/diariodominicano.com\/index.php?rest_route=%2Fwp%2Fv2%2Ftags&post=582898"}],"curies":[{"name":"wp","href":"https:\/\/api.w.org\/{rel}","templated":true}]}}