{"id":582893,"date":"2024-12-15T01:10:26","date_gmt":"2024-12-15T05:10:26","guid":{"rendered":"https:\/\/diariodominicano.com\/?p=582893"},"modified":"2024-12-15T01:10:59","modified_gmt":"2024-12-15T05:10:59","slug":"el-jefe-de-hezbola-dice-que-el-grupo-perdio-su-ruta-de-suministro-a-traves-de-siria","status":"publish","type":"post","link":"https:\/\/diariodominicano.com\/?p=582893","title":{"rendered":"El jefe de Hezbol\u00e1 dice que el grupo perdi\u00f3 su ruta de suministro a trav\u00e9s de Siria"},"content":{"rendered":"\n<p>ARCHIVO &#8211; El l\u00edder del Hezbol\u00e1 liban\u00e9s, el jeque Naim Qassem, pronuncia un discurso desde un lugar desconocido, el 29 de noviembre de 2024, en esta imagen fija de un video.<\/p>\n\n\n\n<p>diciembre 14, 2024<\/p>\n\n\n\n<ul class=\"wp-block-list\">\n<li><a href=\"https:\/\/www.vozdeamerica.com\/author\/reuters\/riv_i\">Reuters<\/a><\/li>\n<\/ul>\n\n\n\n<ul class=\"wp-block-list\">\n<li><a href=\"https:\/\/facebook.com\/sharer.php?u=https%3a%2f%2fwww.vozdeamerica.com%2fa%2fjefe-hezbola-grupo-ruta-suministro-siria%2f7901510.html\" target=\"_blank\" rel=\"noreferrer noopener\"><\/a><\/li>\n\n\n\n<li><a href=\"https:\/\/twitter.com\/share?url=https%3a%2f%2fwww.vozdeamerica.com%2fa%2fjefe-hezbola-grupo-ruta-suministro-siria%2f7901510.html&amp;text=El+jefe+de+Hezbol%c3%a1+dice+que+el+grupo+perdi%c3%b3+su+ruta+de+suministro+a+trav%c3%a9s+de+Siria\" target=\"_blank\" rel=\"noreferrer noopener\"><\/a><\/li>\n\n\n\n<li><\/li>\n\n\n\n<li><a href=\"mailto:?body=https%3a%2f%2fwww.vozdeamerica.com%2fa%2fjefe-hezbola-grupo-ruta-suministro-siria%2f7901510.html&amp;subject=El%20jefe%20de%20Hezbol%C3%A1%20dice%20que%20el%20grupo%20perdi%C3%B3%20su%20ruta%20de%20suministro%20a%20trav%C3%A9s%20de%20Siria\"><\/a><\/li>\n<\/ul>\n\n\n\n<p><a href=\"https:\/\/www.vozdeamerica.com\/a\/jefe-hezbola-grupo-ruta-suministro-siria\/7901510.html#comments\">&nbsp;Vea comentarios<\/a><\/p>\n\n\n\n<p>Naim Qassem, l\u00edder de Hezbol\u00e1, confirm\u00f3 que el grupo armado ha perdido su ruta de suministro militar a trav\u00e9s de Siria tras el derrocamiento de Bashar al-Assad en una ofensiva rebelde, aunque afirm\u00f3 que podr\u00edan restablecerla o buscar otras v\u00edas.<\/p>\n\n\n\n<p>BEIRUT \u2014&nbsp;<\/p>\n\n\n\n<p>El jefe de Hezbol\u00e1, Naim Qassem, afirm\u00f3 el s\u00e1bado que el grupo armado liban\u00e9s perdi\u00f3 su ruta de suministro a trav\u00e9s de Siria, en sus primeras declaraciones desde&nbsp;<em><strong><a href=\"https:\/\/www.vozdeamerica.com\/a\/diplomaticos-de-eeuu-y-de-la-region-se-reunen-para-debatir-el-futuro-de-siria\/7901386.html\" target=\"_blank\" rel=\"noreferrer noopener\">el derrocamiento del presidente Bashar al-Assad<\/a><\/strong><\/em>&nbsp;hace casi una semana por una amplia ofensiva rebelde.<\/p>\n\n\n\n<p>Bajo el r\u00e9gimen de al-Assad, Hezbol\u00e1, respaldado por Ir\u00e1n, utilizaba Siria para introducir armas y otros equipos militares procedentes de Ir\u00e1n, a trav\u00e9s de Irak y Siria, hasta L\u00edbano. Pero el 6 de diciembre, los combatientes opositores a al-Assad tomaron la frontera con Irak y cortaron esa ruta, y dos d\u00edas despu\u00e9s, los rebeldes islamistas capturaron la capital, Damasco.<\/p>\n\n\n\n<p>\u00abS\u00ed, Hezbol\u00e1 ha perdido la ruta de suministro militar a trav\u00e9s de Siria en esta etapa, pero esta p\u00e9rdida es un detalle en el trabajo de la resistencia\u00bb, dijo Qassem en un discurso televisado el s\u00e1bado, sin mencionar a al-Assad por su nombre.<\/p>\n\n\n\n<p><a href=\"https:\/\/www.vozdeamerica.com\/a\/libano-pide-a-eeuu-y-francia-que-presionen-a-israel-a-que-respete-la-tregua-segun-fuentes\/7885286.html\"><\/a><\/p>\n\n\n\n<p><a href=\"https:\/\/www.vozdeamerica.com\/a\/libano-pide-a-eeuu-y-francia-que-presionen-a-israel-a-que-respete-la-tregua-segun-fuentes\/7885286.html\">Tambi\u00e9n lea<\/a><\/p>\n\n\n\n<h4 class=\"wp-block-heading\"><a href=\"https:\/\/www.vozdeamerica.com\/a\/libano-pide-a-eeuu-y-francia-que-presionen-a-israel-a-que-respete-la-tregua-segun-fuentes\/7885286.html\">L\u00edbano pide a EEUU y Francia que presionen a Israel a que respete la tregua, seg\u00fan fuentes<\/a><\/h4>\n\n\n\n<p>\u00abPodr\u00eda llegar un nuevo r\u00e9gimen y esta ruta podr\u00eda volver a la normalidad, y podr\u00edamos buscar otras v\u00edas\u00bb, a\u00f1adi\u00f3.<\/p>\n\n\n\n<p>Hezbol\u00e1 comenz\u00f3 a intervenir en Siria en 2013 para ayudar a al-Assad a luchar contra los rebeldes que buscaban derrocarlo en ese momento. La semana pasada, cuando los rebeldes se acercaban a Damasco, el grupo envi\u00f3 oficiales para supervisar una retirada de sus combatientes all\u00ed.<\/p>\n\n\n\n<p>El gobierno de la familia al-Assad de m\u00e1s de 50 a\u00f1os fue sustituido por un gobierno provisional de transici\u00f3n establecido por Hayat Tahrir al-Sham, una antigua filial de Al Qaeda que encabez\u00f3 la ofensiva rebelde.<\/p>\n\n\n\n<p><a href=\"https:\/\/www.vozdeamerica.com\/a\/eeuu-da-senales-de-apoyo-condicional-al-futuro-gobierno-de-siria\/7898581.html\"><\/a><\/p>\n\n\n\n<p><a href=\"https:\/\/www.vozdeamerica.com\/a\/eeuu-da-senales-de-apoyo-condicional-al-futuro-gobierno-de-siria\/7898581.html\">Tambi\u00e9n lea<\/a><\/p>\n\n\n\n<h4 class=\"wp-block-heading\"><a href=\"https:\/\/www.vozdeamerica.com\/a\/eeuu-da-senales-de-apoyo-condicional-al-futuro-gobierno-de-siria\/7898581.html\">EEUU da se\u00f1ales de apoyo condicional al futuro gobierno de Siria<\/a><\/h4>\n\n\n\n<p>Qassem afirm\u00f3 que Hezbol\u00e1 \u00abno puede juzgar a estas nuevas fuerzas hasta que se estabilicen\u00bb y \u00abadopten posiciones claras\u00bb, pero dijo que esperaba que los pueblos y gobiernos liban\u00e9s y sirio pudieran seguir cooperando.<\/p>\n\n\n\n<p>\u00abTambi\u00e9n esperamos que este nuevo partido gobernante considere a Israel un enemigo y no normalice las relaciones con \u00e9l. Estos son los titulares que afectar\u00e1n a la naturaleza de la relaci\u00f3n entre nosotros y Siria\u00bb, dijo Qassem.<\/p>\n\n\n\n<p>Hezbol\u00e1 e Israel intercambiaron disparos a trav\u00e9s de la frontera sur de L\u00edbano durante casi un a\u00f1o en las hostilidades desencadenadas por la guerra de Gaza, antes de que Israel pasara a la ofensiva en septiembre, matando a la mayor parte de la c\u00fapula de Hezbol\u00e1.<\/p>\n","protected":false},"excerpt":{"rendered":"<p>ARCHIVO &#8211; El l\u00edder del Hezbol\u00e1 liban\u00e9s, el jeque Naim Qassem, pronuncia un discurso desde un lugar desconocido, el 29 de noviembre de 2024, en esta imagen fija de un video. diciembre 14, 2024 &nbsp;Vea comentarios Naim Qassem, l\u00edder de Hezbol\u00e1, confirm\u00f3 que el grupo armado ha perdido su ruta de suministro militar a trav\u00e9s [&hellip;]<\/p>\n","protected":false},"author":28,"featured_media":582894,"comment_status":"closed","ping_status":"closed","sticky":true,"template":"","format":"standard","meta":{"footnotes":""},"categories":[23],"tags":[],"class_list":["post-582893","post","type-post","status-publish","format-standard","has-post-thumbnail","hentry","category-internacional"],"_links":{"self":[{"href":"https:\/\/diariodominicano.com\/index.php?rest_route=\/wp\/v2\/posts\/582893","targetHints":{"allow":["GET"]}}],"collection":[{"href":"https:\/\/diariodominicano.com\/index.php?rest_route=\/wp\/v2\/posts"}],"about":[{"href":"https:\/\/diariodominicano.com\/index.php?rest_route=\/wp\/v2\/types\/post"}],"author":[{"embeddable":true,"href":"https:\/\/diariodominicano.com\/index.php?rest_route=\/wp\/v2\/users\/28"}],"replies":[{"embeddable":true,"href":"https:\/\/diariodominicano.com\/index.php?rest_route=%2Fwp%2Fv2%2Fcomments&post=582893"}],"version-history":[{"count":2,"href":"https:\/\/diariodominicano.com\/index.php?rest_route=\/wp\/v2\/posts\/582893\/revisions"}],"predecessor-version":[{"id":582897,"href":"https:\/\/diariodominicano.com\/index.php?rest_route=\/wp\/v2\/posts\/582893\/revisions\/582897"}],"wp:featuredmedia":[{"embeddable":true,"href":"https:\/\/diariodominicano.com\/index.php?rest_route=\/wp\/v2\/media\/582894"}],"wp:attachment":[{"href":"https:\/\/diariodominicano.com\/index.php?rest_route=%2Fwp%2Fv2%2Fmedia&parent=582893"}],"wp:term":[{"taxonomy":"category","embeddable":true,"href":"https:\/\/diariodominicano.com\/index.php?rest_route=%2Fwp%2Fv2%2Fcategories&post=582893"},{"taxonomy":"post_tag","embeddable":true,"href":"https:\/\/diariodominicano.com\/index.php?rest_route=%2Fwp%2Fv2%2Ftags&post=582893"}],"curies":[{"name":"wp","href":"https:\/\/api.w.org\/{rel}","templated":true}]}}