{"id":582818,"date":"2024-12-14T15:30:29","date_gmt":"2024-12-14T19:30:29","guid":{"rendered":"https:\/\/diariodominicano.com\/?p=582818"},"modified":"2024-12-14T16:03:04","modified_gmt":"2024-12-14T20:03:04","slug":"convivencia-juvenil-en-imbert","status":"publish","type":"post","link":"https:\/\/diariodominicano.com\/?p=582818","title":{"rendered":"CONVIVENCIA JUVENIL EN IMBERT"},"content":{"rendered":"\n<p>El Padre Vinicio Disla acompa\u00f1ado de Di\u00e1cono.<\/p>\n\n\n\n<figure class=\"wp-block-image size-full\"><img loading=\"lazy\" decoding=\"async\" width=\"225\" height=\"225\" src=\"https:\/\/diariodominicano.com\/wp-content\/uploads\/2024\/12\/Monsenor-Huego-Eduardo-Polanco-Brito-1.jpg\" alt=\"\" class=\"wp-image-582821\" srcset=\"https:\/\/diariodominicano.com\/wp-content\/uploads\/2024\/12\/Monsenor-Huego-Eduardo-Polanco-Brito-1.jpg 225w, https:\/\/diariodominicano.com\/wp-content\/uploads\/2024\/12\/Monsenor-Huego-Eduardo-Polanco-Brito-1-150x150.jpg 150w, https:\/\/diariodominicano.com\/wp-content\/uploads\/2024\/12\/Monsenor-Huego-Eduardo-Polanco-Brito-1-88x88.jpg 88w\" sizes=\"auto, (max-width: 225px) 100vw, 225px\" \/><\/figure>\n\n\n\n<p>Monse\u00f1or Hugo Eduardo Polanco Brito.<\/p>\n\n\n\n<p>Por Sebasti\u00e1n Del Pilar S\u00e1nchez<\/p>\n\n\n\n<p>El pueblo de Imbert estuvo entre los primeros de Rep\u00fablica Dominicana en recibir durante tres d\u00edas consecutivos -en la primavera de 1967- los vientos de modernidad de la iglesia cat\u00f3lica, en una convivencia de j\u00f3venes que compartieron y fraternizaron en torno a las novedades religiosas incorporadas por el Concilio Vaticano II, iniciado en 1962 por el papa Juan XXIII.&nbsp;<\/p>\n\n\n\n<figure class=\"wp-block-image size-full\"><img loading=\"lazy\" decoding=\"async\" width=\"1000\" height=\"750\" src=\"https:\/\/diariodominicano.com\/wp-content\/uploads\/2024\/12\/JUVENTUD-IMBERTENA.-1.jpg\" alt=\"\" class=\"wp-image-582823\" srcset=\"https:\/\/diariodominicano.com\/wp-content\/uploads\/2024\/12\/JUVENTUD-IMBERTENA.-1.jpg 1000w, https:\/\/diariodominicano.com\/wp-content\/uploads\/2024\/12\/JUVENTUD-IMBERTENA.-1-300x225.jpg 300w, https:\/\/diariodominicano.com\/wp-content\/uploads\/2024\/12\/JUVENTUD-IMBERTENA.-1-768x576.jpg 768w, https:\/\/diariodominicano.com\/wp-content\/uploads\/2024\/12\/JUVENTUD-IMBERTENA.-1-816x612.jpg 816w\" sizes=\"auto, (max-width: 1000px) 100vw, 1000px\" \/><\/figure>\n\n\n\n<p><strong>Juventud de Imbert<\/strong><\/p>\n\n\n\n<p>Hasta entonces s\u00f3lo se conoc\u00edan escasos detalles sobre reuniones de igual naturaleza que se efectuaron en los municipios de Santiago y Salcedo, dirigidas por el carism\u00e1tico sacerdote Pedro Vinicio Disla Alm\u00e1nzar, con el apoyo de monse\u00f1or Hugo Eduardo Polanco Brito, Administrador Apost\u00f3lico de la Arquidi\u00f3cesis de Santo Domingo y de monse\u00f1or Roque Antonio Adames Rodr\u00edguez, obispo de Santiago.<\/p>\n\n\n\n<figure class=\"wp-block-image size-full\"><img loading=\"lazy\" decoding=\"async\" width=\"816\" height=\"612\" src=\"https:\/\/diariodominicano.com\/wp-content\/uploads\/2024\/12\/PEDRO-VINICIO-DISLA.jpg\" alt=\"\" class=\"wp-image-582825\" srcset=\"https:\/\/diariodominicano.com\/wp-content\/uploads\/2024\/12\/PEDRO-VINICIO-DISLA.jpg 816w, https:\/\/diariodominicano.com\/wp-content\/uploads\/2024\/12\/PEDRO-VINICIO-DISLA-300x225.jpg 300w, https:\/\/diariodominicano.com\/wp-content\/uploads\/2024\/12\/PEDRO-VINICIO-DISLA-768x576.jpg 768w\" sizes=\"auto, (max-width: 816px) 100vw, 816px\" \/><\/figure>\n\n\n\n<p>El padre Disla luc\u00eda ser en esa \u00e9poca el m\u00e1s brioso adalid de la renovaci\u00f3n eclesi\u00e1stica, ya que comprend\u00eda a cabalidad&nbsp; &nbsp;la conveniencia de que la iglesia latinoamericana se acercase a los anhelos y sue\u00f1os de los pueblos oprimidos, aunque su planteamiento nunca se afili\u00f3 a la corriente que surg\u00eda en&nbsp; Am\u00e9rica Latina -desde la iglesia de Brasil- postulando la Teolog\u00eda de la Liberaci\u00f3n como teor\u00eda de compromiso con la problem\u00e1tica social, guiada por el obispo y poeta catal\u00e1n Pedro Casald\u00e1liga y el sacerdote Leonardo Boff.<\/p>\n\n\n\n<figure class=\"wp-block-image size-full\"><img loading=\"lazy\" decoding=\"async\" width=\"640\" height=\"250\" src=\"https:\/\/diariodominicano.com\/wp-content\/uploads\/2024\/12\/Parque-Sanchez-de-Imbert.jpg\" alt=\"\" class=\"wp-image-582826\" srcset=\"https:\/\/diariodominicano.com\/wp-content\/uploads\/2024\/12\/Parque-Sanchez-de-Imbert.jpg 640w, https:\/\/diariodominicano.com\/wp-content\/uploads\/2024\/12\/Parque-Sanchez-de-Imbert-300x117.jpg 300w\" sizes=\"auto, (max-width: 640px) 100vw, 640px\" \/><\/figure>\n\n\n\n<p>Parque Sanchez de Imbert.<\/p>\n\n\n\n<p>El padre Disla era un individuo muy inteligente y perspicaz, por lo que percibi\u00f3 entonces con mucha claridad que el mundo se orientaba hacia una sociedad m\u00e1s participativa y humana, y que la iglesia no podr\u00eda permanecer en una actitud puramente contemplativa. Hab\u00eda estado dos a\u00f1os en la Habana, realizando estudios en el Noviciado de la Compa\u00f1\u00eda de Jes\u00fas, donde se percat\u00f3 de la afinidad de la juventud con el proceso de cambio que comenz\u00f3 en 1959 con la Revoluci\u00f3n Cubana.&nbsp;<\/p>\n\n\n\n<p>Ese hecho estremeci\u00f3 su conciencia, potenci\u00f3 su lucidez de juicio y le hizo comprender que era inminente y necesario un cambio en la liturgia y el culto religioso. Por eso, a su regres\u00f3 al pa\u00eds en 1962 manifestaba una reflexi\u00f3n profunda sobre la funci\u00f3n social de la Iglesia, que compartir\u00eda con los j\u00f3venes seminaristas que pasaron a ser sus compa\u00f1eros en las c\u00e1tedras de teolog\u00eda y filosof\u00eda del Seminario Mayor Santo Tom\u00e1s de Aquino.<\/p>\n\n\n\n<figure class=\"wp-block-image size-full\"><img loading=\"lazy\" decoding=\"async\" width=\"720\" height=\"575\" src=\"https:\/\/diariodominicano.com\/wp-content\/uploads\/2024\/12\/Padre-Pedro-Vinicio-Disla.jpg\" alt=\"\" class=\"wp-image-582827\" srcset=\"https:\/\/diariodominicano.com\/wp-content\/uploads\/2024\/12\/Padre-Pedro-Vinicio-Disla.jpg 720w, https:\/\/diariodominicano.com\/wp-content\/uploads\/2024\/12\/Padre-Pedro-Vinicio-Disla-300x240.jpg 300w\" sizes=\"auto, (max-width: 720px) 100vw, 720px\" \/><\/figure>\n\n\n\n<p>No fue extra\u00f1o que tras recibir la ordenaci\u00f3n sacerdotal, el 27 de junio de 1964, por parte de monse\u00f1or Polanco Brito, entonces obispo de la Di\u00f3cesis de Santiago, el padre Disla consiguiese un puesto de maestro en el Seminario Menor San Pio X, de Licey Al Medio, donde ense\u00f1ar\u00eda lo que sab\u00eda y combinar\u00eda el rol educativo con la difusi\u00f3n de sus ideas como columnista de la revista cat\u00f3lica \u201cAmigo del Hogar\u201d, para convertirse en un constructor eficaz y constante del perfil de avanzada de la Iglesia.<\/p>\n\n\n\n<p>Ello se manifest\u00f3 en la primera convivencia juvenil realizada en Santiago y luego en Salcedo, donde mostr\u00f3 con claridad que sus ideas ser\u00edan un medio de acci\u00f3n cristiana para fomentar la uni\u00f3n y la solidaridad entre los j\u00f3venes, al lograr sumar en la rama directiva de su proyecto a miembros de importantes familias de la regi\u00f3n del Cibao con sobrada desenvoltura social y conciencia cr\u00edtica.<\/p>\n\n\n\n<p>Lo mismo ocurrir\u00eda en la convivencia de Imbert, efectuada en 1967, que aument\u00f3 su inspiraci\u00f3n y afianz\u00f3 su prop\u00f3sito de exponer sus sentimientos, divulgar sus experiencias y compartir su visi\u00f3n de cambio con la juventud de toda la zona Norte, como se plasmar\u00eda poco despu\u00e9s en los encuentros de j\u00f3venes efectuados en los municipios de Tenares, Cotu\u00ed, Guayub\u00edn, Los Hidalgos y Luper\u00f3n, donde se puso a prueba su ingenio, su empe\u00f1o creativo y su laboriosidad.<\/p>\n\n\n\n<figure class=\"wp-block-image size-large\"><img loading=\"lazy\" decoding=\"async\" width=\"819\" height=\"1024\" src=\"https:\/\/diariodominicano.com\/wp-content\/uploads\/2024\/12\/PADRE-DISLA-JUNYO-A-DOS-FELIGRESES-EN-LA-CAPILLA-LA-SANTA-FAMILIA-DE-LOMA-DEL-TORO-819x1024.jpg\" alt=\"\" class=\"wp-image-582828\" srcset=\"https:\/\/diariodominicano.com\/wp-content\/uploads\/2024\/12\/PADRE-DISLA-JUNYO-A-DOS-FELIGRESES-EN-LA-CAPILLA-LA-SANTA-FAMILIA-DE-LOMA-DEL-TORO-819x1024.jpg 819w, https:\/\/diariodominicano.com\/wp-content\/uploads\/2024\/12\/PADRE-DISLA-JUNYO-A-DOS-FELIGRESES-EN-LA-CAPILLA-LA-SANTA-FAMILIA-DE-LOMA-DEL-TORO-240x300.jpg 240w, https:\/\/diariodominicano.com\/wp-content\/uploads\/2024\/12\/PADRE-DISLA-JUNYO-A-DOS-FELIGRESES-EN-LA-CAPILLA-LA-SANTA-FAMILIA-DE-LOMA-DEL-TORO-768x960.jpg 768w, https:\/\/diariodominicano.com\/wp-content\/uploads\/2024\/12\/PADRE-DISLA-JUNYO-A-DOS-FELIGRESES-EN-LA-CAPILLA-LA-SANTA-FAMILIA-DE-LOMA-DEL-TORO-816x1020.jpg 816w, https:\/\/diariodominicano.com\/wp-content\/uploads\/2024\/12\/PADRE-DISLA-JUNYO-A-DOS-FELIGRESES-EN-LA-CAPILLA-LA-SANTA-FAMILIA-DE-LOMA-DEL-TORO.jpg 960w\" sizes=\"auto, (max-width: 819px) 100vw, 819px\" \/><\/figure>\n\n\n\n<p><strong>El Padre Disla con dos feligreses.<\/strong><\/p>\n\n\n\n<p>Con 32 a\u00f1os de edad, este joven sacerdote, natural de la comunidad de San Jos\u00e9 de Conuco, municipio de Villa Tapia, lideraba la orientaci\u00f3n progresista de la iglesia, con un concepto doctrinal&nbsp; que concordaba con la pauta ofrecida por el papa Paulo VI, en la ceremonia oficiada el domingo 7 de marzo de 1965, en la parroquia \u201cDe Todos los Santos\u201d, en la ciudad de Roma, dando inicio a la modernizaci\u00f3n de la iglesia oficiando por primera vez en la historia una misa en italiano, haciendo realidad la ordenanza del Concilio Vaticano II que puso fin al predomino del lat\u00edn para que el acto lit\u00fargico se hiciese en los idiomas locales.<\/p>\n\n\n\n<figure class=\"wp-block-image size-large\"><img loading=\"lazy\" decoding=\"async\" width=\"985\" height=\"1024\" src=\"https:\/\/diariodominicano.com\/wp-content\/uploads\/2024\/12\/PADRE-DISLA-JUNTOA-VARIAS-RELIGIOSAS-985x1024.jpg\" alt=\"\" class=\"wp-image-582829\" srcset=\"https:\/\/diariodominicano.com\/wp-content\/uploads\/2024\/12\/PADRE-DISLA-JUNTOA-VARIAS-RELIGIOSAS-985x1024.jpg 985w, https:\/\/diariodominicano.com\/wp-content\/uploads\/2024\/12\/PADRE-DISLA-JUNTOA-VARIAS-RELIGIOSAS-289x300.jpg 289w, https:\/\/diariodominicano.com\/wp-content\/uploads\/2024\/12\/PADRE-DISLA-JUNTOA-VARIAS-RELIGIOSAS-768x798.jpg 768w, https:\/\/diariodominicano.com\/wp-content\/uploads\/2024\/12\/PADRE-DISLA-JUNTOA-VARIAS-RELIGIOSAS-1478x1536.jpg 1478w, https:\/\/diariodominicano.com\/wp-content\/uploads\/2024\/12\/PADRE-DISLA-JUNTOA-VARIAS-RELIGIOSAS-816x848.jpg 816w, https:\/\/diariodominicano.com\/wp-content\/uploads\/2024\/12\/PADRE-DISLA-JUNTOA-VARIAS-RELIGIOSAS.jpg 1939w\" sizes=\"auto, (max-width: 985px) 100vw, 985px\" \/><\/figure>\n\n\n\n<p><strong>El padre Disla junto a varias religiosas<\/strong><\/p>\n\n\n\n<p><strong>Trascendencia del evento<\/strong><\/p>\n\n\n\n<p>Esta reuni\u00f3n en Imbert produjo mucho entusiasmo en la juventud de todo el Cibao, debido a que el tema central era la Declaraci\u00f3n Universal de los Derechos Humanos, que fue sabiamente enfocado por un joven profesor de Salcedo de nombre Diego Pichardo, quien ofreci\u00f3 en el club Baraguana una c\u00e1tedra hist\u00f3rica sin igual, enfatizando en el contenido de que \u201c<em>Todos los seres humanos nacen libres e iguales en dignidad y derechos<\/em>\u201d, y analizando la historia del documento aprobado por la Asamblea General de las Naciones Unidas en 1948, que se inspir\u00f3 en un texto anterior divulgado durante la Revoluci\u00f3n Francesa de 1789.<\/p>\n\n\n\n<p>Pichardo critic\u00f3 con vigor las flagrantes violaciones a los derechos humanos que ocurr\u00edan a diario en el pa\u00eds, producto de la naturaleza represiva de un gobierno empe\u00f1ado en la persecuci\u00f3n de las ideas de sus adversarios; que penalizaba con c\u00e1rcel o exilio cualquier manifestaci\u00f3n de simpat\u00eda por un partido distinto al gobernante y que pon\u00eda limitaciones a la libertad de pensar, de transitar y de organizarse libremente.<\/p>\n\n\n\n<p>El joven profesor pidi\u00f3 al auditorio defender con ardor sus ideas y hacer conciencia de que el derecho a la integridad f\u00edsica y ps\u00edquica implicaba la preservaci\u00f3n, sin detrimento alguno, de la plenitud corporal y mental del individuo, debiendo castigarse cualquier procedimiento represivo tendente a la privaci\u00f3n de su libertad o a su inhabilitaci\u00f3n intencional.<\/p>\n\n\n\n<p>Finalizada su ponencia, subi\u00f3 al podio un muchacho de unos 16 a\u00f1os que nadie conoc\u00eda en el lugar, pero que llam\u00f3 mucho la atenci\u00f3n al ser presentado como sobrino de las hermanas Patria, Minerva y Mar\u00eda Teresa Mirabal, hero\u00ednas de Salcedo, asesinadas el 25 de noviembre de 1960 por su aborrecimiento a los abusos de la dictadura de Trujillo.<\/p>\n\n\n\n<p>Este adolescente se llamaba Jaime Rafael Fern\u00e1ndez Mirabal y era el segundo hijo del matrimonio de los se\u00f1ores Jaime Fern\u00e1ndez Camilo y B\u00e9lgica Adela Mirabal Reyes, residentes en la comunidad de Ojo de Agua, Salcedo. Sus conocidos lo llamaban cari\u00f1osamente Jimmy Fern\u00e1ndez, quien ten\u00eda una apariencia de adolescente, aunque asombrosamente estaba concluyendo el bachillerato.&nbsp;<\/p>\n\n\n\n<p>Este era un muchacho de pelo lacio recortado, buena estatura y vest\u00eda en la ocasi\u00f3n camisa azul, pantal\u00f3n jeans de color blanco (tipo Lee) y unos tenis \u201cConverse All Star\u201d. Al&nbsp; principio de su intervenci\u00f3n luc\u00eda nervioso, pero luego de su identificaci\u00f3n inicial, logr\u00f3 serenarse y encantar al p\u00fablico con su buena dicci\u00f3n y dominio magistral de las ideas y la historia.<\/p>\n\n\n\n<p>Jimmy Fern\u00e1ndez toc\u00f3 el tema de la bandera y el escudo y plante\u00f3 su apreciaci\u00f3n sobre la cruz en la bandera simbolizando la esencia cristiana de la redenci\u00f3n y sobre la biblia abierta en el cap\u00edtulo 8, vers\u00edculo 32 del evangelio de San Juan. Y en la medida que hablaba, una carga emotiva se apoder\u00f3 del ambiente y el chico ser\u00eda varias veces ovacionado por la firmeza de sus criterios y el don de convencimiento que pose\u00eda al hacer gala de ilustraci\u00f3n y emocionar al auditorio, citando casi de memoria los ideales y pensamientos del patricio Juan Pablo Duarte, para despertar el fervor nacionalista de los j\u00f3venes.<\/p>\n\n\n\n<figure class=\"wp-block-image size-full\"><img loading=\"lazy\" decoding=\"async\" width=\"480\" height=\"320\" src=\"https:\/\/diariodominicano.com\/wp-content\/uploads\/2024\/12\/Cantautor-Ramon-Leonardo.jpg\" alt=\"\" class=\"wp-image-582831\" srcset=\"https:\/\/diariodominicano.com\/wp-content\/uploads\/2024\/12\/Cantautor-Ramon-Leonardo.jpg 480w, https:\/\/diariodominicano.com\/wp-content\/uploads\/2024\/12\/Cantautor-Ramon-Leonardo-300x200.jpg 300w\" sizes=\"auto, (max-width: 480px) 100vw, 480px\" \/><\/figure>\n\n\n\n<p>El cantaautorRam\u00f3n Leonardo<\/p>\n\n\n\n<p>Luego vino un momento de recreaci\u00f3n donde los asistentes compartieron sentimientos y opiniones que serv\u00edan para tonificar el esp\u00edritu, y poco despu\u00e9s se escuch\u00f3 la voz orientadora del padre Vinicio Disla para improvisar un coro y entonar una hermosa canci\u00f3n de liturgia, llamada La Calzada de Ema\u00fas, entonada a capela con su&nbsp; voz grave de trovador, bien modulada, percibi\u00e9ndose&nbsp; los sonidos de sus letras con absoluta nitidez y musicalidad:<\/p>\n\n\n\n<p>\u201c<em>Por la calzada de Ema\u00fas\/un peregrino iba conmigo\/no le conoc\u00ed al caminar\/ahora s\u00ed, en la fracci\u00f3n del pan\/\u00bfQu\u00e9 llevabas conversando?\/me dijiste, buen amigo\/y me detuve asombrado\/a la vera del camino\/\u00bfNo sabes lo que ha pasado\/ all\u00e1 en Jerusal\u00e9n\/con Jes\u00fas de Nazaret\/a quien clavaron en cruz?\/Por eso me vuelvo triste \/a mi aldea de Ema\u00fas\/Van tres d\u00edas que se ha muerto\/ y se acaba mi esperanza\/dicen que algunas mujeres\/al sepulcro fueron de alba \/Pedro, Juan y algunos otros \/hoy tambi\u00e9n all\u00e1 buscaron\/se ha acabado mi esperanza\/no encontraron a Jes\u00fas\/Por eso me vuelvo triste\/a mi aldea de Ema\u00fa<\/em>s\u201d.<\/p>\n\n\n\n<p>Fue una verdadera sorpresa verlo cantar con tanta alegr\u00eda, acompa\u00f1ado de un coro espontaneo&nbsp; de tonos contrapuestos que sonaban sin embargo melodiosos y cautivaba la concurrencia que coreaba la canci\u00f3n. El canturreaba desde peque\u00f1o en San Jos\u00e9 de Conuco donde&nbsp; animaba -junto a sus hermanos- las veladas culturales y las ceremonias religiosas.<\/p>\n\n\n\n<p>Luego se cant\u00f3&nbsp; \u201cViva la gente\u201d, un himno escrito&nbsp;en el a\u00f1o 1965 por una organizaci\u00f3n del mismo nombre, para crear conciencia sobre la necesidad de establecer una sociedad m\u00e1s humana y justa; y seguidamente, los asistentes entonaron los temas \u201cDe Colores\u201d y \u201cDe qu\u00e9 color es la piel de Dios\u201d; as\u00ed como otras novedades con&nbsp; letras que resaltaban el valor del pr\u00f3jimo, o que criticaban la desigualdad social y racial.<\/p>\n\n\n\n<p>Un aspecto sobresaliente de aquella jornada fue el uso de guitarras&nbsp; y tambores, como instrumentos musicales indicativos del cambio que se verificaba en la iglesia, aunque&nbsp; esa innovaci\u00f3n escandalizaba a algunos padres de aquellos j\u00f3venes que no pod\u00edan asimilar el cambio, pues entend\u00edan que eso era profanaci\u00f3n del protocolo religioso.<\/p>\n\n\n\n<p>En este escenario de Imbert se estren\u00f3 la maravillosa voz del cantautor santiaguero Ram\u00f3n Leonardo, quien particip\u00f3 en el evento como parte de la delegaci\u00f3n de Santiago de los Caballeros, integrada por su hermano Jos\u00e9 Leoncio Blanco, Martha Beato, Sergio Grull\u00f3n, Fabio Ure\u00f1a, los hermanos Miguel, Rafael y Peng Bian Sang Ben, y un joven que siempre recordamos porque al t\u00e9rmino de cada charla, lanzaba un \u201c\u00a1Viva Pancho Villa, co\u00f1o!\u201d, que era un grito de alegr\u00eda, que generaba hilaridad y satisfacci\u00f3n en el auditorio.<\/p>\n\n\n\n<figure class=\"wp-block-image size-full\"><img loading=\"lazy\" decoding=\"async\" width=\"720\" height=\"578\" src=\"https:\/\/diariodominicano.com\/wp-content\/uploads\/2024\/12\/Jovanny-Bloise-su-esposa-e-hijo.jpg\" alt=\"\" class=\"wp-image-582835\" srcset=\"https:\/\/diariodominicano.com\/wp-content\/uploads\/2024\/12\/Jovanny-Bloise-su-esposa-e-hijo.jpg 720w, https:\/\/diariodominicano.com\/wp-content\/uploads\/2024\/12\/Jovanny-Bloise-su-esposa-e-hijo-300x241.jpg 300w\" sizes=\"auto, (max-width: 720px) 100vw, 720px\" \/><\/figure>\n\n\n\n<p>Jovanny Bloise, su esposa e hijo<\/p>\n\n\n\n<p>Igualmente recordamos que representando a la entonces provincia de Salcedo, que hoy lleva el nombre de las hermanas Mirabal, estaban -adem\u00e1s de los oradores mencionados-, Jaime Enrique Fern\u00e1ndez, el hermano mayor de Jimmy; Miguel Espa\u00f1ol, los hermanos Giovanny y Arturo Bloise, as\u00ed como un&nbsp; joven profesor de Educaci\u00f3n F\u00edsica, de nombre Mamerto, quien estuvo casado entonces con una bell\u00edsima chica imberte\u00f1a, estudiante universitaria de psicolog\u00eda, que era hermana de la distinguida maestra de la escuela primaria, Pura Isabel de la Rosa.<\/p>\n\n\n\n<p>El evento fue un derroche de alegr\u00eda, festividad, energ\u00eda y emoci\u00f3n, y logr\u00f3 sensibilizar a los j\u00f3venes, estimulando la solidaridad y despertando el inter\u00e9s por los asuntos espir\u00edtales; adem\u00e1s de que fue aprovechado como foro de denuncia contra la intolerancia, la represi\u00f3n y los atropellos a los derechos humanos.<\/p>\n\n\n\n<p><strong>Acogida y repercusi\u00f3n del encuentro<\/strong><\/p>\n\n\n\n<p>Hay que reconocer el gran esfuerzo que hizo el cura p\u00e1rroco de la iglesia Nuestra Se\u00f1ora de Las Mercedes, el reverendo padre Benito Taveras, quien se ocup\u00f3 personalmente del montaje del evento; pues sin su concurso no se hubiese logrado el&nbsp; \u00e9xito, ya que fue \u00e9l quien integr\u00f3 el equipo organizador formado por Nidia Parra, su asistente honorifica; M\u00e1ximo Hevia, Ana Vania Sosa, Mario Dom\u00ednguez Garc\u00eda (Sally), los hermanos Franklin y Leonardo Mercado, Norma y Charo D\u00edaz, H\u00e9ctor y Ros\u00edn Canahuate, Charo L\u00f3pez, Celia Almonte, Juan Manuel y Anamar\u00eda Alc\u00e1ntara.<\/p>\n\n\n\n<p>Tambi\u00e9n por Sonia Portes Mena, Nancy y Nieves -Mamita- Silverio, Damaris Checo, Ant\u00eda Hern\u00e1ndez, Marisa Cabrera, Nelson Abraham L\u00f3pez Cabrera, Carmen D\u00edaz, Milagros Rodr\u00edguez y Luis Alberto Canahuate Rodr\u00edguez.<\/p>\n\n\n\n<p>Ellos se encargaron de garantizar el hospedaje de los visitantes en&nbsp; casas de familia, donde fueron acogidos de manera afectuosa. Por ejemplo, los hermanos Bloise, de Salcedo y&nbsp; el cantautor Ram\u00f3n Leonardo, fueron instalados en las residencias de don Miguel Reyes y de los esposos Picho Cabrera y Laura Francisco. Y otros fueron alojados en el hotel Ideal de Rogelio Collado y en el de la se\u00f1ora Tet\u00e9 Luciano.<\/p>\n\n\n\n<p>Muchos recuerdan a Ram\u00f3n Leonardo, con 17 a\u00f1os, rasgueando su guitarra y cantando un tema de su autor\u00eda, llamado \u201cTodos somos iguales\u201d,&nbsp; en la galer\u00eda de la familia Reyes Cabrera, para diversi\u00f3n de los residentes de la calle Ezequiel Gallardo; en especial, los hijos de aquella casa, que eran Aura, Socorro y el peque\u00f1o Fausto Miguel.<\/p>\n\n\n\n<p>Esta convivencia ense\u00f1\u00f3 a la juventud&nbsp; a valorar los s\u00edmbolos patrios y la historia nacional y contribuy\u00f3 a que la juventud pusiera en primer plano los valores de la familia y los conceptos sobre igualdad, derechos y justicia.<\/p>\n\n\n\n<p>De tal manera que sus temas continuar\u00edan gravitando en las tertulias nocturnas que se realizaban en el parque S\u00e1nchez, donde conflu\u00edan los j\u00f3venes Rafael Tamayo Ure\u00f1a, Miguelito Parra, Vicente Mart\u00ednez, Andr\u00e9s Alejandro Brito, Carlos \u2013El Erizo- Tamayo, Leo Gonz\u00e1lez, Iv\u00e1n Reyes Levy, Mart\u00edn Rodr\u00edguez (Papi Quicio), Heriberto D\u00edaz, Cucho D\u00edaz, Tom\u00e1s Mart\u00ednez, H\u00e9ctor Canahuate, Juan Danilo Collado, Ernestico Mart\u00ednez, Nelson L\u00f3pez, \u00d1o\u00f1a Mercado, Chito y Rafuche Guzm\u00e1n.<\/p>\n\n\n\n<p>Igualmente, Juan Tom\u00e1s D\u00edaz Polanco, Danny Henr\u00edquez, Bulilo y Tu\u00f1i Vargas Oliver, Jos\u00e9 Emilio, Lorenzo y Juan G\u00f3mez Mar\u00edn, S\u00f3crates Luciano, Gallego Tejada, Adalberto Mart\u00ednez, Danilo Cruz (El Japon\u00e9s), Fefo Severino, Aristalco Dorrejo, Carlitos Ca\u00f1\u00f3n, Pucito Cabrera, Cabito Tav\u00e1rez, Papi Reyes, Johnny Folch, Liberato P\u00e9rez (Comehielo), V\u00edctor Pitilla, Jos\u00e9 Jaso y Julio Col\u00f3n, Luis Tom\u00e1s Alc\u00e1ntara, Chiche Buche y Negro Vargas, Pasiro el \u00e1rabe, Jos\u00e9 Sapito, Calolo y Eddy Heinsen, Quique y M\u00e1ximo Cruz (El doctor), Taningo el de P\u00e9rez, entre otros.<\/p>\n\n\n\n<p>Los temas de discusi\u00f3n diaria giraban sobre el marxismo y el cuestionamiento a la existencia Dios, pero fueron perdieron fuerza por el resultado positivo de la Convivencia, pues los chicos prefer\u00edan hablar de otros asuntos y recrearse escuchando a No\u00f1a Mercado improvisar un chiste picante, o a Mamerto Cruz (el Japon\u00e9s) interrumpiendo la solemnidad de una tertulia para introducir con su voz insurrecta la vulgaridad de un cuento colorado que narraba en secuencia&nbsp; interminable, produciendo la risa delirante de los oyentes sentados en las banquetas del parque.<\/p>\n\n\n\n<p>Despu\u00e9s de la convivencia, los animados y risue\u00f1os j\u00f3venes asist\u00edan&nbsp; cada domingo a los actos religiosos oficiados en dos tandas por el reverendo padre Benito Taveras, quien comenzaba la primera misa a las seis de la ma\u00f1ana, a la que iban -como era la costumbre- los adultos de mayor edad y con ineludibles compromisos econ\u00f3micos. La segunda se iniciaba a las ocho y adquir\u00eda un fascinante atractivo cuando asomaba en el \u00e1rea la figura esbelta de Pelvis Portes Mart\u00ednez, quien llegaba regularmente minutos despu\u00e9s de iniciada la actividad religiosa, conduciendo un potro de paso fino y causando la envidia de los hombres y la callada admiraci\u00f3n de las mujeres que estaban all\u00ed avitualladas de sus mejores vestidos, como en una competencia de modelaje. Sobre todo, las chicas quincea\u00f1eras que exhib\u00edan los trajes actualizados confeccionados por la se\u00f1ora Evi de Cabrera, una comerciante espa\u00f1ola considerada la mejor dise\u00f1adora del pueblo.<\/p>\n\n\n\n<p>A los chicos -fuera y dentro del recinto religioso- les fascinaba el despliegue de energ\u00edas virginales que manifestaba una chiquilla llamada Angelita Tamayo Senci\u00f3n, quien era la hija del celoso juez de paz, Felito Tamayo Balaguer y de la se\u00f1ora Bernarda Senci\u00f3n, quien se mov\u00eda contorneando delicadamente su cuerpo y pisando en la acera como si fuese una princesa posando sus zapatillas en la alfombra roja de un cuento de hadas.<\/p>\n\n\n\n<p>Igualmente satisfac\u00eda la esplendorosa gracia de Dalia Henr\u00edquez Mar\u00edn, con su exquisita ternura y su trato amigable; los bellos ojos de su hermana Sara Isa Henr\u00edquez, convocando la inevitable mirada de los chicos, y la visi\u00f3n esplendente de la bell\u00edsima morena Juanita Nurse, o de las tiernas hermanas Irma e In\u00e9s G\u00f3mez, acompa\u00f1adas de su inseparable padre, don Tilo; o de las mellizas Doris Altagracia y Doris Mercedes Collado, la primera con sus ojos verdiazules compitiendo con la belleza del mar, y la segunda con su cimbreante cuerpo de quincea\u00f1era desbordando vitalidad.<\/p>\n\n\n\n<p>Terminada la misa las chicas regresaban a sus hogares, aunque algunas, con el permiso de sus padres, permanec\u00edan un tiempo m\u00e1s sentadas en las banquetas del parque, o recorriendo el per\u00edmetro para contactar enamorados y amigos; o en un simple y preconcebido acto de coqueteo que se disfrutaba al m\u00e1ximo escuchando la canci\u00f3n&nbsp; Ding dong del amor, de Leo Favio u otra balada rom\u00e1ntica en la voz de Raphael o de Sandro de Am\u00e9rica, saliendo de la vellonera del Josie Bar, que era encendida cuando conclu\u00eda el servicio religioso.<\/p>\n\n\n\n<p>Dalia y Sara Isa Henr\u00edquez volv\u00edan a su residencia de la calle Mella esquina Ezequiel Gallardo en un carro Fiat azul, propiedad de su padre, el hacendado Aquino Henr\u00edquez, cabeza principal de variados y pr\u00f3speros establecimientos comerciales, as\u00ed como de grandes fincas ganaderas que iban desde&nbsp; la secci\u00f3n Bajabonico Arriba hasta Palma Grande.<\/p>\n\n\n\n<p>Sebastian del pilar<\/p>\n\n\n\n<p>Sebastian del pilar ()<\/p>\n\n\n\n<p><a target=\"_blank\" href=\"mailto:sebastiandelpilar@gmail.com\" rel=\"noreferrer noopener\">sebastiandelpilar@gmail.com<\/a><\/p>\n\n\n\n<p><\/p>\n\n\n\n<p>#<strong>Padre Vinicio Disla<\/strong>\u2003\u2003\u2003<strong> #Monse\u00f1or Hugo Eduardo Polanco Brito<\/strong>\u2003#<strong>Convivencia<\/strong>\u2003\u2003\u2003<strong> #Imbert  <\/strong><\/p>\n","protected":false},"excerpt":{"rendered":"<p>El Padre Vinicio Disla acompa\u00f1ado de Di\u00e1cono. Monse\u00f1or Hugo Eduardo Polanco Brito. Por Sebasti\u00e1n Del Pilar S\u00e1nchez El pueblo de Imbert estuvo entre los primeros de Rep\u00fablica Dominicana en recibir durante tres d\u00edas consecutivos -en la primavera de 1967- los vientos de modernidad de la iglesia cat\u00f3lica, en una convivencia de j\u00f3venes que compartieron y [&hellip;]<\/p>\n","protected":false},"author":28,"featured_media":582819,"comment_status":"closed","ping_status":"closed","sticky":true,"template":"","format":"standard","meta":{"footnotes":""},"categories":[21,36,27],"tags":[],"class_list":["post-582818","post","type-post","status-publish","format-standard","has-post-thumbnail","hentry","category-cultura","category-hombresmujeresycosas","category-portada"],"_links":{"self":[{"href":"https:\/\/diariodominicano.com\/index.php?rest_route=\/wp\/v2\/posts\/582818","targetHints":{"allow":["GET"]}}],"collection":[{"href":"https:\/\/diariodominicano.com\/index.php?rest_route=\/wp\/v2\/posts"}],"about":[{"href":"https:\/\/diariodominicano.com\/index.php?rest_route=\/wp\/v2\/types\/post"}],"author":[{"embeddable":true,"href":"https:\/\/diariodominicano.com\/index.php?rest_route=\/wp\/v2\/users\/28"}],"replies":[{"embeddable":true,"href":"https:\/\/diariodominicano.com\/index.php?rest_route=%2Fwp%2Fv2%2Fcomments&post=582818"}],"version-history":[{"count":6,"href":"https:\/\/diariodominicano.com\/index.php?rest_route=\/wp\/v2\/posts\/582818\/revisions"}],"predecessor-version":[{"id":582843,"href":"https:\/\/diariodominicano.com\/index.php?rest_route=\/wp\/v2\/posts\/582818\/revisions\/582843"}],"wp:featuredmedia":[{"embeddable":true,"href":"https:\/\/diariodominicano.com\/index.php?rest_route=\/wp\/v2\/media\/582819"}],"wp:attachment":[{"href":"https:\/\/diariodominicano.com\/index.php?rest_route=%2Fwp%2Fv2%2Fmedia&parent=582818"}],"wp:term":[{"taxonomy":"category","embeddable":true,"href":"https:\/\/diariodominicano.com\/index.php?rest_route=%2Fwp%2Fv2%2Fcategories&post=582818"},{"taxonomy":"post_tag","embeddable":true,"href":"https:\/\/diariodominicano.com\/index.php?rest_route=%2Fwp%2Fv2%2Ftags&post=582818"}],"curies":[{"name":"wp","href":"https:\/\/api.w.org\/{rel}","templated":true}]}}