{"id":582796,"date":"2024-12-14T23:07:51","date_gmt":"2024-12-15T03:07:51","guid":{"rendered":"https:\/\/diariodominicano.com\/?p=582796"},"modified":"2024-12-14T23:07:53","modified_gmt":"2024-12-15T03:07:53","slug":"productor-garabatto-cerro-2024-por-todo-lo-alto-nominado-al-latin-grammy-y-con-buenas-noches-convertido-en-exito","status":"publish","type":"post","link":"https:\/\/diariodominicano.com\/?p=582796","title":{"rendered":"Productor Garabatto cerr\u00f3 2024 por todo lo alto, nominado al Latin Grammy y con \u201cBuenas Noches\u201d convertido en \u00e9xito"},"content":{"rendered":"\n<p>Desde sus primeros pasos en Valencia hasta los escenarios m\u00e1s grandes del mundo, contin\u00faa demostrando que es una de las figuras m\u00e1s influyentes en la m\u00fasica urbana y electr\u00f3nica actual.<\/p>\n\n\n\n<p>El productor, DJ y compositor espa\u00f1ol Garabatto, cuyo nombre real es Javier Falquet Moragues, celebr\u00f3 su m\u00e1s reciente producci\u00f3n junto al fen\u00f3meno musical Quevedo al ser nominado a los 25th Latin Grammy Awards en la categor\u00eda de Mejor Canci\u00f3n Urbana por su destacada colaboraci\u00f3n en \u201cColumbia\u201d. Este reconocimiento subraya la influencia de Garabatto en la escena musical y su habilidad para mezclar ritmos innovadores con sonidos vibrantes que conectan con audiencias globales.<\/p>\n\n\n\n<p>A la par de esta nominaci\u00f3n, Garabatto muestra su talento como productor con el lanzamiento del sencillo \u201cDuro\u201d, que forma parte del \u00e1lbum \u201cBuenas Noches\u201d, con la magistral interpretaci\u00f3n de Quevedo, un tema que encapsula la magia del momento presente con una energ\u00eda inigualable. El sencillo fue lanzado en un evento exclusivo en la Plaza de Santa Ana, en Las Palmas de Gran Canaria, donde Quevedo, acompa\u00f1ado de Garabatto y un equipo de talentos destacados, interpret\u00f3 \u00e9xitos.<\/p>\n\n\n\n<figure class=\"wp-block-image size-large\"><img loading=\"lazy\" decoding=\"async\" width=\"634\" height=\"1024\" src=\"https:\/\/diariodominicano.com\/wp-content\/uploads\/2024\/12\/Productor-Garabatto-cerro-2024-por-todo-lo-alto-nominado-al-Latin-Grammy-y-con-Buenas-Noches-634x1024.jpg\" alt=\"\" class=\"wp-image-582868\" srcset=\"https:\/\/diariodominicano.com\/wp-content\/uploads\/2024\/12\/Productor-Garabatto-cerro-2024-por-todo-lo-alto-nominado-al-Latin-Grammy-y-con-Buenas-Noches-634x1024.jpg 634w, https:\/\/diariodominicano.com\/wp-content\/uploads\/2024\/12\/Productor-Garabatto-cerro-2024-por-todo-lo-alto-nominado-al-Latin-Grammy-y-con-Buenas-Noches-186x300.jpg 186w, https:\/\/diariodominicano.com\/wp-content\/uploads\/2024\/12\/Productor-Garabatto-cerro-2024-por-todo-lo-alto-nominado-al-Latin-Grammy-y-con-Buenas-Noches-768x1240.jpg 768w, https:\/\/diariodominicano.com\/wp-content\/uploads\/2024\/12\/Productor-Garabatto-cerro-2024-por-todo-lo-alto-nominado-al-Latin-Grammy-y-con-Buenas-Noches-951x1536.jpg 951w, https:\/\/diariodominicano.com\/wp-content\/uploads\/2024\/12\/Productor-Garabatto-cerro-2024-por-todo-lo-alto-nominado-al-Latin-Grammy-y-con-Buenas-Noches-816x1318.jpg 816w, https:\/\/diariodominicano.com\/wp-content\/uploads\/2024\/12\/Productor-Garabatto-cerro-2024-por-todo-lo-alto-nominado-al-Latin-Grammy-y-con-Buenas-Noches.jpg 1168w\" sizes=\"auto, (max-width: 634px) 100vw, 634px\" \/><figcaption class=\"wp-element-caption\">Garabatto <\/figcaption><\/figure>\n\n\n\n<p>Originario de Valencia, Espa\u00f1a, Garabatto descubri\u00f3 su pasi\u00f3n por la m\u00fasica desde temprana edad, experimentando con instrumentos y creando DJ sets desde los ocho a\u00f1os. Su gran salto lleg\u00f3 con el \u00e9xito \u201c7 L\u00e1grimas\u201d, en colaboraci\u00f3n con Soge Culebra, marcando el inicio de una carrera llena de logros.<\/p>\n\n\n\n<p>Entre sus \u00e9xitos m\u00e1s destacados se encuentra ser el primer productor espa\u00f1ol en colaborar con Dua Lipa y su participaci\u00f3n en el \u00e1lbum debut de Quevedo, \u201cDQE\u201d, donde coprodujo \u00e9xitos como \u201cCu\u00e9ntale\u201d y \u201cDame\u201d. Este \u00e1lbum lider\u00f3 las listas globales de Spotify durante m\u00e1s de cuatro meses, consolidando a Garabatto como una figura clave en la m\u00fasica urbana y electr\u00f3nica.<\/p>\n\n\n\n<p>En 2017, Garabatto realiz\u00f3 una gira de m\u00e1s de 25 shows por Am\u00e9rica, junto a Deorro y Dirrty Audio, y desde entonces, ha brillado en festivales internacionales como Marquee Las Vegas, compartiendo escenario con estrellas como Alesso y Bizarrap, y en el Medusa Festival junto a David Guetta y Marshmello. Su m\u00fasica tambi\u00e9n ha trascendido al cine, con producciones destacadas como \u201cLo dejo cuando quiera\u201d, distribuida por Sony Pictures.<\/p>\n\n\n\n<p>Garabatto no solo deja huella como productor y DJ, sino tambi\u00e9n como l\u00edder de una nueva generaci\u00f3n de talentos, junto a su manager y socio Jandry, bajo el sello SUPRMODE, una agencia dedicada a impulsar el talento emergente en la producci\u00f3n y composici\u00f3n musical en Espa\u00f1a.<\/p>\n\n\n\n<p>Con su visi\u00f3n innovadora y una pasi\u00f3n incansable, Garabatto sigue rompiendo barreras en la industria musical. Su reciente trabajo en el \u00e1lbum \u201cBuenas Noches\u201d, de Quevedo, especialmente con el aclamado tema \u201cKassandra\u201d, reafirma su habilidad para fusionar g\u00e9neros y crear producciones memorables.<\/p>\n\n\n\n<p>REDES SOCIALES:<\/p>\n\n\n\n<figure class=\"wp-block-embed\"><div class=\"wp-block-embed__wrapper\">\nhttps:\/\/www.instagram.com\/garabatto\n<\/div><\/figure>\n\n\n\n<figure class=\"wp-block-embed is-type-rich is-provider-spotify wp-block-embed-spotify wp-embed-aspect-21-9 wp-has-aspect-ratio\"><div class=\"wp-block-embed__wrapper\">\n<iframe title=\"Spotify Embed: GARABATTO\" style=\"border-radius: 12px\" width=\"100%\" height=\"352\" frameborder=\"0\" allowfullscreen allow=\"autoplay; clipboard-write; encrypted-media; fullscreen; picture-in-picture\" loading=\"lazy\" src=\"https:\/\/open.spotify.com\/embed\/artist\/6JaOGIlSvYswVLPmGUheOO?si=4y1lFGOzQmy6w0-JXUalUw&amp;utm_source=oembed\"><\/iframe>\n<\/div><\/figure>\n\n\n\n<figure class=\"wp-block-embed\"><div class=\"wp-block-embed__wrapper\">\nhttps:\/\/youtube.com\/@garabatto?si=a1_T9KOHsMwEp-s6\n<\/div><\/figure>\n","protected":false},"excerpt":{"rendered":"<p>Desde sus primeros pasos en Valencia hasta los escenarios m\u00e1s grandes del mundo, contin\u00faa demostrando que es una de las figuras m\u00e1s influyentes en la m\u00fasica urbana y electr\u00f3nica actual. El productor, DJ y compositor espa\u00f1ol Garabatto, cuyo nombre real es Javier Falquet Moragues, celebr\u00f3 su m\u00e1s reciente producci\u00f3n junto al fen\u00f3meno musical Quevedo al [&hellip;]<\/p>\n","protected":false},"author":7,"featured_media":582867,"comment_status":"closed","ping_status":"closed","sticky":false,"template":"","format":"standard","meta":{"footnotes":""},"categories":[25],"tags":[],"class_list":["post-582796","post","type-post","status-publish","format-standard","has-post-thumbnail","hentry","category-gente"],"_links":{"self":[{"href":"https:\/\/diariodominicano.com\/index.php?rest_route=\/wp\/v2\/posts\/582796","targetHints":{"allow":["GET"]}}],"collection":[{"href":"https:\/\/diariodominicano.com\/index.php?rest_route=\/wp\/v2\/posts"}],"about":[{"href":"https:\/\/diariodominicano.com\/index.php?rest_route=\/wp\/v2\/types\/post"}],"author":[{"embeddable":true,"href":"https:\/\/diariodominicano.com\/index.php?rest_route=\/wp\/v2\/users\/7"}],"replies":[{"embeddable":true,"href":"https:\/\/diariodominicano.com\/index.php?rest_route=%2Fwp%2Fv2%2Fcomments&post=582796"}],"version-history":[{"count":1,"href":"https:\/\/diariodominicano.com\/index.php?rest_route=\/wp\/v2\/posts\/582796\/revisions"}],"predecessor-version":[{"id":582869,"href":"https:\/\/diariodominicano.com\/index.php?rest_route=\/wp\/v2\/posts\/582796\/revisions\/582869"}],"wp:featuredmedia":[{"embeddable":true,"href":"https:\/\/diariodominicano.com\/index.php?rest_route=\/wp\/v2\/media\/582867"}],"wp:attachment":[{"href":"https:\/\/diariodominicano.com\/index.php?rest_route=%2Fwp%2Fv2%2Fmedia&parent=582796"}],"wp:term":[{"taxonomy":"category","embeddable":true,"href":"https:\/\/diariodominicano.com\/index.php?rest_route=%2Fwp%2Fv2%2Fcategories&post=582796"},{"taxonomy":"post_tag","embeddable":true,"href":"https:\/\/diariodominicano.com\/index.php?rest_route=%2Fwp%2Fv2%2Ftags&post=582796"}],"curies":[{"name":"wp","href":"https:\/\/api.w.org\/{rel}","templated":true}]}}