{"id":582787,"date":"2024-12-14T14:37:24","date_gmt":"2024-12-14T18:37:24","guid":{"rendered":"https:\/\/diariodominicano.com\/?p=582787"},"modified":"2024-12-14T14:37:35","modified_gmt":"2024-12-14T18:37:35","slug":"piden-a-youtube-brasil-retirar-videos-mentirosos-sobre-salud-de-lula","status":"publish","type":"post","link":"https:\/\/diariodominicano.com\/?p=582787","title":{"rendered":"Piden a Youtube Brasil retirar videos mentirosos sobre salud de Lula"},"content":{"rendered":"\n<p>Brasilia, 14 dic (Prensa Latina) La Abogac\u00eda General de la Uni\u00f3n (AGU) pidi\u00f3 a la plataforma Youtube Brasil retirar del aire, en hasta 24 horas, videos con mentiras sobre la salud del presidente Luiz Inacio Lula da Silva, se conoci\u00f3 hoy.<\/p>\n\n\n\n<ul class=\"wp-block-list\">\n<li><a href=\"https:\/\/www.prensa-latina.cu\/2024\/12\/14\/\"><time>diciembre 14, 2024 | 07:33<\/time><\/a><\/li>\n<\/ul>\n\n\n\n<ul class=\"wp-block-list\">\n<li><a href=\"https:\/\/www.prensa-latina.cu\/2024\/12\/14\/piden-a-youtube-brasil-retirar-videos-mentirosos-sobre-salud-de-lula\/#\"><\/a><\/li>\n\n\n\n<li><a href=\"https:\/\/www.prensa-latina.cu\/2024\/12\/14\/piden-a-youtube-brasil-retirar-videos-mentirosos-sobre-salud-de-lula\/#\"><\/a><\/li>\n\n\n\n<li><a href=\"https:\/\/www.prensa-latina.cu\/2024\/12\/14\/piden-a-youtube-brasil-retirar-videos-mentirosos-sobre-salud-de-lula\/#\"><\/a><\/li>\n\n\n\n<li><a href=\"https:\/\/www.prensa-latina.cu\/2024\/12\/14\/piden-a-youtube-brasil-retirar-videos-mentirosos-sobre-salud-de-lula\/#\"><\/a><\/li>\n<\/ul>\n\n\n\n<p>Lula fue sometido a tres procedimientos m\u00e9dicos esta semana, para tratar una hemorragia intracraneal: una cirug\u00eda de emergencia el martes, una complementaci\u00f3n de la operaci\u00f3n y la retirada el jueves de un drenaje en la cabeza.<\/p>\n\n\n\n<p>Algunos contenidos citados por la AGU llegaron a sugerir el fallecimiento del mandatario.<\/p>\n\n\n\n<p>En respuesta al portal R7, Youtube Brasil inform\u00f3 que no har\u00e1 comentarios sobre la solicitud de la AGU que tambi\u00e9n pidi\u00f3 que, si no retiran los contenidos del aire, la empresa al menos indique la informaci\u00f3n verdadera en las publicaciones, tambi\u00e9n en 24 horas.<\/p>\n\n\n\n<p>La abogac\u00eda calific\u00f3 las publicaciones de desinformaci\u00f3n y \u00abexponen manifestaci\u00f3n sobre hechos que no concuerdan con la realidad, cuyo prop\u00f3sito es el de enga\u00f1ar al p\u00fablico sobre la verdadera condici\u00f3n de salud del presidente de la Rep\u00fablica\u201d.<\/p>\n\n\n\n<p>Adem\u00e1s de enga\u00f1osas y fraudulentas, las publicaciones se configuran como un acto ilegal, ya que violan el derecho a la informaci\u00f3n y traspasan los l\u00edmites de la libertad de expresi\u00f3n, caracteriz\u00e1ndose como un evidente abuso de derecho, argument\u00f3 el organismo.<\/p>\n\n\n\n<p>Tambi\u00e9n el organismo defiende \u00abinformaci\u00f3n fiable, consistente, clara y precisa\u00bb para garantizar la protecci\u00f3n de la \u00abintegridad de la informaci\u00f3n\u00bb en el \u00abecosistema digital\u00bb.<\/p>\n\n\n\n<p>Adem\u00e1s, la AGU destaca que las publicaciones violan los t\u00e9rminos de uso de Youtube Brasil.<\/p>\n\n\n\n<p>Al final de la tarde del lunes, Lula sinti\u00f3 dolor de cabeza e indisposici\u00f3n e ingres\u00f3 en un hospital privado en Brasilia.<\/p>\n\n\n\n<p>Tras ex\u00e1menes de im\u00e1genes, se constat\u00f3 la necesidad de intervenci\u00f3n quir\u00fargica y el gobernante fue transferido al hospital Sirio-Liban\u00e9s de Sao Paulo.<\/p>\n\n\n\n<p>La sangre acumulada fue drenada el martes y el jueves el procedimiento complement\u00f3 el tratamiento.<\/p>\n\n\n\n<p>Este viernes, el l\u00edder progresista sali\u00f3 de la Unidad de Cuidados Intensivos y comenz\u00f3 a recibir otras atenciones cl\u00ednicas.<\/p>\n\n\n\n<p>Seg\u00fan el equipo que supervisa al presidente indic\u00f3 que sigue \u00abl\u00facido y orientado\u00bb.<\/p>\n\n\n\n<p>Durante la atenci\u00f3n semi-intensiva, se monitorean la presi\u00f3n, los latidos del coraz\u00f3n y la respiraci\u00f3n.<\/p>\n\n\n\n<p>Lula public\u00f3 un video en redes sociales caminando por los pasillos del hospital.<\/p>\n\n\n\n<p>En la leyenda, agradeci\u00f3 el apoyo recibido en los \u00faltimos d\u00edas y afirm\u00f3 que est\u00e1 \u00ablisto para seguir\u00bb y pronto volver\u00e1 a casa.<\/p>\n\n\n\n<p>mem\/ocs<\/p>\n\n\n\n<ul class=\"wp-block-list\">\n<li>#<a href=\"https:\/\/www.prensa-latina.cu\/etiqueta\/brasil\/\">brasil<\/a>\u00a0#<a href=\"https:\/\/www.prensa-latina.cu\/etiqueta\/lula\/\">lula<\/a>\u00a0#<a href=\"https:\/\/www.prensa-latina.cu\/etiqueta\/mentiras\/\">mentiras<\/a>\u00a0#<a href=\"https:\/\/www.prensa-latina.cu\/etiqueta\/reitirar\/\">reitirar<\/a>\u00a0#<a href=\"https:\/\/www.prensa-latina.cu\/etiqueta\/salud\/\">salud<\/a>\u00a0#<a href=\"https:\/\/www.prensa-latina.cu\/etiqueta\/videos\/\">videos<\/a>\u00a0#<a href=\"https:\/\/www.prensa-latina.cu\/etiqueta\/youtube\/\">youtube<\/a><\/li>\n<\/ul>\n","protected":false},"excerpt":{"rendered":"<p>Brasilia, 14 dic (Prensa Latina) La Abogac\u00eda General de la Uni\u00f3n (AGU) pidi\u00f3 a la plataforma Youtube Brasil retirar del aire, en hasta 24 horas, videos con mentiras sobre la salud del presidente Luiz Inacio Lula da Silva, se conoci\u00f3 hoy. Lula fue sometido a tres procedimientos m\u00e9dicos esta semana, para tratar una hemorragia intracraneal: [&hellip;]<\/p>\n","protected":false},"author":28,"featured_media":582788,"comment_status":"closed","ping_status":"closed","sticky":true,"template":"","format":"standard","meta":{"footnotes":""},"categories":[36,23,27],"tags":[],"class_list":["post-582787","post","type-post","status-publish","format-standard","has-post-thumbnail","hentry","category-hombresmujeresycosas","category-internacional","category-portada"],"_links":{"self":[{"href":"https:\/\/diariodominicano.com\/index.php?rest_route=\/wp\/v2\/posts\/582787","targetHints":{"allow":["GET"]}}],"collection":[{"href":"https:\/\/diariodominicano.com\/index.php?rest_route=\/wp\/v2\/posts"}],"about":[{"href":"https:\/\/diariodominicano.com\/index.php?rest_route=\/wp\/v2\/types\/post"}],"author":[{"embeddable":true,"href":"https:\/\/diariodominicano.com\/index.php?rest_route=\/wp\/v2\/users\/28"}],"replies":[{"embeddable":true,"href":"https:\/\/diariodominicano.com\/index.php?rest_route=%2Fwp%2Fv2%2Fcomments&post=582787"}],"version-history":[{"count":1,"href":"https:\/\/diariodominicano.com\/index.php?rest_route=\/wp\/v2\/posts\/582787\/revisions"}],"predecessor-version":[{"id":582789,"href":"https:\/\/diariodominicano.com\/index.php?rest_route=\/wp\/v2\/posts\/582787\/revisions\/582789"}],"wp:featuredmedia":[{"embeddable":true,"href":"https:\/\/diariodominicano.com\/index.php?rest_route=\/wp\/v2\/media\/582788"}],"wp:attachment":[{"href":"https:\/\/diariodominicano.com\/index.php?rest_route=%2Fwp%2Fv2%2Fmedia&parent=582787"}],"wp:term":[{"taxonomy":"category","embeddable":true,"href":"https:\/\/diariodominicano.com\/index.php?rest_route=%2Fwp%2Fv2%2Fcategories&post=582787"},{"taxonomy":"post_tag","embeddable":true,"href":"https:\/\/diariodominicano.com\/index.php?rest_route=%2Fwp%2Fv2%2Ftags&post=582787"}],"curies":[{"name":"wp","href":"https:\/\/api.w.org\/{rel}","templated":true}]}}