{"id":582781,"date":"2024-12-14T14:32:10","date_gmt":"2024-12-14T18:32:10","guid":{"rendered":"https:\/\/diariodominicano.com\/?p=582781"},"modified":"2024-12-14T14:32:16","modified_gmt":"2024-12-14T18:32:16","slug":"presidente-de-venezuela-considera-al-alba-tcp-nucleo-de-dignidad","status":"publish","type":"post","link":"https:\/\/diariodominicano.com\/?p=582781","title":{"rendered":"Presidente de Venezuela considera al ALBA-TCP n\u00facleo de dignidad"},"content":{"rendered":"\n<p>Caracas, 14 dic (Prensa Latina) El presidente de Venezuela, Nicol\u00e1s Maduro, consider\u00f3 hoy al ALBA-TCP como n\u00facleo vital de la independencia, dignidad y soberan\u00eda de la Patria Grande.<\/p>\n\n\n\n<ul class=\"wp-block-list\">\n<li><a href=\"https:\/\/www.prensa-latina.cu\/2024\/12\/14\/\"><time>diciembre 14, 2024 | 07:33<\/time><\/a><\/li>\n<\/ul>\n\n\n\n<ul class=\"wp-block-list\">\n<li><a href=\"https:\/\/www.prensa-latina.cu\/2024\/12\/14\/presidente-de-venezuela-considera-al-alba-tcp-nucleo-de-dignidad\/#\"><\/a><\/li>\n\n\n\n<li><a href=\"https:\/\/www.prensa-latina.cu\/2024\/12\/14\/presidente-de-venezuela-considera-al-alba-tcp-nucleo-de-dignidad\/#\"><\/a><\/li>\n\n\n\n<li><a href=\"https:\/\/www.prensa-latina.cu\/2024\/12\/14\/presidente-de-venezuela-considera-al-alba-tcp-nucleo-de-dignidad\/#\"><\/a><\/li>\n\n\n\n<li><a href=\"https:\/\/www.prensa-latina.cu\/2024\/12\/14\/presidente-de-venezuela-considera-al-alba-tcp-nucleo-de-dignidad\/#\"><\/a><\/li>\n<\/ul>\n\n\n\n<p>\u201cDesde el coraz\u00f3n de la Caracas Rebelde, Antiimperialista y Bolivariana, celebramos los 20 a\u00f1os de la fundaci\u00f3n de la Alianza Bolivariana para los Pueblos de Nuestra Am\u00e9rica-Tratado de Comercio de los Pueblos (ALBA- TCP), escribi\u00f3 el mandatario en su cuenta de Telegram.<\/p>\n\n\n\n<p>Maduro afirm\u00f3 que solo dos visionarios como los comandantes Hugo Ch\u00e1vez y Fidel Castro lograron unir sus capacidades y dar el paso audaz, lleno de convicciones y moral, para decirle a Am\u00e9rica Latina y el Caribe: \u201chay que marchar, construir y enlazar juntos, todas las fuerzas de un continente heroico que ha librado tantas gestas durante siglos, por su liberaci\u00f3n definitiva\u201d.<\/p>\n\n\n\n<p>Hoy reconocemos, signific\u00f3, la capacidad de innovaci\u00f3n y creaci\u00f3n que ha tenido el ALBA-TCP para cabalgar las distintas coyunturas, y estar en el centro de la verdad por el derecho de los pueblos al desarrollo, la democracia, y la construcci\u00f3n de cada modelo que elijan.<\/p>\n\n\n\n<p>El jefe de Estado asever\u00f3 que junto a los gobiernos y pueblos de Am\u00e9rica Latina y el Caribe, \u201creafirmamos que la idea de uni\u00f3n de los Libertadores y las Libertadoras, late y vive en nuestro esfuerzo y nuestras luchas\u201d.<\/p>\n\n\n\n<p>Este s\u00e1bado el Centro de Convenciones Parque Sim\u00f3n Bol\u00edvar, La Carlota, en Caracas, acoger\u00e1 la XXIV Cumbre de Jefes de Estado y de Gobierno para conmemorar las dos d\u00e9cadas de la fundaci\u00f3n del bloque de integraci\u00f3n latinoamericano y caribe\u00f1o.<\/p>\n\n\n\n<p>En esta cita cimera participar\u00e1n los 10 pa\u00edses miembros de la Alianza Bolivariana y asistir\u00e1n como invitados especiales representantes de Honduras y Palestina.<\/p>\n\n\n\n<p>El mecanismo de integraci\u00f3n est\u00e1 constituido por Venezuela, Cuba, Bolivia, Nicaragua, Dominica, Antigua y Barbuda, San Vicente y las Granadinas, San Crist\u00f3bal y Nieves, Granada y Santa Luc\u00eda, y tiene como invitados especiales a Siria, Hait\u00ed y Surinam.<\/p>\n\n\n\n<p>mem\/jcd<\/p>\n\n\n\n<ul class=\"wp-block-list\">\n<li>#<a href=\"https:\/\/www.prensa-latina.cu\/etiqueta\/albatcp\/\">albatcp<\/a>\u00a0#<a href=\"https:\/\/www.prensa-latina.cu\/etiqueta\/venezuela\/\">Venezuela<\/a>\u00a0#<a href=\"https:\/\/www.prensa-latina.cu\/etiqueta\/xxivcumbre\/\">XXIVCumbre<\/a><\/li>\n<\/ul>\n","protected":false},"excerpt":{"rendered":"<p>Caracas, 14 dic (Prensa Latina) El presidente de Venezuela, Nicol\u00e1s Maduro, consider\u00f3 hoy al ALBA-TCP como n\u00facleo vital de la independencia, dignidad y soberan\u00eda de la Patria Grande. \u201cDesde el coraz\u00f3n de la Caracas Rebelde, Antiimperialista y Bolivariana, celebramos los 20 a\u00f1os de la fundaci\u00f3n de la Alianza Bolivariana para los Pueblos de Nuestra Am\u00e9rica-Tratado [&hellip;]<\/p>\n","protected":false},"author":28,"featured_media":582782,"comment_status":"closed","ping_status":"closed","sticky":true,"template":"","format":"standard","meta":{"footnotes":""},"categories":[36,23],"tags":[],"class_list":["post-582781","post","type-post","status-publish","format-standard","has-post-thumbnail","hentry","category-hombresmujeresycosas","category-internacional"],"_links":{"self":[{"href":"https:\/\/diariodominicano.com\/index.php?rest_route=\/wp\/v2\/posts\/582781","targetHints":{"allow":["GET"]}}],"collection":[{"href":"https:\/\/diariodominicano.com\/index.php?rest_route=\/wp\/v2\/posts"}],"about":[{"href":"https:\/\/diariodominicano.com\/index.php?rest_route=\/wp\/v2\/types\/post"}],"author":[{"embeddable":true,"href":"https:\/\/diariodominicano.com\/index.php?rest_route=\/wp\/v2\/users\/28"}],"replies":[{"embeddable":true,"href":"https:\/\/diariodominicano.com\/index.php?rest_route=%2Fwp%2Fv2%2Fcomments&post=582781"}],"version-history":[{"count":1,"href":"https:\/\/diariodominicano.com\/index.php?rest_route=\/wp\/v2\/posts\/582781\/revisions"}],"predecessor-version":[{"id":582783,"href":"https:\/\/diariodominicano.com\/index.php?rest_route=\/wp\/v2\/posts\/582781\/revisions\/582783"}],"wp:featuredmedia":[{"embeddable":true,"href":"https:\/\/diariodominicano.com\/index.php?rest_route=\/wp\/v2\/media\/582782"}],"wp:attachment":[{"href":"https:\/\/diariodominicano.com\/index.php?rest_route=%2Fwp%2Fv2%2Fmedia&parent=582781"}],"wp:term":[{"taxonomy":"category","embeddable":true,"href":"https:\/\/diariodominicano.com\/index.php?rest_route=%2Fwp%2Fv2%2Fcategories&post=582781"},{"taxonomy":"post_tag","embeddable":true,"href":"https:\/\/diariodominicano.com\/index.php?rest_route=%2Fwp%2Fv2%2Ftags&post=582781"}],"curies":[{"name":"wp","href":"https:\/\/api.w.org\/{rel}","templated":true}]}}